{"id":16041,"date":"2025-02-24T10:22:37","date_gmt":"2025-02-24T14:22:37","guid":{"rendered":"https:\/\/noticiasveraces.com\/?p=16041"},"modified":"2025-02-24T10:22:37","modified_gmt":"2025-02-24T14:22:37","slug":"ucrania-rusia-war-3er-aniversario-lideres-de-la-ue-inquietos-por-las-conversaciones-de-rusia-de-los-estados-unidos","status":"publish","type":"post","link":"https:\/\/noticiasveraces.com\/?p=16041","title":{"rendered":"Ucrania-Rusia War 3er aniversario: l\u00edderes de la UE inquietos por las conversaciones de Rusia de los Estados Unidos"},"content":{"rendered":"<p> \n<\/p>\n<div>\n<p class=\"speakable\">En el tercer aniversario de la invasi\u00f3n rusa de Ucrania, los l\u00edderes europeos muestran apoyo a Kiev, al tiempo que expresan inquietud sobre el estado actual del conflicto con la administraci\u00f3n del presidente Donald Trump en la mesa de negociaciones. <\/p>\n<p class=\"speakable\">El ganador de las elecciones de Alemania el domingo, el l\u00edder conservador Friedrich Merz, ha sido un firme patrocinador de Ucrania.<\/p>\n<p>\u00abM\u00e1s que nunca, debemos poner a Ucrania en una posici\u00f3n de fuerza\u00bb, Merz, cuya victoria fue celebrada por Trump, public\u00f3 en X el lunes. \u00abPara una paz justa, el pa\u00eds que est\u00e1 bajo ataque debe ser parte de las negociaciones de paz\u00bb.<\/p>\n<p>El presidente ucraniano, Volodymyr Zelenskyy, y algunos l\u00edderes europeos estuvieron de acuerdo con que Kyiv se quedara fuera de las conversaciones entre los diplom\u00e1ticos estadounidenses y rusos en Arabia Saudita la semana pasada se dirigieron a terminar la guerra. <\/p>\n<p><strong>Ucrania ingresa al cuarto a\u00f1o de guerra con Rusia: \u00abM\u00e1s cerca del principio que nosotros hasta el final\u00bb<\/strong><\/p>\n<div class=\"image-ct inline\">\n<div class=\"m\"><picture><source media=\"(max-width: 767px)\" srcset=\"https:\/\/a57.foxnews.com\/static.foxnews.com\/foxnews.com\/content\/uploads\/2025\/02\/343\/192\/ap25055380723655.jpg?ve=1&amp;tl=1, https:\/\/a57.foxnews.com\/static.foxnews.com\/foxnews.com\/content\/uploads\/2025\/02\/686\/384\/ap25055380723655.jpg?ve=1&amp;tl=1 2x\" height=\"192\" width=\"343\"><source media=\"(min-width: 768px) and (max-width: 1023px)\" srcset=\"https:\/\/a57.foxnews.com\/static.foxnews.com\/foxnews.com\/content\/uploads\/2025\/02\/672\/378\/ap25055380723655.jpg?ve=1&amp;tl=1, https:\/\/a57.foxnews.com\/static.foxnews.com\/foxnews.com\/content\/uploads\/2025\/02\/1344\/756\/ap25055380723655.jpg?ve=1&amp;tl=1 2x\" height=\"378\" width=\"672\"><source media=\"(min-width: 1024px) and (max-width: 1279px)\" srcset=\"https:\/\/a57.foxnews.com\/static.foxnews.com\/foxnews.com\/content\/uploads\/2025\/02\/931\/523\/ap25055380723655.jpg?ve=1&amp;tl=1, https:\/\/a57.foxnews.com\/static.foxnews.com\/foxnews.com\/content\/uploads\/2025\/02\/1862\/1046\/ap25055380723655.jpg?ve=1&amp;tl=1 2x\" height=\"523\" width=\"931\"><source media=\"(min-width: 1280px)\" srcset=\"https:\/\/a57.foxnews.com\/static.foxnews.com\/foxnews.com\/content\/uploads\/2025\/02\/720\/405\/ap25055380723655.jpg?ve=1&amp;tl=1, https:\/\/a57.foxnews.com\/static.foxnews.com\/foxnews.com\/content\/uploads\/2025\/02\/1440\/810\/ap25055380723655.jpg?ve=1&amp;tl=1 2x\" height=\"405\" width=\"720\"><img loading=\"lazy\" decoding=\"async\" src=\"https:\/\/a57.foxnews.com\/static.foxnews.com\/foxnews.com\/content\/uploads\/2025\/02\/1200\/675\/ap25055380723655.jpg?ve=1&amp;tl=1\" alt=\"Merz sosteniendo flores en la sede del partido despu\u00e9s de la victoria de las elecciones\" width=\"1200\" height=\"675\"\/><\/source><\/source><\/source><\/source><\/picture><\/div>\n<div class=\"info\">\n<div class=\"caption\">\n<p><span>Friedrich Merz, izquierda, l\u00edder de la Uni\u00f3n Democr\u00e1tica Cristiana (CDU), se encuentra junto al secretario general Carsten Linnemann, a la derecha, despu\u00e9s de recibir flores en la sede de la CDU, en Berl\u00edn, Alemania, el lunes 24 de febrero de 2025. <\/span> <span>(AP Photo\/Martin Meissner)<\/span><\/p>\n<\/div>\n<\/div>\n<\/div>\n<p>Una docena de l\u00edderes de Europa y Canad\u00e1 estaban en la capital de Ucrania el lunes para conmemorar tres a\u00f1os desde que las tropas rusas invadieron el 24 de febrero de 2022.<\/p>\n<p>El presidente de la Comisi\u00f3n Europea, Ursula von der Leyen, y el primer ministro canadiense, Justin Trudeau, se encontraban entre los visitantes programados para asistir a eventos de aniversario y discutir el apoyo a Ucrania con Zelenskyy.<\/p>\n<p>El presidente alem\u00e1n, Frank-Walter Steinmeier, principalmente el jefe de estado ceremonial, dijo \u00abla paz y la libertad en Europa nos exigen que nos apoyamos resueltamente\u00bb.<\/p>\n<p>\u00abAlemania est\u00e1 firmemente junto a Ucrania, con ayuda humanitaria, con protecci\u00f3n para los refugiados, con apoyo militar\u00bb, dijo Steinmeier en el mensaje de video, de las cuales se emitieron en la televisi\u00f3n ucraniana. \u00abY no nos relajamos mientras dure esta guerra ilegal\u00bb. Seg\u00fan los informes, Steinmeier planeaba unirse a una cumbre de video que Zelenskyy estaba celebrando el lunes con l\u00edderes de naciones de apoyo.<\/p>\n<p>El aniversario se produce en medio de tensiones p\u00fablicas crecientes entre Trump y Zelenskyy. <\/p>\n<p>\u00abAmo a Ucrania, pero Zelenskyy ha hecho un trabajo terrible\u00bb, dijo Trump el domingo. <\/p>\n<p>Trump tambi\u00e9n llam\u00f3 al l\u00edder ucraniano \u00abun dictador sin elecciones\u00bb, luego de la acusaci\u00f3n de Zelenskyy de que Trump vive en un \u00abespacio de desinformaci\u00f3n\u00bb hecho en ruso. En una entrevista con The Daily Mail, el vicepresidente JD Vance advirti\u00f3 que \u00abla idea de que Zelenskyy cambiar\u00e1 la mente del presidente al maldita sea en los medios p\u00fablicos, todos los que conocen el presidente le dir\u00e1n que es una forma atroz de lidiar con esto. administraci\u00f3n.\u00bb <\/p>\n<p>El ex asesor de seguridad nacional de Trump, John Bolton, caracteriz\u00f3 los comentarios de Trump como \u00abvergonzoso\u00bb, mientras que el ex vicepresidente Mike Pence conden\u00f3 al presidente por sugerir que Ucrania tuvo la culpa en la guerra. Mientras tanto, Zelenskyy mencion\u00f3 hablar el domingo con el aliado de Trump, la senadora Lindsey Graham, Rs.C. <\/p>\n<p>Trump recibi\u00f3 una llamada telef\u00f3nica con el presidente ruso Vladimir Putin, y luego Zelenskyy despu\u00e9s, la semana pasada. El enviado de Ucrania de Trump, Keith Kellogg, lleg\u00f3 a Kyiv el mi\u00e9rcoles pasado para reunirse con Zelenskyy.<\/p>\n<div class=\"image-ct inline\">\n<div class=\"m\"><picture><source media=\"(max-width: 767px)\" srcset=\"https:\/\/a57.foxnews.com\/static.foxnews.com\/foxnews.com\/content\/uploads\/2025\/02\/343\/192\/ap25055242370473.jpg?ve=1&amp;tl=1, https:\/\/a57.foxnews.com\/static.foxnews.com\/foxnews.com\/content\/uploads\/2025\/02\/686\/384\/ap25055242370473.jpg?ve=1&amp;tl=1 2x\" height=\"192\" width=\"343\"><source media=\"(min-width: 768px) and (max-width: 1023px)\" srcset=\"https:\/\/a57.foxnews.com\/static.foxnews.com\/foxnews.com\/content\/uploads\/2025\/02\/672\/378\/ap25055242370473.jpg?ve=1&amp;tl=1, https:\/\/a57.foxnews.com\/static.foxnews.com\/foxnews.com\/content\/uploads\/2025\/02\/1344\/756\/ap25055242370473.jpg?ve=1&amp;tl=1 2x\" height=\"378\" width=\"672\"><source media=\"(min-width: 1024px) and (max-width: 1279px)\" srcset=\"https:\/\/a57.foxnews.com\/static.foxnews.com\/foxnews.com\/content\/uploads\/2025\/02\/931\/523\/ap25055242370473.jpg?ve=1&amp;tl=1, https:\/\/a57.foxnews.com\/static.foxnews.com\/foxnews.com\/content\/uploads\/2025\/02\/1862\/1046\/ap25055242370473.jpg?ve=1&amp;tl=1 2x\" height=\"523\" width=\"931\"><source media=\"(min-width: 1280px)\" srcset=\"https:\/\/a57.foxnews.com\/static.foxnews.com\/foxnews.com\/content\/uploads\/2025\/02\/720\/405\/ap25055242370473.jpg?ve=1&amp;tl=1, https:\/\/a57.foxnews.com\/static.foxnews.com\/foxnews.com\/content\/uploads\/2025\/02\/1440\/810\/ap25055242370473.jpg?ve=1&amp;tl=1 2x\" height=\"405\" width=\"720\"><img loading=\"lazy\" decoding=\"async\" src=\"https:\/\/a57.foxnews.com\/static.foxnews.com\/foxnews.com\/content\/uploads\/2025\/02\/1200\/675\/ap25055242370473.jpg?ve=1&amp;tl=1\" alt=\"Primer Ministro sueco en la estaci\u00f3n de tren de Kyiv\" width=\"1200\" height=\"675\"\/><\/source><\/source><\/source><\/source><\/picture><\/div>\n<div class=\"info\">\n<div class=\"caption\">\n<p><span>El primer ministro de Suecia, Ulf Kristersson, Centro, llega a una estaci\u00f3n de tren en el tercer aniversario de la invasi\u00f3n rusa de Ucrania, Kiev, Ucrania, lunes 24 de febrero de 2025. <\/span> <span>(AP Photo\/Efrem Lukatsky)<\/span><\/p>\n<\/div>\n<\/div>\n<\/div>\n<p>El principal diplom\u00e1tico de la Uni\u00f3n Europea insisti\u00f3 el lunes en que Estados Unidos no puede sellar ning\u00fan acuerdo de paz para poner fin a la guerra con Putin sin que Ucrania o Europa est\u00e9n involucradas.<\/p>\n<p>El jefe de pol\u00edtica exterior de la UE, Kaja Kallas, tambi\u00e9n destac\u00f3 lo que ella afirm\u00f3 que eran posiciones pro-rusas asumidas por la administraci\u00f3n Trump.<\/p>\n<p>\u00abPuede discutir lo que quiera con Putin. Pero si se trata de Europa o Ucrania, Ucrania y Europa tambi\u00e9n tienen que aceptar este acuerdo\u00bb, dijo Kallas a periodistas en Bruselas, donde preside una reuni\u00f3n de ministros extranjeros de la UE.<\/p>\n<p>Kallas viaja a Washington el martes para hablar con el secretario de Estado de los Estados Unidos Marco Rubio. En t\u00e9rminos del mensaje de EE. UU., Dijo que estaba \u00abclaro que la narrativa rusa est\u00e1 all\u00ed muy representada\u00bb.<\/p>\n<p>El primer ministro holand\u00e9s, Dick Schoof, dijo el lunes que las \u00faltimas \u00absemanas turbulentas\u00bb en torno al impulso para poner fin a la guerra hab\u00edan llevado a las naciones europeas \u00abcara a cara con la historia\u00bb.<\/p>\n<p>\u00abHoy marca el comienzo del cuarto a\u00f1o de la terrible guerra. Esperemos que tambi\u00e9n marca el comienzo del fin\u00bb, dijo.<\/p>\n<p><strong><u>Trump suena en los insultos de Zelenskyy mientras los Estados Unidos trabajan para negociar el acuerdo de paz de Ucrania con Rusia: &#8216;Lo he tenido&#8217;<\/u><\/strong><\/p>\n<p>El presidente finland\u00e9s, Alexander Stubb, dijo que Europa necesita \u00abdejar en claro a los rusos y a los dem\u00e1s que hay algunas cosas que est\u00e1n completamente fuera de la mesa en estas negociaciones\u00bb. <\/p>\n<p>\u00abUna es la membres\u00eda de la UE. No es Rusia quien decide sobre la membres\u00eda de la UE, es la Uni\u00f3n Europea quien hace eso. Dos es la OTAN. No es Rusia la que decide la membres\u00eda de la OTAN. Es la alianza misma\u00bb, declar\u00f3.<\/p>\n<p>\u00abVeremos una Ucrania europea. Veremos eventualmente Ucrania en la OTAN\u00bb, dijo Stubb. \u00abHemos visto una Uni\u00f3n Europea unificada y esperamos una alianza transatl\u00e1ntica m\u00e1s fuerte a largo plazo. Y en un d\u00eda como este, creo que es hora de allanar el camino para un plan para la victoria ucraniana\u00bb. <\/p>\n<p>El enviado especial de Trump al Medio Oriente, Steve Witkoff, sugiri\u00f3 especialmente el domingo que Rusia fue \u00abprovocada\u00bb antes de la invasi\u00f3n de Ucrania al aumentar las conversaciones de que Kiev se uni\u00f3 a la OTAN. <\/p>\n<p>El presidente checo, Petr Pavel, dijo a trav\u00e9s de Remote Link que no tiene dudas de que el objetivo final de esta agresi\u00f3n siempre ha sido limpiar Ucrania tal como lo conocemos fuera del mapa \u00ab.<\/p>\n<div class=\"image-ct inline\">\n<div class=\"m\"><picture><source media=\"(max-width: 767px)\" srcset=\"https:\/\/a57.foxnews.com\/static.foxnews.com\/foxnews.com\/content\/uploads\/2025\/02\/343\/192\/ap25055283234214.jpg?ve=1&amp;tl=1, https:\/\/a57.foxnews.com\/static.foxnews.com\/foxnews.com\/content\/uploads\/2025\/02\/686\/384\/ap25055283234214.jpg?ve=1&amp;tl=1 2x\" height=\"192\" width=\"343\"><source media=\"(min-width: 768px) and (max-width: 1023px)\" srcset=\"https:\/\/a57.foxnews.com\/static.foxnews.com\/foxnews.com\/content\/uploads\/2025\/02\/672\/378\/ap25055283234214.jpg?ve=1&amp;tl=1, https:\/\/a57.foxnews.com\/static.foxnews.com\/foxnews.com\/content\/uploads\/2025\/02\/1344\/756\/ap25055283234214.jpg?ve=1&amp;tl=1 2x\" height=\"378\" width=\"672\"><source media=\"(min-width: 1024px) and (max-width: 1279px)\" srcset=\"https:\/\/a57.foxnews.com\/static.foxnews.com\/foxnews.com\/content\/uploads\/2025\/02\/931\/523\/ap25055283234214.jpg?ve=1&amp;tl=1, https:\/\/a57.foxnews.com\/static.foxnews.com\/foxnews.com\/content\/uploads\/2025\/02\/1862\/1046\/ap25055283234214.jpg?ve=1&amp;tl=1 2x\" height=\"523\" width=\"931\"><source media=\"(min-width: 1280px)\" srcset=\"https:\/\/a57.foxnews.com\/static.foxnews.com\/foxnews.com\/content\/uploads\/2025\/02\/720\/405\/ap25055283234214.jpg?ve=1&amp;tl=1, https:\/\/a57.foxnews.com\/static.foxnews.com\/foxnews.com\/content\/uploads\/2025\/02\/1440\/810\/ap25055283234214.jpg?ve=1&amp;tl=1 2x\" height=\"405\" width=\"720\"><img loading=\"lazy\" decoding=\"async\" src=\"https:\/\/a57.foxnews.com\/static.foxnews.com\/foxnews.com\/content\/uploads\/2025\/02\/1200\/675\/ap25055283234214.jpg?ve=1&amp;tl=1\" alt=\"El ministro de Dinamarca llega a Kyiv\" width=\"1200\" height=\"675\"\/><\/source><\/source><\/source><\/source><\/picture><\/div>\n<div class=\"info\">\n<div class=\"caption\">\n<p><span>El Ministro de Defensa de Dinamarca, Lund Poulsen, llega a Kiev en el tercer aniversario de la invasi\u00f3n de Ucrania de Rusia, el lunes 24 de febrero de 2025. <\/span> <span>(Bo amstrup\/ritzau scanpix\/ritzau scanpix a trav\u00e9s de AP)<\/span><\/p>\n<\/div>\n<\/div>\n<\/div>\n<p>\u00abSin embargo, la resistencia del pueblo ucraniano ha demostrado ser inquebrantable\u00bb, dijo Pavel a la reuni\u00f3n de l\u00edderes europeos en Kiev. \u00abSe merece no solo nuestra admiraci\u00f3n, sino tambi\u00e9n nuestro respeto completo. Todos queremos sinceramente la paz en Ucrania y por su gente, sino no una paz a ninguna costo\u00bb.<\/p>\n<p>El portavoz de Putin, Dmitry Peskov, dijo que Rusia no ve ninguna forma de reanudar el \u00abdi\u00e1logo con Europa\u00bb despu\u00e9s de que la Uni\u00f3n Europea adopt\u00f3 su 16\u00aa ronda de sanciones contra Rusia en el tercer aniversario de la invasi\u00f3n. <\/p>\n<p>Las medidas incluyen dirigirse a la llamada \u00abflota de sombras\u00bb de barcos de Rusia que explota a las restricciones de eludir al transporte de petr\u00f3leo y gas, o para transportar grano ucraniano robado. La UE dijo que se agregaron 74 buques a su lista. <\/p>\n<p>El jefe de pol\u00edtica exterior de la UE, Kaja Kallas, dijo que las nuevas sanciones tambi\u00e9n se dirigen a \u00abaquellos que apoyan el funcionamiento de los petroleros inseguros, los controladores de videojuegos utilizados para pilotar drones, los bancos sol\u00edan eludir nuestras sanciones y las salidas de propaganda utilizadas para lanzar mentiras\u00bb. Se impusieron congelaciones de activos y prohibiciones de viaje a 83 funcionarios y entidades. Se han golpeado m\u00e1s de 2.300 funcionarios y entidades desde que comenz\u00f3 la invasi\u00f3n, Putin. <\/p>\n<p>Al agregar nuevas sanciones, las naciones europeas parecen estar convencidas de que la guerra deber\u00eda continuar, dijo Peskov.<\/p>\n<p>Esto contrasta con la b\u00fasqueda de formas de resolver \u00abel conflicto alrededor de Ucrania, que es lo que estamos haciendo actualmente con los estadounidenses\u00bb, dijo Peskov.<\/p>\n<p>Hablando sobre la relaci\u00f3n cambiante de Rusia con los Estados Unidos, Peskov dio la bienvenida a \u00ablos intentos de Washington de comprender realmente cu\u00e1l fue la causa principal de este conflicto\u00bb.<\/p>\n<p><strong><u>Haga clic aqu\u00ed para obtener la aplicaci\u00f3n Fox News<\/u><\/strong><\/p>\n<p>Mientras tanto, se espera que la Asamblea General de la ONU vote el lunes sobre las resoluciones de duelo: la propuesta respaldada por Europa de Ucrania exige una retirada inmediata de las fuerzas rusas del pa\u00eds y un llamado a los Estados Unidos para un final r\u00e1pido de la guerra que nunca menciona la agresi\u00f3n de Mosc\u00fa, la asociada Press informado.<\/p>\n<p><i>Associated Press contribuy\u00f3 a este informe.<\/i><\/p>\n<p> <!----> <\/p>\n<div class=\"article-meta\">\n<div class=\"author-bio\">\n<p>Danielle Wallace es reportera de noticias y pol\u00edticas en Fox News Digital. Los consejos de la historia se pueden enviar a danielle.wallace@fox.com y en X: @danimwallace. <\/p>\n<\/div>\n<\/div>\n<\/div>\n\n","protected":false},"excerpt":{"rendered":"<p>En el tercer aniversario de la invasi\u00f3n rusa de Ucrania, los l\u00edderes europeos muestran apoyo a Kiev, al tiempo que expresan inquietud sobre el estado actual del conflicto con la administraci\u00f3n del presidente Donald Trump en la mesa de negociaciones. El ganador de las elecciones de Alemania el domingo, el l\u00edder conservador Friedrich Merz, ha &hellip;<\/p>\n","protected":false},"author":1,"featured_media":16043,"comment_status":"open","ping_status":"open","sticky":false,"template":"","format":"standard","meta":{"fifu_image_url":"https:\/\/static.foxnews.com\/foxnews.com\/content\/uploads\/2025\/02\/ap25055380723655.jpg","fifu_image_alt":"","footnotes":""},"categories":[13],"tags":[],"class_list":["post-16041","post","type-post","status-publish","format-standard","has-post-thumbnail","","category-mundo"],"_links":{"self":[{"href":"https:\/\/noticiasveraces.com\/index.php?rest_route=\/wp\/v2\/posts\/16041","targetHints":{"allow":["GET"]}}],"collection":[{"href":"https:\/\/noticiasveraces.com\/index.php?rest_route=\/wp\/v2\/posts"}],"about":[{"href":"https:\/\/noticiasveraces.com\/index.php?rest_route=\/wp\/v2\/types\/post"}],"author":[{"embeddable":true,"href":"https:\/\/noticiasveraces.com\/index.php?rest_route=\/wp\/v2\/users\/1"}],"replies":[{"embeddable":true,"href":"https:\/\/noticiasveraces.com\/index.php?rest_route=%2Fwp%2Fv2%2Fcomments&post=16041"}],"version-history":[{"count":0,"href":"https:\/\/noticiasveraces.com\/index.php?rest_route=\/wp\/v2\/posts\/16041\/revisions"}],"wp:featuredmedia":[{"embeddable":true,"href":"https:\/\/noticiasveraces.com\/index.php?rest_route=\/wp\/v2\/media\/16043"}],"wp:attachment":[{"href":"https:\/\/noticiasveraces.com\/index.php?rest_route=%2Fwp%2Fv2%2Fmedia&parent=16041"}],"wp:term":[{"taxonomy":"category","embeddable":true,"href":"https:\/\/noticiasveraces.com\/index.php?rest_route=%2Fwp%2Fv2%2Fcategories&post=16041"},{"taxonomy":"post_tag","embeddable":true,"href":"https:\/\/noticiasveraces.com\/index.php?rest_route=%2Fwp%2Fv2%2Ftags&post=16041"}],"curies":[{"name":"wp","href":"https:\/\/api.w.org\/{rel}","templated":true}]}}