{"id":16030,"date":"2025-02-24T07:15:12","date_gmt":"2025-02-24T11:15:12","guid":{"rendered":"https:\/\/noticiasveraces.com\/?p=16030"},"modified":"2025-02-24T07:15:12","modified_gmt":"2025-02-24T11:15:12","slug":"papa-francis-que-descansa-el-dia-10-en-el-hospital-por-infeccion-pulmonar-que-condujo-a-las-primeras-etapas-de-insuficiencia-renal","status":"publish","type":"post","link":"https:\/\/noticiasveraces.com\/?p=16030","title":{"rendered":"Papa Francis que descansa el d\u00eda 10 en el hospital por infecci\u00f3n pulmonar que condujo a las primeras etapas de insuficiencia renal"},"content":{"rendered":"<p> \n<\/p>\n<div>\n<p class=\"speakable\">El Papa Francisco, de 88 a\u00f1os, descansaba el lunes por la ma\u00f1ana, su d\u00e9cimo d\u00eda en el Hospital Gemelli de Roma para una compleja infecci\u00f3n pulmonar que condujo a las primeras etapas de insuficiencia renal, seg\u00fan el Vaticano.<\/p>\n<p class=\"speakable\">\u00abLa noche pas\u00f3 bien, el Papa dorm\u00eda y descansa\u00bb, dijo el Vaticano en un comunicado.<\/p>\n<p>No est\u00e1 claro si estaba despierto y desayunando.<\/p>\n<p>Francis fue ingresado en el hospital el 14 de febrero despu\u00e9s de una semana de bronquitis empeor\u00f3. Los m\u00e9dicos primero diagnosticaron la compleja infecci\u00f3n del tracto respiratorio viral, bacteriano y f\u00fangico y, posteriormente, el inicio de neumon\u00eda en ambos pulmones.<\/p>\n<p><strong>El Papa Francisco comparte un mensaje escrito mientras contin\u00faa la hospitalizaci\u00f3n<\/strong><\/p>\n<div class=\"image-ct inline\">\n<div class=\"m\"><picture><source media=\"(max-width: 767px)\" srcset=\"https:\/\/a57.foxnews.com\/static.foxnews.com\/foxnews.com\/content\/uploads\/2025\/02\/343\/192\/pope-francis-world-leaders-celebrities_25.jpg?ve=1&amp;tl=1, https:\/\/a57.foxnews.com\/static.foxnews.com\/foxnews.com\/content\/uploads\/2025\/02\/686\/384\/pope-francis-world-leaders-celebrities_25.jpg?ve=1&amp;tl=1 2x\" height=\"192\" width=\"343\"><source media=\"(min-width: 768px) and (max-width: 1023px)\" srcset=\"https:\/\/a57.foxnews.com\/static.foxnews.com\/foxnews.com\/content\/uploads\/2025\/02\/672\/378\/pope-francis-world-leaders-celebrities_25.jpg?ve=1&amp;tl=1, https:\/\/a57.foxnews.com\/static.foxnews.com\/foxnews.com\/content\/uploads\/2025\/02\/1344\/756\/pope-francis-world-leaders-celebrities_25.jpg?ve=1&amp;tl=1 2x\" height=\"378\" width=\"672\"><source media=\"(min-width: 1024px) and (max-width: 1279px)\" srcset=\"https:\/\/a57.foxnews.com\/static.foxnews.com\/foxnews.com\/content\/uploads\/2025\/02\/931\/523\/pope-francis-world-leaders-celebrities_25.jpg?ve=1&amp;tl=1, https:\/\/a57.foxnews.com\/static.foxnews.com\/foxnews.com\/content\/uploads\/2025\/02\/1862\/1046\/pope-francis-world-leaders-celebrities_25.jpg?ve=1&amp;tl=1 2x\" height=\"523\" width=\"931\"><source media=\"(min-width: 1280px)\" srcset=\"https:\/\/a57.foxnews.com\/static.foxnews.com\/foxnews.com\/content\/uploads\/2025\/02\/720\/405\/pope-francis-world-leaders-celebrities_25.jpg?ve=1&amp;tl=1, https:\/\/a57.foxnews.com\/static.foxnews.com\/foxnews.com\/content\/uploads\/2025\/02\/1440\/810\/pope-francis-world-leaders-celebrities_25.jpg?ve=1&amp;tl=1 2x\" height=\"405\" width=\"720\"><img loading=\"lazy\" decoding=\"async\" src=\"https:\/\/a57.foxnews.com\/static.foxnews.com\/foxnews.com\/content\/uploads\/2025\/02\/1200\/675\/pope-francis-world-leaders-celebrities_25.jpg?ve=1&amp;tl=1\" alt=\"El Papa Francisco saluda a los fieles\" width=\"1200\" height=\"675\"\/><\/source><\/source><\/source><\/source><\/picture><\/div>\n<div class=\"info\">\n<div class=\"caption\">\n<p><span>El Papa Francisco saluda a los fieles durante la audiencia general semanal en el Pablo VI Hall el 10 de enero de 2024, en la ciudad del Vaticano, Vaticano. <\/span> <span>(Medios del Vaticano a trav\u00e9s de Vatican Pool\/Getty Images)<\/span><\/p>\n<\/div>\n<\/div>\n<\/div>\n<p>El domingo por la noche, los m\u00e9dicos dijeron que los an\u00e1lisis de sangre revelaron \u00abinsuficiencia renal temprana y leve\u00bb, pero que permaneci\u00f3 bajo control. Los m\u00e9dicos dijeron que Francis permaneci\u00f3 en estado cr\u00edtico pero que no hab\u00edan experimentado ninguna crisis respiratoria m\u00e1s desde el s\u00e1bado por la noche.<\/p>\n<p>Francis, que se quit\u00f3 una parte de un pulm\u00f3n cuando era m\u00e1s joven, recib\u00eda altos flujos de ox\u00edgeno suplementario y recibi\u00f3 dos transfusiones de sangre el domingo para aumentar los niveles de hemoglobina. Los m\u00e9dicos dijeron que su pron\u00f3stico estaba vigilado.<\/p>\n<p>El Papa estaba alerta y respondi\u00f3 el domingo y asisti\u00f3 a la misa.<\/p>\n<p>La condici\u00f3n de Francis es t\u00e1ctil, dada su edad, fragilidad y enfermedad pulmonar preexistente, dijeron los m\u00e9dicos. La principal amenaza para Francis, advirti\u00f3 los m\u00e9dicos, es la sepsis, una infecci\u00f3n grave de la sangre que puede surgir como una complicaci\u00f3n de la neumon\u00eda.<\/p>\n<div class=\"image-ct inline\">\n<div class=\"m\"><picture><source media=\"(max-width: 767px)\" srcset=\"https:\/\/a57.foxnews.com\/static.foxnews.com\/foxnews.com\/content\/uploads\/2022\/06\/343\/192\/pope-francis-aide.jpg?ve=1&amp;tl=1, https:\/\/a57.foxnews.com\/static.foxnews.com\/foxnews.com\/content\/uploads\/2022\/06\/686\/384\/pope-francis-aide.jpg?ve=1&amp;tl=1 2x\" height=\"192\" width=\"343\"><source media=\"(min-width: 768px) and (max-width: 1023px)\" srcset=\"https:\/\/a57.foxnews.com\/static.foxnews.com\/foxnews.com\/content\/uploads\/2022\/06\/672\/378\/pope-francis-aide.jpg?ve=1&amp;tl=1, https:\/\/a57.foxnews.com\/static.foxnews.com\/foxnews.com\/content\/uploads\/2022\/06\/1344\/756\/pope-francis-aide.jpg?ve=1&amp;tl=1 2x\" height=\"378\" width=\"672\"><source media=\"(min-width: 1024px) and (max-width: 1279px)\" srcset=\"https:\/\/a57.foxnews.com\/static.foxnews.com\/foxnews.com\/content\/uploads\/2022\/06\/931\/523\/pope-francis-aide.jpg?ve=1&amp;tl=1, https:\/\/a57.foxnews.com\/static.foxnews.com\/foxnews.com\/content\/uploads\/2022\/06\/1862\/1046\/pope-francis-aide.jpg?ve=1&amp;tl=1 2x\" height=\"523\" width=\"931\"><source media=\"(min-width: 1280px)\" srcset=\"https:\/\/a57.foxnews.com\/static.foxnews.com\/foxnews.com\/content\/uploads\/2022\/06\/720\/405\/pope-francis-aide.jpg?ve=1&amp;tl=1, https:\/\/a57.foxnews.com\/static.foxnews.com\/foxnews.com\/content\/uploads\/2022\/06\/1440\/810\/pope-francis-aide.jpg?ve=1&amp;tl=1 2x\" height=\"405\" width=\"720\"><img loading=\"lazy\" decoding=\"async\" src=\"https:\/\/a57.foxnews.com\/static.foxnews.com\/foxnews.com\/content\/uploads\/2022\/06\/1200\/675\/pope-francis-aide.jpg?ve=1&amp;tl=1\" alt=\"Papa Francisco Ciudad del Vaticano Iglesia Cat\u00f3lica Romana\" width=\"1200\" height=\"675\"\/><\/source><\/source><\/source><\/source><\/picture><\/div>\n<div class=\"info\">\n<div class=\"caption\">\n<p><span>El Papa Francisco es ayudado por su asistente Monse\u00f1or Leonardo Sapienza, a la izquierda, mientras camina con un bast\u00f3n a su audiencia general semanal en la Plaza de San Pedro en el Vaticano el 1 de junio de 2022.<\/span> <span>(Photo AP\/Gregorio Borgia, archivo)<\/span><\/p>\n<\/div>\n<\/div>\n<\/div>\n<p>No ha habido indicios de ninguna aparici\u00f3n de sepsis a partir del lunes por la ma\u00f1ana.<\/p>\n<p>El lunes es el d\u00e9cimo d\u00eda de Francis en el hospital, coincidiendo con la hospitalizaci\u00f3n m\u00e1s larga de su papado. Pas\u00f3 10 d\u00edas en el Hospital Gemelli en 2021 despu\u00e9s de que le quitaron 13 pulgadas de colon.<\/p>\n<p>El cardenal Timothy Dolan dijo el domingo en Nueva York que los fieles cat\u00f3licos se unieron \u00abal lado de un padre moribundo\u00bb, un reconocimiento del corto tiempo de Francis que dej\u00f3 que los l\u00edderes de la iglesia en Roma no han dicho p\u00fablicamente.<\/p>\n<p><strong><u>El Papa Francisco de descanso pac\u00edfico en el hospital despu\u00e9s de la crisis respiratoria, dice el Vaticano<\/u><\/strong><\/p>\n<div class=\"image-ct inline\">\n<div class=\"m\"><picture><source media=\"(max-width: 767px)\" srcset=\"https:\/\/a57.foxnews.com\/static.foxnews.com\/foxnews.com\/content\/uploads\/2023\/03\/343\/192\/GettyImages-1247932494-e1678542101567.jpg?ve=1&amp;tl=1, https:\/\/a57.foxnews.com\/static.foxnews.com\/foxnews.com\/content\/uploads\/2023\/03\/686\/384\/GettyImages-1247932494-e1678542101567.jpg?ve=1&amp;tl=1 2x\" height=\"192\" width=\"343\"><source media=\"(min-width: 768px) and (max-width: 1023px)\" srcset=\"https:\/\/a57.foxnews.com\/static.foxnews.com\/foxnews.com\/content\/uploads\/2023\/03\/672\/378\/GettyImages-1247932494-e1678542101567.jpg?ve=1&amp;tl=1, https:\/\/a57.foxnews.com\/static.foxnews.com\/foxnews.com\/content\/uploads\/2023\/03\/1344\/756\/GettyImages-1247932494-e1678542101567.jpg?ve=1&amp;tl=1 2x\" height=\"378\" width=\"672\"><source media=\"(min-width: 1024px) and (max-width: 1279px)\" srcset=\"https:\/\/a57.foxnews.com\/static.foxnews.com\/foxnews.com\/content\/uploads\/2023\/03\/931\/523\/GettyImages-1247932494-e1678542101567.jpg?ve=1&amp;tl=1, https:\/\/a57.foxnews.com\/static.foxnews.com\/foxnews.com\/content\/uploads\/2023\/03\/1862\/1046\/GettyImages-1247932494-e1678542101567.jpg?ve=1&amp;tl=1 2x\" height=\"523\" width=\"931\"><source media=\"(min-width: 1280px)\" srcset=\"https:\/\/a57.foxnews.com\/static.foxnews.com\/foxnews.com\/content\/uploads\/2023\/03\/720\/405\/GettyImages-1247932494-e1678542101567.jpg?ve=1&amp;tl=1, https:\/\/a57.foxnews.com\/static.foxnews.com\/foxnews.com\/content\/uploads\/2023\/03\/1440\/810\/GettyImages-1247932494-e1678542101567.jpg?ve=1&amp;tl=1 2x\" height=\"405\" width=\"720\"><img loading=\"lazy\" decoding=\"async\" src=\"https:\/\/a57.foxnews.com\/static.foxnews.com\/foxnews.com\/content\/uploads\/2023\/03\/1200\/675\/GettyImages-1247932494-e1678542101567.jpg?ve=1&amp;tl=1\" alt=\"El Papa Francisco se ve en la ciudad del Vaticano\" width=\"1200\" height=\"675\"\/><\/source><\/source><\/source><\/source><\/picture><\/div>\n<div class=\"info\">\n<div class=\"caption\">\n<p><span>El Papa Francisco lidera su tradicional audiencia general del mi\u00e9rcoles en la Plaza de San Pedro en la ciudad del Vaticano, el 8 de marzo de 2023. <\/span> <span>(Stefano Costantino\/SOPA Images\/LighTrocket a trav\u00e9s de Getty Images)<\/span><\/p>\n<\/div>\n<\/div>\n<\/div>\n<p><strong><u>Haga clic aqu\u00ed para obtener la aplicaci\u00f3n Fox News<\/u><\/strong><\/p>\n<p>\u00abComo nuestro Santo Padre, el Papa Francisco tiene una salud muy, muy fr\u00e1gil, y probablemente cerca de la muerte\u00bb, dijo Dolan en su homil\u00eda desde el p\u00falpito de la Catedral de San Patricio.<\/p>\n<p>M\u00e1s tarde, Dolan les dijo a los periodistas que esperaba y rez\u00f3 que Francis \u00abse recuperara\u00bb.<\/p>\n<p><i>Associated Press contribuy\u00f3 a este informe.<\/i><\/p>\n<p> <!----> <\/div>\n\n","protected":false},"excerpt":{"rendered":"<p>El Papa Francisco, de 88 a\u00f1os, descansaba el lunes por la ma\u00f1ana, su d\u00e9cimo d\u00eda en el Hospital Gemelli de Roma para una compleja infecci\u00f3n pulmonar que condujo a las primeras etapas de insuficiencia renal, seg\u00fan el Vaticano. \u00abLa noche pas\u00f3 bien, el Papa dorm\u00eda y descansa\u00bb, dijo el Vaticano en un comunicado. No est\u00e1 &hellip;<\/p>\n","protected":false},"author":1,"featured_media":16032,"comment_status":"open","ping_status":"open","sticky":false,"template":"","format":"standard","meta":{"fifu_image_url":"https:\/\/static.foxnews.com\/foxnews.com\/content\/uploads\/2025\/02\/pope-francis-world-leaders-celebrities_25.jpg","fifu_image_alt":"","footnotes":""},"categories":[13],"tags":[],"class_list":["post-16030","post","type-post","status-publish","format-standard","has-post-thumbnail","","category-mundo"],"_links":{"self":[{"href":"https:\/\/noticiasveraces.com\/index.php?rest_route=\/wp\/v2\/posts\/16030","targetHints":{"allow":["GET"]}}],"collection":[{"href":"https:\/\/noticiasveraces.com\/index.php?rest_route=\/wp\/v2\/posts"}],"about":[{"href":"https:\/\/noticiasveraces.com\/index.php?rest_route=\/wp\/v2\/types\/post"}],"author":[{"embeddable":true,"href":"https:\/\/noticiasveraces.com\/index.php?rest_route=\/wp\/v2\/users\/1"}],"replies":[{"embeddable":true,"href":"https:\/\/noticiasveraces.com\/index.php?rest_route=%2Fwp%2Fv2%2Fcomments&post=16030"}],"version-history":[{"count":0,"href":"https:\/\/noticiasveraces.com\/index.php?rest_route=\/wp\/v2\/posts\/16030\/revisions"}],"wp:featuredmedia":[{"embeddable":true,"href":"https:\/\/noticiasveraces.com\/index.php?rest_route=\/wp\/v2\/media\/16032"}],"wp:attachment":[{"href":"https:\/\/noticiasveraces.com\/index.php?rest_route=%2Fwp%2Fv2%2Fmedia&parent=16030"}],"wp:term":[{"taxonomy":"category","embeddable":true,"href":"https:\/\/noticiasveraces.com\/index.php?rest_route=%2Fwp%2Fv2%2Fcategories&post=16030"},{"taxonomy":"post_tag","embeddable":true,"href":"https:\/\/noticiasveraces.com\/index.php?rest_route=%2Fwp%2Fv2%2Ftags&post=16030"}],"curies":[{"name":"wp","href":"https:\/\/api.w.org\/{rel}","templated":true}]}}