{"id":16027,"date":"2025-02-24T06:13:51","date_gmt":"2025-02-24T10:13:51","guid":{"rendered":"https:\/\/noticiasveraces.com\/?p=16027"},"modified":"2025-02-24T06:13:51","modified_gmt":"2025-02-24T10:13:51","slug":"los-expertos-no-advierten-fin-a-la-vista-cuando-ucrania-ingresa-a-un-cuarto-ano-de-guerra","status":"publish","type":"post","link":"https:\/\/noticiasveraces.com\/?p=16027","title":{"rendered":"Los expertos no advierten fin a la vista cuando Ucrania ingresa a un cuarto a\u00f1o de guerra"},"content":{"rendered":"<p> \n<\/p>\n<div>\n<p class=\"speakable\">\u00abEstamos mucho m\u00e1s cerca del principio que el final\u00bb, dijo el ex jefe de la estaci\u00f3n de CIA Mosc\u00fa, Dan Hoffman, cuando Ucrania ingres\u00f3 un cuarto a\u00f1o de guerra el lunes. <\/p>\n<p class=\"speakable\">Desde el 5 de noviembre de 2024, la reelecci\u00f3n del presidente Donald Trump, el mundo occidental se ha estado luchando por comprender lo que depara el futuro para la guerra de Rusia en Ucrania, ya que Washington busca restablecer los lazos con Mosc\u00fa en un movimiento para poner fin al conflicto y asegurar un acuerdo de paz.<\/p>\n<p>En el lapso de una semana, Trump realiz\u00f3 una llamada con el presidente ruso Vladimir Putin; El secretario de Estado Marco Rubio se reuni\u00f3 con su hom\u00f3logo ruso Sergey Lavrov; El teniente general retirado Keith Kellogg, enviado especial para Ucrania y Rusia, se reuni\u00f3 con el presidente ucraniano Zelenskyy, y el secretario de defensa Pete Hegseth provoc\u00f3 un debate internacional al pronunciar que Ucrania se le permitir\u00eda unirse a la OTAN.<\/p>\n<div class=\"image-ct inline\">\n<div class=\"m\"><picture><source media=\"(max-width: 767px)\" srcset=\"https:\/\/a57.foxnews.com\/static.foxnews.com\/foxnews.com\/content\/uploads\/2025\/02\/343\/192\/zelenskyss-vance.jpg?ve=1&amp;tl=1, https:\/\/a57.foxnews.com\/static.foxnews.com\/foxnews.com\/content\/uploads\/2025\/02\/686\/384\/zelenskyss-vance.jpg?ve=1&amp;tl=1 2x\" height=\"192\" width=\"343\"><source media=\"(min-width: 768px) and (max-width: 1023px)\" srcset=\"https:\/\/a57.foxnews.com\/static.foxnews.com\/foxnews.com\/content\/uploads\/2025\/02\/672\/378\/zelenskyss-vance.jpg?ve=1&amp;tl=1, https:\/\/a57.foxnews.com\/static.foxnews.com\/foxnews.com\/content\/uploads\/2025\/02\/1344\/756\/zelenskyss-vance.jpg?ve=1&amp;tl=1 2x\" height=\"378\" width=\"672\"><source media=\"(min-width: 1024px) and (max-width: 1279px)\" srcset=\"https:\/\/a57.foxnews.com\/static.foxnews.com\/foxnews.com\/content\/uploads\/2025\/02\/931\/523\/zelenskyss-vance.jpg?ve=1&amp;tl=1, https:\/\/a57.foxnews.com\/static.foxnews.com\/foxnews.com\/content\/uploads\/2025\/02\/1862\/1046\/zelenskyss-vance.jpg?ve=1&amp;tl=1 2x\" height=\"523\" width=\"931\"><source media=\"(min-width: 1280px)\" srcset=\"https:\/\/a57.foxnews.com\/static.foxnews.com\/foxnews.com\/content\/uploads\/2025\/02\/720\/405\/zelenskyss-vance.jpg?ve=1&amp;tl=1, https:\/\/a57.foxnews.com\/static.foxnews.com\/foxnews.com\/content\/uploads\/2025\/02\/1440\/810\/zelenskyss-vance.jpg?ve=1&amp;tl=1 2x\" height=\"405\" width=\"720\"><img loading=\"lazy\" decoding=\"async\" src=\"https:\/\/a57.foxnews.com\/static.foxnews.com\/foxnews.com\/content\/uploads\/2025\/02\/1200\/675\/zelenskyss-vance.jpg?ve=1&amp;tl=1\" alt=\"Zelenskyy y su equipo se re\u00fanen con el vicepresidente Vance en la Conferencia de Seguridad de Munich\" width=\"1200\" height=\"675\"\/><\/source><\/source><\/source><\/source><\/picture><\/div>\n<div class=\"info\">\n<div class=\"caption\">\n<p><span>El vicepresidente JD Vance, el secretario de Estado Marco Rubio y el presidente ucraniano Volodymyr Zelensky se re\u00fanen al margen de la Conferencia de Seguridad de Munich en Alemania el 14 de febrero de 2025.<\/span> <span>(Tobias Schwarz\/AFP a trav\u00e9s de Getty Images)<\/span><\/p>\n<\/div>\n<\/div>\n<\/div>\n<p><strong>Trump enviado para Rusia y Ucrania llama a Zelenskyy un \u00abl\u00edder valiente\u00bb despu\u00e9s de que Trump cruelva la figura extranjera<\/strong><\/p>\n<p>Pero lejos de aportar una sensaci\u00f3n de optimismo de que el fin de la guerra brutal en Ucrania podr\u00eda estar en el horizonte, las preguntas estallaron en todo el mundo a medida que la atm\u00f3sfera geopol\u00edtica descendi\u00f3 a un estado de confusi\u00f3n.<\/p>\n<p>\u00ab\u00bfC\u00f3mo se ver\u00eda un alto el fuego? No tengo idea\u00bb, dijo Hoffman, destacando los numerosos y casi indeterminables factores que dar\u00e1n forma a que Mosc\u00fa y Kyiv acepten los t\u00e9rminos bajo un acuerdo.<\/p>\n<p>\u00abEst\u00e1 haciendo que los rusos se detengan. Esa es la clave\u00bb, explic\u00f3. \u00abLos rusos est\u00e1n intrigados por la idea de que podr\u00edan hacer un gran trato con esta administraci\u00f3n y eliminar las sanciones que est\u00e1n causando tanto da\u00f1o. <\/p>\n<p>\u00abPero lo que cuelga sobre esto es Vladimir Putin: es un tipo de KGB. Odia a Donald Trump tanto como odia a Hillary Clinton y Joe Biden, y cada uno de nosotros, porque Estados Unidos es el enemigo principal\u00bb, explic\u00f3 Hoffman. \u00abVa a tratar de obtener mucho. <\/p>\n<p>\u00abPutin tratar\u00e1 de enmarcar las negociaciones como si Rusia se enfrente a los Estados Unidos, querr\u00e1 que parezca que Rusia nos super\u00f3, para mejorar su propia imagen y el Kremlin&#8217;s [to] Lanza peso contra nosotros a nivel mundial, incluso en el Medio Oriente y \u00c1frica \u00ab, explic\u00f3 Hoffman. <\/p>\n<div class=\"image-ct inline\">\n<div class=\"m\"><picture><source media=\"(max-width: 767px)\" srcset=\"https:\/\/a57.foxnews.com\/static.foxnews.com\/foxnews.com\/content\/uploads\/2025\/02\/343\/192\/putin.png?ve=1&amp;tl=1, https:\/\/a57.foxnews.com\/static.foxnews.com\/foxnews.com\/content\/uploads\/2025\/02\/686\/384\/putin.png?ve=1&amp;tl=1 2x\" height=\"192\" width=\"343\"><source media=\"(min-width: 768px) and (max-width: 1023px)\" srcset=\"https:\/\/a57.foxnews.com\/static.foxnews.com\/foxnews.com\/content\/uploads\/2025\/02\/672\/378\/putin.png?ve=1&amp;tl=1, https:\/\/a57.foxnews.com\/static.foxnews.com\/foxnews.com\/content\/uploads\/2025\/02\/1344\/756\/putin.png?ve=1&amp;tl=1 2x\" height=\"378\" width=\"672\"><source media=\"(min-width: 1024px) and (max-width: 1279px)\" srcset=\"https:\/\/a57.foxnews.com\/static.foxnews.com\/foxnews.com\/content\/uploads\/2025\/02\/931\/523\/putin.png?ve=1&amp;tl=1, https:\/\/a57.foxnews.com\/static.foxnews.com\/foxnews.com\/content\/uploads\/2025\/02\/1862\/1046\/putin.png?ve=1&amp;tl=1 2x\" height=\"523\" width=\"931\"><source media=\"(min-width: 1280px)\" srcset=\"https:\/\/a57.foxnews.com\/static.foxnews.com\/foxnews.com\/content\/uploads\/2025\/02\/720\/405\/putin.png?ve=1&amp;tl=1, https:\/\/a57.foxnews.com\/static.foxnews.com\/foxnews.com\/content\/uploads\/2025\/02\/1440\/810\/putin.png?ve=1&amp;tl=1 2x\" height=\"405\" width=\"720\"><img loading=\"lazy\" decoding=\"async\" src=\"https:\/\/a57.foxnews.com\/static.foxnews.com\/foxnews.com\/content\/uploads\/2025\/02\/1200\/675\/putin.png?ve=1&amp;tl=1\" alt=\"Vladimir Putin\" width=\"1200\" height=\"675\"\/><\/source><\/source><\/source><\/source><\/picture><\/div>\n<div class=\"info\">\n<div class=\"caption\">\n<p><span>El presidente ruso, Vladimir Putin, preside una reuni\u00f3n a trav\u00e9s de un enlace de video en el Kremlin en Mosc\u00fa, el 18 de septiembre de 2023.<\/span> <span>(Sputnik\/Mikhail Metzel\/Pool)<\/span><\/p>\n<\/div>\n<\/div>\n<\/div>\n<p><strong>Trump suena en los insultos de Zelenskyy mientras los Estados Unidos trabajan para negociar el acuerdo de paz de Ucrania con Rusia: &#8216;Lo he tenido&#8217;<\/strong><\/p>\n<p>Algunos de los factores m\u00e1s importantes que estar\u00e1n involucrados en la negociaci\u00f3n de un alto el fuego ser\u00e1n garant\u00edas de seguridad para Ucrania, incluso si Rusia tiene derecho a influir en qui\u00e9n se puede permitir en la alianza. <\/p>\n<p>\u00abLa membres\u00eda de la OTAN de Ucrania no deber\u00eda ser una t\u00e1ctica de negociaci\u00f3n, porque no queremos que Rusia tenga, ya sabes, el poder de veto de facto sobre qui\u00e9n se une a la OTAN\u00bb, Catherine Sendak, directora de defensa y seguridad transatl\u00e1ntica con el Centro de An\u00e1lisis de Pol\u00edticas Europeas (CEPA), dijo durante una discusi\u00f3n sobre Ucrania el jueves. <\/p>\n<p>Algunas naciones como Gran Breta\u00f1a y Francia han dicho que pueden estar dispuestas a enviar tropas para servir como una fuerza disuasadora si se acuerda un alto el fuego, aunque los funcionarios rusos ya han dicho que las fuerzas de la OTAN en Ucrania ser\u00edan inaceptables para Mosc\u00fa.<\/p>\n<p>Aunque incluso con las fuerzas europeas en Ucrania, no est\u00e1 claro en qu\u00e9 capacidad como fuerza de disuasi\u00f3n a la que servir\u00edan.<\/p>\n<p>Preguntas sobre si las fuerzas europeas ayudar\u00edan a la polic\u00eda de las fronteras ucranianas compartidas con Rusia o simplemente act\u00faan como apoyo a\u00e9reo y naval para Kiev.  <\/p>\n<p>Los expertos involucrados en la discusi\u00f3n de CEPA fueron un\u00e1nimes en su acuerdo de que los Estados Unidos deber\u00edan estar involucrados, aunque la administraci\u00f3n Trump ya ha sugerido que la posibilidad de que Estados Unidos env\u00ede tropas a Ucrania no sea una opci\u00f3n, sino que puede buscar eliminar Las fuerzas estadounidenses actualmente posicionadas alrededor de Europa. <\/p>\n<p>\u00abMuchas naciones europeas no han tenido ninguna experiencia en liderar una fuerza de ese tama\u00f1o\u00bb, dijo William Monahan, miembro principal de CEPA y ex subsecretario de Estado Subdirector de Asuntos Pol\u00edticos-Militares durante la administraci\u00f3n anterior de Trump.<\/p>\n<div class=\"image-ct inline\">\n<div class=\"m\"><picture><source media=\"(max-width: 767px)\" srcset=\"https:\/\/a57.foxnews.com\/static.foxnews.com\/foxnews.com\/content\/uploads\/2025\/01\/343\/192\/president-donald-trump-administration-100-days_01.jpg?ve=1&amp;tl=1, https:\/\/a57.foxnews.com\/static.foxnews.com\/foxnews.com\/content\/uploads\/2025\/01\/686\/384\/president-donald-trump-administration-100-days_01.jpg?ve=1&amp;tl=1 2x\" height=\"192\" width=\"343\"><source media=\"(min-width: 768px) and (max-width: 1023px)\" srcset=\"https:\/\/a57.foxnews.com\/static.foxnews.com\/foxnews.com\/content\/uploads\/2025\/01\/672\/378\/president-donald-trump-administration-100-days_01.jpg?ve=1&amp;tl=1, https:\/\/a57.foxnews.com\/static.foxnews.com\/foxnews.com\/content\/uploads\/2025\/01\/1344\/756\/president-donald-trump-administration-100-days_01.jpg?ve=1&amp;tl=1 2x\" height=\"378\" width=\"672\"><source media=\"(min-width: 1024px) and (max-width: 1279px)\" srcset=\"https:\/\/a57.foxnews.com\/static.foxnews.com\/foxnews.com\/content\/uploads\/2025\/01\/931\/523\/president-donald-trump-administration-100-days_01.jpg?ve=1&amp;tl=1, https:\/\/a57.foxnews.com\/static.foxnews.com\/foxnews.com\/content\/uploads\/2025\/01\/1862\/1046\/president-donald-trump-administration-100-days_01.jpg?ve=1&amp;tl=1 2x\" height=\"523\" width=\"931\"><source media=\"(min-width: 1280px)\" srcset=\"https:\/\/a57.foxnews.com\/static.foxnews.com\/foxnews.com\/content\/uploads\/2025\/01\/720\/405\/president-donald-trump-administration-100-days_01.jpg?ve=1&amp;tl=1, https:\/\/a57.foxnews.com\/static.foxnews.com\/foxnews.com\/content\/uploads\/2025\/01\/1440\/810\/president-donald-trump-administration-100-days_01.jpg?ve=1&amp;tl=1 2x\" height=\"405\" width=\"720\"><img loading=\"lazy\" decoding=\"async\" src=\"https:\/\/a57.foxnews.com\/static.foxnews.com\/foxnews.com\/content\/uploads\/2025\/01\/1200\/675\/president-donald-trump-administration-100-days_01.jpg?ve=1&amp;tl=1\" alt=\"El canciller federal Olaf Scholz (L, SPD) se encuentra junto a Emmanuel Macron, presidente de Francia\" width=\"1200\" height=\"675\"\/><\/source><\/source><\/source><\/source><\/picture><\/div>\n<div class=\"info\">\n<div class=\"caption\">\n<p><span>El canciller alem\u00e1n Olaf Scholz, a la izquierda, y el presidente franc\u00e9s Emmanuel Macron en el Palacio Elysee en Francia.<\/span> <span>(Michael Kappeler\/DPA Michael Kappeler\/Picture Alliance a trav\u00e9s de Getty Images)<\/span><\/p>\n<\/div>\n<\/div>\n<\/div>\n<p><strong>La guerra de Ucrania &#8216;terminar\u00e1 pronto&#8217; bajo el liderazgo de Trump, el asesor de seguridad nacional de los Estados Unidos vows<\/strong><\/p>\n<p>\u00abDeterminar d\u00f3nde los EE. UU. Podr\u00edan proporcionar habilitadores clave, creo, ser\u00eda un elemento esencial de cualquier fuerza y \u200b\u200bdeterminar su credibilidad y capacidad de disuasi\u00f3n\u00bb, agreg\u00f3.<\/p>\n<p>Putin ha dejado en claro que su \u00faltimo objetivo de guerra es la propiedad de cuatro regiones ucranianas, Luhansk, Donetsk, Zaporizhzhia y Kherson, que ilegalmente \u00abanex\u00f3\u00bb en 2022 pero ninguna de las cuales sus fuerzas han podido aprovechar por completo.<\/p>\n<p>Zelenskyy ha dicho que no aceptar\u00e1 ceder ninguna tierra a Rusia, incluida Crimea, que Rusia ha ocupado ilegalmente desde 2014, pero que Hegseth dijo que este mes ser\u00eda un objetivo \u00abpoco realista\u00bb en la mesa de negociaciones. <\/p>\n<p>Aunque algunos expertos occidentales han argumentado que Ucrania no necesariamente necesita ceder tierras para llegar a un acuerdo de alto el fuego. <\/p>\n<p>Esta propuesta sugiere que el territorio ucraniano permanecer\u00eda reconocido internacionalmente como \u00abocupado\u00bb por Rusia, lo que permitir\u00eda que los combates se detengan, aunque Kiev y sus socios internacionales necesitar\u00edan intentar renegociar los comunicados de tierras en un momento posterior. <\/p>\n<p>Lo que ha quedado claro es el impulso de la administraci\u00f3n Trump para que Europa est\u00e9 m\u00e1s involucrado en el proporcionar apoyo militar a Ucrania. Pero a medida que las naciones europeas buscan aumentar la defensa en el continente sin el apoyo de Washington, los expertos en seguridad advierten que esto est\u00e1 cambiando las opiniones geopol\u00edticas de los Estados Unidos y su confiabilidad como aliado.<\/p>\n<p>\u00abCreo que ahora hay un grupo de pa\u00edses europeos, creo que cada vez m\u00e1s, incluido el Reino Unido, y Francia, que en realidad est\u00e1n comenzando a ver a los Estados Unidos como parte del problema\u00bb, dijo Sam Green, director de resiliencia democr\u00e1tica en CEPA y Profesor de pol\u00edtica rusa en King&#8217;s College London.<\/p>\n<div class=\"image-ct inline\">\n<div class=\"m\"><picture><source media=\"(max-width: 767px)\" srcset=\"https:\/\/a57.foxnews.com\/static.foxnews.com\/foxnews.com\/content\/uploads\/2023\/05\/343\/192\/GettyImages-1252009254-e1683721693190.jpg?ve=1&amp;tl=1, https:\/\/a57.foxnews.com\/static.foxnews.com\/foxnews.com\/content\/uploads\/2023\/05\/686\/384\/GettyImages-1252009254-e1683721693190.jpg?ve=1&amp;tl=1 2x\" height=\"192\" width=\"343\"><source media=\"(min-width: 768px) and (max-width: 1023px)\" srcset=\"https:\/\/a57.foxnews.com\/static.foxnews.com\/foxnews.com\/content\/uploads\/2023\/05\/672\/378\/GettyImages-1252009254-e1683721693190.jpg?ve=1&amp;tl=1, https:\/\/a57.foxnews.com\/static.foxnews.com\/foxnews.com\/content\/uploads\/2023\/05\/1344\/756\/GettyImages-1252009254-e1683721693190.jpg?ve=1&amp;tl=1 2x\" height=\"378\" width=\"672\"><source media=\"(min-width: 1024px) and (max-width: 1279px)\" srcset=\"https:\/\/a57.foxnews.com\/static.foxnews.com\/foxnews.com\/content\/uploads\/2023\/05\/931\/523\/GettyImages-1252009254-e1683721693190.jpg?ve=1&amp;tl=1, https:\/\/a57.foxnews.com\/static.foxnews.com\/foxnews.com\/content\/uploads\/2023\/05\/1862\/1046\/GettyImages-1252009254-e1683721693190.jpg?ve=1&amp;tl=1 2x\" height=\"523\" width=\"931\"><source media=\"(min-width: 1280px)\" srcset=\"https:\/\/a57.foxnews.com\/static.foxnews.com\/foxnews.com\/content\/uploads\/2023\/05\/720\/405\/GettyImages-1252009254-e1683721693190.jpg?ve=1&amp;tl=1, https:\/\/a57.foxnews.com\/static.foxnews.com\/foxnews.com\/content\/uploads\/2023\/05\/1440\/810\/GettyImages-1252009254-e1683721693190.jpg?ve=1&amp;tl=1 2x\" height=\"405\" width=\"720\"><img loading=\"lazy\" decoding=\"async\" src=\"https:\/\/a57.foxnews.com\/static.foxnews.com\/foxnews.com\/content\/uploads\/2023\/05\/1200\/675\/GettyImages-1252009254-e1683721693190.jpg?ve=1&amp;tl=1\" alt=\"Tropas ucranianas bakhmut\" width=\"1200\" height=\"675\"\/><\/source><\/source><\/source><\/source><\/picture><\/div>\n<div class=\"info\">\n<div class=\"caption\">\n<p><span>Los soldados ucranianos disparan morteros hacia la ciudad de Ugledar, Donetsk, el 18 de abril de 2023.<\/span> <span>(Agencia Muhammed Enes Yildirim\/Anadolu a trav\u00e9s de Getty Images)<\/span><\/p>\n<\/div>\n<\/div>\n<\/div>\n<p><strong>La UE advierte a Trump que no dejara que Putin divida a los Estados Unidos y Europa: \u00abNo le hagamos el favor\u00bb<\/strong><\/p>\n<p>Green dijo que las naciones europeas pueden necesitar crear su propia soluci\u00f3n para contrarrestar una propuesta de US-Mosc\u00fa para un alto el fuego en Ucrania. <\/p>\n<p>En \u00faltima instancia, los expertos en seguridad advirtieron que las divisiones cada vez m\u00e1s aparentes entre Washington bajo la administraci\u00f3n Trump y Europa est\u00e1n jugando con uno de los principales objetivos principales de Putin.<\/p>\n<p>\u00abCreo que es necesario obtener un enfoque coordinado que traiga a nuestros aliados y socios [and] Mantiene esa fuente de fuerza \u00ab, dijo Monahan.\u00bb Creo que Putin est\u00e1 muy feliz de haber podido lograr uno de sus objetivos estrat\u00e9gicos, que es crear desuni\u00f3n y divisi\u00f3n entre los Estados Unidos y sus aliados en la relaci\u00f3n transatl\u00e1ntica \u00ab.<\/p>\n<p>Cuando Fox News Digital le pregunt\u00f3 si algunos de los comentarios controvertidos hechos por Trump, como llamar a Zelenskyy un dictador, alegando que tiene bajas calificaciones de aprobaci\u00f3n interna y que parecen sugerir que ten\u00eda la culpa de la invasi\u00f3n ilegal de Rusia, est\u00e1n ayudando a Putin en su c\u00e1lculo de negociaci\u00f3n, Hoffman dijo: \u00abNo s\u00e9 qu\u00e9 da\u00f1o, si es que hay alguno, est\u00e1 causando, pero la comunidad de inteligencia puede evaluar eso\u00bb.<\/p>\n<div class=\"image-ct inline\">\n<div class=\"m\"><picture><source media=\"(max-width: 767px)\" srcset=\"https:\/\/a57.foxnews.com\/static.foxnews.com\/foxnews.com\/content\/uploads\/2025\/02\/343\/192\/zelenskyy-trump.jpg?ve=1&amp;tl=1, https:\/\/a57.foxnews.com\/static.foxnews.com\/foxnews.com\/content\/uploads\/2025\/02\/686\/384\/zelenskyy-trump.jpg?ve=1&amp;tl=1 2x\" height=\"192\" width=\"343\"><source media=\"(min-width: 768px) and (max-width: 1023px)\" srcset=\"https:\/\/a57.foxnews.com\/static.foxnews.com\/foxnews.com\/content\/uploads\/2025\/02\/672\/378\/zelenskyy-trump.jpg?ve=1&amp;tl=1, https:\/\/a57.foxnews.com\/static.foxnews.com\/foxnews.com\/content\/uploads\/2025\/02\/1344\/756\/zelenskyy-trump.jpg?ve=1&amp;tl=1 2x\" height=\"378\" width=\"672\"><source media=\"(min-width: 1024px) and (max-width: 1279px)\" srcset=\"https:\/\/a57.foxnews.com\/static.foxnews.com\/foxnews.com\/content\/uploads\/2025\/02\/931\/523\/zelenskyy-trump.jpg?ve=1&amp;tl=1, https:\/\/a57.foxnews.com\/static.foxnews.com\/foxnews.com\/content\/uploads\/2025\/02\/1862\/1046\/zelenskyy-trump.jpg?ve=1&amp;tl=1 2x\" height=\"523\" width=\"931\"><source media=\"(min-width: 1280px)\" srcset=\"https:\/\/a57.foxnews.com\/static.foxnews.com\/foxnews.com\/content\/uploads\/2025\/02\/720\/405\/zelenskyy-trump.jpg?ve=1&amp;tl=1, https:\/\/a57.foxnews.com\/static.foxnews.com\/foxnews.com\/content\/uploads\/2025\/02\/1440\/810\/zelenskyy-trump.jpg?ve=1&amp;tl=1 2x\" height=\"405\" width=\"720\"><img loading=\"lazy\" decoding=\"async\" src=\"https:\/\/a57.foxnews.com\/static.foxnews.com\/foxnews.com\/content\/uploads\/2025\/02\/1200\/675\/zelenskyy-trump.jpg?ve=1&amp;tl=1\" alt=\"Trump conoce a Zelenskyy de Ucrania en Nueva York\" width=\"1200\" height=\"675\"\/><\/source><\/source><\/source><\/source><\/picture><\/div>\n<div class=\"info\">\n<div class=\"caption\">\n<p><span>El ex presidente Donald Trump se re\u00fane con el presidente de Ucrania, Volodymyr Zelenskyy, en Trump Tower el 27 de septiembre de 2024 en la ciudad de Nueva York.<\/span> <span>(AP\/Julia DeMaree Nikhinson)<\/span><\/p>\n<\/div>\n<\/div>\n<\/div>\n<p><strong>Haga clic aqu\u00ed para obtener la aplicaci\u00f3n Fox News<\/strong><\/p>\n<p>\u00abLo que Vladimir Putin piensa en Estados Unidos y Ucrania, sobre Zelenskyy y Trump, al menos ret\u00f3ricamente, al pie de la cabeza en el oct\u00e1gono uno contra el otro, no es una gran mirada\u00bb, agreg\u00f3. <\/p>\n<p>\u00ab[Putin] piensa que puede romper Europa. No cree que Europa va a ser lo suficientemente fuerte sin Estados Unidos \u00ab, argument\u00f3 Hoffman.\u00bb Ese es ciertamente el pasado. La historia durante el Imperio Sovi\u00e9tico de maldad, fue la fuerza de los Estados Unidos, nuestro paraguas nuclear, lo que disuadi\u00f3 a la Uni\u00f3n Sovi\u00e9tica de la expansi\u00f3n.<\/p>\n<p>\u00abLa OTAN siempre ha sido una alianza para disuadir la agresi\u00f3n rusa\u00bb, dijo. \u00abNo estamos cerca de saber c\u00f3mo se desarrollar\u00e1 todo esto. <\/p>\n<p>\u00abEn este momento, solo est\u00e1s escuchando mucho ruido\u00bb, advirti\u00f3 Hoffman. <\/p>\n<p> <!----> <\/p>\n<div class=\"article-meta\">\n<div class=\"author-bio\">\n<p>Caitlin McFall es reportero de Fox News Digital Cubting Politics, US y World News.<\/p>\n<\/div>\n<\/div>\n<\/div>\n\n","protected":false},"excerpt":{"rendered":"<p>\u00abEstamos mucho m\u00e1s cerca del principio que el final\u00bb, dijo el ex jefe de la estaci\u00f3n de CIA Mosc\u00fa, Dan Hoffman, cuando Ucrania ingres\u00f3 un cuarto a\u00f1o de guerra el lunes. Desde el 5 de noviembre de 2024, la reelecci\u00f3n del presidente Donald Trump, el mundo occidental se ha estado luchando por comprender lo que &hellip;<\/p>\n","protected":false},"author":1,"featured_media":16029,"comment_status":"open","ping_status":"open","sticky":false,"template":"","format":"standard","meta":{"fifu_image_url":"https:\/\/static.foxnews.com\/foxnews.com\/content\/uploads\/2025\/02\/zelensly-trump-putin.jpg","fifu_image_alt":"","footnotes":""},"categories":[13],"tags":[],"class_list":["post-16027","post","type-post","status-publish","format-standard","has-post-thumbnail","","category-mundo"],"_links":{"self":[{"href":"https:\/\/noticiasveraces.com\/index.php?rest_route=\/wp\/v2\/posts\/16027","targetHints":{"allow":["GET"]}}],"collection":[{"href":"https:\/\/noticiasveraces.com\/index.php?rest_route=\/wp\/v2\/posts"}],"about":[{"href":"https:\/\/noticiasveraces.com\/index.php?rest_route=\/wp\/v2\/types\/post"}],"author":[{"embeddable":true,"href":"https:\/\/noticiasveraces.com\/index.php?rest_route=\/wp\/v2\/users\/1"}],"replies":[{"embeddable":true,"href":"https:\/\/noticiasveraces.com\/index.php?rest_route=%2Fwp%2Fv2%2Fcomments&post=16027"}],"version-history":[{"count":0,"href":"https:\/\/noticiasveraces.com\/index.php?rest_route=\/wp\/v2\/posts\/16027\/revisions"}],"wp:featuredmedia":[{"embeddable":true,"href":"https:\/\/noticiasveraces.com\/index.php?rest_route=\/wp\/v2\/media\/16029"}],"wp:attachment":[{"href":"https:\/\/noticiasveraces.com\/index.php?rest_route=%2Fwp%2Fv2%2Fmedia&parent=16027"}],"wp:term":[{"taxonomy":"category","embeddable":true,"href":"https:\/\/noticiasveraces.com\/index.php?rest_route=%2Fwp%2Fv2%2Fcategories&post=16027"},{"taxonomy":"post_tag","embeddable":true,"href":"https:\/\/noticiasveraces.com\/index.php?rest_route=%2Fwp%2Fv2%2Ftags&post=16027"}],"curies":[{"name":"wp","href":"https:\/\/api.w.org\/{rel}","templated":true}]}}