{"id":16014,"date":"2025-02-24T04:15:09","date_gmt":"2025-02-24T08:15:09","guid":{"rendered":"https:\/\/noticiasveraces.com\/?p=16014"},"modified":"2025-02-24T04:15:09","modified_gmt":"2025-02-24T08:15:09","slug":"los-conservadores-ganan-las-elecciones-alemanas-mientras-que-el-partido-de-extrema-derecha-aumenta-al-segundo-lugar","status":"publish","type":"post","link":"https:\/\/noticiasveraces.com\/?p=16014","title":{"rendered":"Los conservadores ganan las elecciones alemanas, mientras que el partido de extrema derecha aumenta al segundo lugar"},"content":{"rendered":"<p> \n<br \/><img decoding=\"async\" src=\"https:\/\/media-cldnry.s-nbcnews.com\/image\/upload\/t_fit_1500w\/rockcms\/2025-02\/20250224-germany-election-jj-156a-d98f05.jpg\" \/><\/p>\n<div>\n<p class=\"body-graf\">BERL\u00cdN-Los resultados provisionales confirmaron que los conservadores convencionales liderados por Friedrich Merz ganaron las elecciones nacionales de Alemania, mientras que un partido de extrema derecha se convirti\u00f3 en el segundo m\u00e1s grande de la naci\u00f3n.<\/p>\n<p class=\"body-graf\">La campa\u00f1a estuvo dominada por las preocupaciones sobre el estancamiento de los a\u00f1os de la mayor econom\u00eda y presi\u00f3n de Europa para frenar la migraci\u00f3n, algo que caus\u00f3 fricci\u00f3n despu\u00e9s de que Merz presion\u00f3 en las \u00faltimas semanas para un enfoque m\u00e1s duro. Tuvo lugar en un contexto de creciente incertidumbre sobre el futuro de Ucrania y la alianza de Europa con Estados Unidos.<\/p>\n<p class=\"body-graf\">Los resultados publicados por la Autoridad Electoral mostraron a los dem\u00f3cratas cristianos de Merz y a los socialdem\u00f3cratas de la izquierda-izquierda ganando una mayor\u00eda combinada de esca\u00f1os en la legislatura nacional despu\u00e9s de que los peque\u00f1os partidos no pudieron hacer el umbral electoral.<\/p>\n<p class=\"body-graf\">Eso le da a Merz la mejor oportunidad de convertirse en el pr\u00f3ximo canciller del pa\u00eds. Dijo en la noche de las elecciones que espera formar un gobierno por la Pascua a m\u00e1s tardar.<\/p>\n<p class=\"body-graf\">Ha descartado una coalici\u00f3n con la alternativa de extrema derecha para Alemania, o AfD, que ahora es la segunda fiesta m\u00e1s grande del pa\u00eds despu\u00e9s de su mejor actuaci\u00f3n.<\/p>\n<p class=\"body-graf\">Por el momento, el canciller que sale Olaf Scholz, cuyo partido socialdem\u00f3crata sufri\u00f3 una derrota punzante, permanecer\u00e1.<\/p>\n<p class=\"body-graf\">Los conservadores de Merz ganaron 208 esca\u00f1os en el Bundestag de 630 asientos, mientras que la AFD gan\u00f3 152. Los tres partidos en la antigua coalici\u00f3n gobernante perdieron esca\u00f1os, con el SDP cayendo a 120 esca\u00f1os y los Verdes a 85. Los dem\u00f3cratas a favor de las empresas, que Se activ\u00f3 las elecciones tempranas al retirarse de la coalici\u00f3n, no logr\u00f3 alcanzar el 5% de la votaci\u00f3n requerida para ganar esca\u00f1os.<\/p>\n<p class=\"body-graf\">El partido izquierdo obtuvo 64 esca\u00f1os, mientras que la alianza Sahra Wagenknecht de izquierda lleg\u00f3 justo por debajo del obst\u00e1culo del 5%.<\/p>\n<p class=\"body-graf\">La AFD fue jubilosa el domingo por la noche, con l\u00edderes que prometieron convertirse en el partido principal del pa\u00eds en las pr\u00f3ximas elecciones a medida que se expande su apelaci\u00f3n. El partido antiinmigrante y de extrema derecha se ha establecido como una fuerza pol\u00edtica significativa en los 12 a\u00f1os transcurridos desde que se fund\u00f3, pero a\u00fan no ha sido parte de ning\u00fan gobierno estatal o nacional.<\/p>\n<p class=\"body-graf\">Ese es el resultado de lo que a menudo se llama un \u00abfirewall\u00bb contra la alternativa para Alemania. Otras partes dicen que no trabajar\u00e1n con la AFD, lo cual est\u00e1 bajo observaci\u00f3n por la Agencia de Inteligencia Dom\u00e9stica por sospecha de extremismo de derecha, algo que AFD se opone fuertemente. Sus ramas en tres estados orientales se designan grupos \u00abextremistas de derecha probados\u00bb, lo cual es particularmente sensible en vista del pasado nazi de Alemania.<\/p>\n<p class=\"body-graf\">La elecci\u00f3n tuvo lugar siete meses antes de lo planeado originalmente despu\u00e9s de que la impopular coalici\u00f3n de Scholz colaps\u00f3 en noviembre, tres a\u00f1os en un t\u00e9rmino que estaba cada vez m\u00e1s empa\u00f1ado por las luchas internas. Hubo un descontento generalizado y no mucho entusiasmo por ninguno de los candidatos.<\/p>\n<p class=\"body-graf\">Merz dijo el domingo por la noche que su m\u00e1xima prioridad es unificar a Europa frente a los desaf\u00edos provenientes de los Estados Unidos y Rusia. Tanto el vicepresidente JD Vance como el aliado de Trump Elon Musk apoyaron abiertamente a la AFD.<\/p>\n<p class=\"body-graf\">\u00abNo tengo ilusiones en absoluto sobre lo que est\u00e1 sucediendo de Estados Unidos\u00bb, dijo a los seguidores. \u00abEche un vistazo a las recientes intervenciones en la campa\u00f1a electoral alemana del Sr. Elon Musk\u00bb.<\/p>\n<p class=\"body-graf\">Agreg\u00f3 que \u00ablas intervenciones de Washington no fueron menos dram\u00e1ticas y dr\u00e1sticas y, en \u00faltima instancia, escandalosas que las intervenciones que hemos visto desde Mosc\u00fa. Por lo tanto, estamos bajo una presi\u00f3n tan masiva de dos lados que mi prioridad absoluta ahora es realmente crear unidad en Europa \u00ab.<\/p>\n<p class=\"body-graf\">Alemania es el pa\u00eds m\u00e1s poblado de la Uni\u00f3n Europea de 27 naciones y miembro principal de la OTAN. Ha sido el segundo proveedor de armas m\u00e1s grande de Ucrania, despu\u00e9s de los Estados Unidos, y ser\u00e1 fundamental para dar forma a la respuesta del continente a los desaf\u00edos de los pr\u00f3ximos a\u00f1os, incluida la pol\u00edtica comercial y comercial de confrontaci\u00f3n de la administraci\u00f3n Trump.<\/p>\n<p class=\"body-graf\">El l\u00edder conservador dijo que \u00ablo m\u00e1s importante es restablecer un gobierno viable en Alemania lo m\u00e1s r\u00e1pido posible\u00bb.<\/p>\n<p class=\"body-graf\">\u00abSoy consciente de la responsabilidad\u00bb, dijo Merz. \u201cTambi\u00e9n soy consciente de la escala de la tarea que ahora est\u00e1 por delante de nosotros. Lo abordo con el mayor respeto, y s\u00e9 que no ser\u00e1 f\u00e1cil \u201d.<\/p>\n<p class=\"endmark body-graf\">\u00abEl mundo no nos est\u00e1 esperando, y no est\u00e1 esperando las conversaciones y negociaciones de la coalici\u00f3n largamente dibujadas\u00bb, dijo a los partidarios de Cheering.<\/p>\n<\/div>\n\n","protected":false},"excerpt":{"rendered":"<p>BERL\u00cdN-Los resultados provisionales confirmaron que los conservadores convencionales liderados por Friedrich Merz ganaron las elecciones nacionales de Alemania, mientras que un partido de extrema derecha se convirti\u00f3 en el segundo m\u00e1s grande de la naci\u00f3n. La campa\u00f1a estuvo dominada por las preocupaciones sobre el estancamiento de los a\u00f1os de la mayor econom\u00eda y presi\u00f3n de &hellip;<\/p>\n","protected":false},"author":1,"featured_media":16016,"comment_status":"open","ping_status":"open","sticky":false,"template":"","format":"standard","meta":{"fifu_image_url":"https:\/\/media-cldnry.s-nbcnews.com\/image\/upload\/t_nbcnews-fp-1200-630,f_auto,q_auto:best\/rockcms\/2025-02\/20250224-germany-election-jj-156a-d98f05.jpg","fifu_image_alt":"","footnotes":""},"categories":[4],"tags":[],"class_list":["post-16014","post","type-post","status-publish","format-standard","has-post-thumbnail","","category-historias-destacadas"],"_links":{"self":[{"href":"https:\/\/noticiasveraces.com\/index.php?rest_route=\/wp\/v2\/posts\/16014","targetHints":{"allow":["GET"]}}],"collection":[{"href":"https:\/\/noticiasveraces.com\/index.php?rest_route=\/wp\/v2\/posts"}],"about":[{"href":"https:\/\/noticiasveraces.com\/index.php?rest_route=\/wp\/v2\/types\/post"}],"author":[{"embeddable":true,"href":"https:\/\/noticiasveraces.com\/index.php?rest_route=\/wp\/v2\/users\/1"}],"replies":[{"embeddable":true,"href":"https:\/\/noticiasveraces.com\/index.php?rest_route=%2Fwp%2Fv2%2Fcomments&post=16014"}],"version-history":[{"count":0,"href":"https:\/\/noticiasveraces.com\/index.php?rest_route=\/wp\/v2\/posts\/16014\/revisions"}],"wp:featuredmedia":[{"embeddable":true,"href":"https:\/\/noticiasveraces.com\/index.php?rest_route=\/wp\/v2\/media\/16016"}],"wp:attachment":[{"href":"https:\/\/noticiasveraces.com\/index.php?rest_route=%2Fwp%2Fv2%2Fmedia&parent=16014"}],"wp:term":[{"taxonomy":"category","embeddable":true,"href":"https:\/\/noticiasveraces.com\/index.php?rest_route=%2Fwp%2Fv2%2Fcategories&post=16014"},{"taxonomy":"post_tag","embeddable":true,"href":"https:\/\/noticiasveraces.com\/index.php?rest_route=%2Fwp%2Fv2%2Ftags&post=16014"}],"curies":[{"name":"wp","href":"https:\/\/api.w.org\/{rel}","templated":true}]}}