{"id":16002,"date":"2025-02-24T03:07:44","date_gmt":"2025-02-24T07:07:44","guid":{"rendered":"https:\/\/noticiasveraces.com\/?p=16002"},"modified":"2025-02-24T03:07:44","modified_gmt":"2025-02-24T07:07:44","slug":"la-unica-estacion-de-radio-dirigida-por-mujeres-de-afganistan-para-reanudar-las-operaciones-despues-de-que-los-talibanes-elevan-la-suspension","status":"publish","type":"post","link":"https:\/\/noticiasveraces.com\/?p=16002","title":{"rendered":"La \u00fanica estaci\u00f3n de radio dirigida por mujeres de Afganist\u00e1n para reanudar las operaciones despu\u00e9s de que los talibanes elevan la suspensi\u00f3n"},"content":{"rendered":"<p> \n<\/p>\n<div>\n<p class=\"speakable\">Una estaci\u00f3n de radio afgana producida completamente por mujeres afganas reanudar\u00e1 las transmisiones despu\u00e9s de que los talibanes levantaron una suspensi\u00f3n impuesta por una supuesta cooperaci\u00f3n con el canal de televisi\u00f3n de un pa\u00eds extranjero.<\/p>\n<p class=\"speakable\">Radio Begum se lanz\u00f3 en el D\u00eda Internacional de la Mujer en marzo de 2021, solo cinco meses antes de que los talibanes tomaran el control de Afganist\u00e1n durante la retirada ca\u00f3tica de las tropas estadounidenses y de la OTAN de la regi\u00f3n.<\/p>\n<p>El canal satelital hermano de la estaci\u00f3n, Begum TV, opera desde Francia y transmite contenido en el plan de estudios escolar de Afganist\u00e1n de los grados siete a 12.<\/p>\n<p>Los talibanes prohibieron la educaci\u00f3n para mujeres y ni\u00f1as en el pa\u00eds despu\u00e9s del sexto grado.<\/p>\n<p><strong>Rubio exige respuestas con 2 estadounidenses m\u00e1s de talib\u00e1n<\/strong><\/p>\n<div class=\"image-ct inline\">\n<div class=\"m\"><picture><source media=\"(max-width: 767px)\" srcset=\"https:\/\/a57.foxnews.com\/static.foxnews.com\/foxnews.com\/content\/uploads\/2025\/02\/343\/192\/radio-begum.png?ve=1&amp;tl=1, https:\/\/a57.foxnews.com\/static.foxnews.com\/foxnews.com\/content\/uploads\/2025\/02\/686\/384\/radio-begum.png?ve=1&amp;tl=1 2x\" height=\"192\" width=\"343\"><source media=\"(min-width: 768px) and (max-width: 1023px)\" srcset=\"https:\/\/a57.foxnews.com\/static.foxnews.com\/foxnews.com\/content\/uploads\/2025\/02\/672\/378\/radio-begum.png?ve=1&amp;tl=1, https:\/\/a57.foxnews.com\/static.foxnews.com\/foxnews.com\/content\/uploads\/2025\/02\/1344\/756\/radio-begum.png?ve=1&amp;tl=1 2x\" height=\"378\" width=\"672\"><source media=\"(min-width: 1024px) and (max-width: 1279px)\" srcset=\"https:\/\/a57.foxnews.com\/static.foxnews.com\/foxnews.com\/content\/uploads\/2025\/02\/931\/523\/radio-begum.png?ve=1&amp;tl=1, https:\/\/a57.foxnews.com\/static.foxnews.com\/foxnews.com\/content\/uploads\/2025\/02\/1862\/1046\/radio-begum.png?ve=1&amp;tl=1 2x\" height=\"523\" width=\"931\"><source media=\"(min-width: 1280px)\" srcset=\"https:\/\/a57.foxnews.com\/static.foxnews.com\/foxnews.com\/content\/uploads\/2025\/02\/720\/405\/radio-begum.png?ve=1&amp;tl=1, https:\/\/a57.foxnews.com\/static.foxnews.com\/foxnews.com\/content\/uploads\/2025\/02\/1440\/810\/radio-begum.png?ve=1&amp;tl=1 2x\" height=\"405\" width=\"720\"><img loading=\"lazy\" decoding=\"async\" src=\"https:\/\/a57.foxnews.com\/static.foxnews.com\/foxnews.com\/content\/uploads\/2025\/02\/1200\/675\/radio-begum.png?ve=1&amp;tl=1\" alt=\"Radio Begum en Kabul\" width=\"1200\" height=\"675\"\/><\/source><\/source><\/source><\/source><\/picture><\/div>\n<div class=\"info\">\n<div class=\"caption\">\n<p><span>Esta foto tomada el 28 de noviembre de 2021 muestra a los estudiantes que asisten a una clase en el aire en Radio Begum en Kabul.<\/span> <span>(Getty Images)<\/span><\/p>\n<\/div>\n<\/div>\n<\/div>\n<p>El s\u00e1bado, el Ministerio de Informaci\u00f3n y Cultura de los talibanes dijo en un comunicado que Radio Begum hab\u00eda solicitado permiso repetidamente para reanudar las transmisiones.<\/p>\n<p>La suspensi\u00f3n se levant\u00f3 despu\u00e9s de que la estaci\u00f3n se comprometi\u00f3 con los funcionarios talibanes, dijo el ministerio.<\/p>\n<p>Radio Begum acord\u00f3 realizar transmisiones \u00abde acuerdo con los principios del periodismo y las regulaciones del emirato isl\u00e1mico de Afganist\u00e1n, y evitar cualquier violaci\u00f3n en el futuro\u00bb, dijo el comunicado. El ministerio no ofreci\u00f3 detalles sobre cu\u00e1les pueden ser esos principios y regulaciones.<\/p>\n<p><strong>Los grupos de veteranos le piden a Trump que reconsidere la orden ejecutiva de inmigraci\u00f3n, cita los impactos en los socios afganos<\/strong><\/p>\n<div class=\"image-ct inline\">\n<div class=\"m\"><picture><source media=\"(max-width: 767px)\" srcset=\"https:\/\/a57.foxnews.com\/static.foxnews.com\/foxnews.com\/content\/uploads\/2025\/02\/343\/192\/radiobegum.png?ve=1&amp;tl=1, https:\/\/a57.foxnews.com\/static.foxnews.com\/foxnews.com\/content\/uploads\/2025\/02\/686\/384\/radiobegum.png?ve=1&amp;tl=1 2x\" height=\"192\" width=\"343\"><source media=\"(min-width: 768px) and (max-width: 1023px)\" srcset=\"https:\/\/a57.foxnews.com\/static.foxnews.com\/foxnews.com\/content\/uploads\/2025\/02\/672\/378\/radiobegum.png?ve=1&amp;tl=1, https:\/\/a57.foxnews.com\/static.foxnews.com\/foxnews.com\/content\/uploads\/2025\/02\/1344\/756\/radiobegum.png?ve=1&amp;tl=1 2x\" height=\"378\" width=\"672\"><source media=\"(min-width: 1024px) and (max-width: 1279px)\" srcset=\"https:\/\/a57.foxnews.com\/static.foxnews.com\/foxnews.com\/content\/uploads\/2025\/02\/931\/523\/radiobegum.png?ve=1&amp;tl=1, https:\/\/a57.foxnews.com\/static.foxnews.com\/foxnews.com\/content\/uploads\/2025\/02\/1862\/1046\/radiobegum.png?ve=1&amp;tl=1 2x\" height=\"523\" width=\"931\"><source media=\"(min-width: 1280px)\" srcset=\"https:\/\/a57.foxnews.com\/static.foxnews.com\/foxnews.com\/content\/uploads\/2025\/02\/720\/405\/radiobegum.png?ve=1&amp;tl=1, https:\/\/a57.foxnews.com\/static.foxnews.com\/foxnews.com\/content\/uploads\/2025\/02\/1440\/810\/radiobegum.png?ve=1&amp;tl=1 2x\" height=\"405\" width=\"720\"><img loading=\"lazy\" decoding=\"async\" src=\"https:\/\/a57.foxnews.com\/static.foxnews.com\/foxnews.com\/content\/uploads\/2025\/02\/1200\/675\/radiobegum.png?ve=1&amp;tl=1\" alt=\"Radio begum\" width=\"1200\" height=\"675\"\/><\/source><\/source><\/source><\/source><\/picture><\/div>\n<div class=\"info\">\n<div class=\"caption\">\n<p><span>Esta foto tomada el 28 de noviembre de 2021 muestra al director de la estaci\u00f3n Saba Chaman, a la derecha, y a su colega que trabaja en un estudio en Radio Begum en Kabul.<\/span> <span>(Getty Images)<\/span><\/p>\n<\/div>\n<\/div>\n<\/div>\n<p>La estaci\u00f3n confirm\u00f3 que se le hab\u00eda dado permiso para reanudar la transmisi\u00f3n, sin proporcionar detalles adicionales.<\/p>\n<p>Los funcionarios talibanes impusieron la suspensi\u00f3n despu\u00e9s de que allanaron la estaci\u00f3n con sede en Kabul el 4 de febrero y confiscaron computadoras, discos duros y tel\u00e9fonos, y detuvieron a dos empleados masculinos que no ocupan ning\u00fan puesto de alta gerencia, dijo la salida en un comunicado en el comunicado en el comunicado tiempo.<\/p>\n<p>Los talibanes han prohibido a las mujeres de la educaci\u00f3n, muchos campos de trabajo y espacios p\u00fablicos desde que tomaron el control del pa\u00eds en el verano de 2021. Los periodistas, especialmente las mujeres, han perdido sus trabajos a medida que los talibanes controlan los medios de comunicaci\u00f3n en la regi\u00f3n.<\/p>\n<div class=\"image-ct inline\">\n<div class=\"m\"><picture><source media=\"(max-width: 767px)\" srcset=\"https:\/\/a57.foxnews.com\/static.foxnews.com\/foxnews.com\/content\/uploads\/2025\/02\/343\/192\/afghanradio.png?ve=1&amp;tl=1, https:\/\/a57.foxnews.com\/static.foxnews.com\/foxnews.com\/content\/uploads\/2025\/02\/686\/384\/afghanradio.png?ve=1&amp;tl=1 2x\" height=\"192\" width=\"343\"><source media=\"(min-width: 768px) and (max-width: 1023px)\" srcset=\"https:\/\/a57.foxnews.com\/static.foxnews.com\/foxnews.com\/content\/uploads\/2025\/02\/672\/378\/afghanradio.png?ve=1&amp;tl=1, https:\/\/a57.foxnews.com\/static.foxnews.com\/foxnews.com\/content\/uploads\/2025\/02\/1344\/756\/afghanradio.png?ve=1&amp;tl=1 2x\" height=\"378\" width=\"672\"><source media=\"(min-width: 1024px) and (max-width: 1279px)\" srcset=\"https:\/\/a57.foxnews.com\/static.foxnews.com\/foxnews.com\/content\/uploads\/2025\/02\/931\/523\/afghanradio.png?ve=1&amp;tl=1, https:\/\/a57.foxnews.com\/static.foxnews.com\/foxnews.com\/content\/uploads\/2025\/02\/1862\/1046\/afghanradio.png?ve=1&amp;tl=1 2x\" height=\"523\" width=\"931\"><source media=\"(min-width: 1280px)\" srcset=\"https:\/\/a57.foxnews.com\/static.foxnews.com\/foxnews.com\/content\/uploads\/2025\/02\/720\/405\/afghanradio.png?ve=1&amp;tl=1, https:\/\/a57.foxnews.com\/static.foxnews.com\/foxnews.com\/content\/uploads\/2025\/02\/1440\/810\/afghanradio.png?ve=1&amp;tl=1 2x\" height=\"405\" width=\"720\"><img loading=\"lazy\" decoding=\"async\" src=\"https:\/\/a57.foxnews.com\/static.foxnews.com\/foxnews.com\/content\/uploads\/2025\/02\/1200\/675\/afghanradio.png?ve=1&amp;tl=1\" alt=\"Estudiantes que asisten a una clase en el aire en Radio Begum\" width=\"1200\" height=\"675\"\/><\/source><\/source><\/source><\/source><\/picture><\/div>\n<div class=\"info\">\n<div class=\"caption\">\n<p><span>Esta foto tomada el 28 de noviembre de 2021 muestra a los estudiantes que asisten a una clase en el aire en Radio Begum en Kabul.<\/span> <span>(Getty Images)<\/span><\/p>\n<\/div>\n<\/div>\n<\/div>\n<p><strong><u>Haga clic aqu\u00ed para obtener la aplicaci\u00f3n Fox News<\/u><\/strong><\/p>\n<p>Los reporteros sin fronteras clasificaron a Afganist\u00e1n 178 de 180 pa\u00edses en el \u00edndice de libertad de prensa 2024, una ca\u00edda del a\u00f1o anterior cuando ocup\u00f3 152.<\/p>\n<p>El ministerio no identific\u00f3 el canal de televisi\u00f3n con el que acus\u00f3 a Radio Begum de trabajar, pero su declaraci\u00f3n cit\u00f3 presunta colaboraci\u00f3n con \u00abmedios de comunicaci\u00f3n sancionados por el extranjero\u00bb.<\/p>\n<p><i>Associated Press contribuy\u00f3 a este informe.<\/i><\/p>\n<p> <!----> <\/div>\n\n","protected":false},"excerpt":{"rendered":"<p>Una estaci\u00f3n de radio afgana producida completamente por mujeres afganas reanudar\u00e1 las transmisiones despu\u00e9s de que los talibanes levantaron una suspensi\u00f3n impuesta por una supuesta cooperaci\u00f3n con el canal de televisi\u00f3n de un pa\u00eds extranjero. Radio Begum se lanz\u00f3 en el D\u00eda Internacional de la Mujer en marzo de 2021, solo cinco meses antes de &hellip;<\/p>\n","protected":false},"author":1,"featured_media":16004,"comment_status":"open","ping_status":"open","sticky":false,"template":"","format":"standard","meta":{"fifu_image_url":"https:\/\/static.foxnews.com\/foxnews.com\/content\/uploads\/2025\/02\/radio-begum.png","fifu_image_alt":"","footnotes":""},"categories":[13],"tags":[],"class_list":["post-16002","post","type-post","status-publish","format-standard","has-post-thumbnail","","category-mundo"],"_links":{"self":[{"href":"https:\/\/noticiasveraces.com\/index.php?rest_route=\/wp\/v2\/posts\/16002","targetHints":{"allow":["GET"]}}],"collection":[{"href":"https:\/\/noticiasveraces.com\/index.php?rest_route=\/wp\/v2\/posts"}],"about":[{"href":"https:\/\/noticiasveraces.com\/index.php?rest_route=\/wp\/v2\/types\/post"}],"author":[{"embeddable":true,"href":"https:\/\/noticiasveraces.com\/index.php?rest_route=\/wp\/v2\/users\/1"}],"replies":[{"embeddable":true,"href":"https:\/\/noticiasveraces.com\/index.php?rest_route=%2Fwp%2Fv2%2Fcomments&post=16002"}],"version-history":[{"count":0,"href":"https:\/\/noticiasveraces.com\/index.php?rest_route=\/wp\/v2\/posts\/16002\/revisions"}],"wp:featuredmedia":[{"embeddable":true,"href":"https:\/\/noticiasveraces.com\/index.php?rest_route=\/wp\/v2\/media\/16004"}],"wp:attachment":[{"href":"https:\/\/noticiasveraces.com\/index.php?rest_route=%2Fwp%2Fv2%2Fmedia&parent=16002"}],"wp:term":[{"taxonomy":"category","embeddable":true,"href":"https:\/\/noticiasveraces.com\/index.php?rest_route=%2Fwp%2Fv2%2Fcategories&post=16002"},{"taxonomy":"post_tag","embeddable":true,"href":"https:\/\/noticiasveraces.com\/index.php?rest_route=%2Fwp%2Fv2%2Ftags&post=16002"}],"curies":[{"name":"wp","href":"https:\/\/api.w.org\/{rel}","templated":true}]}}