{"id":15988,"date":"2025-02-23T23:49:31","date_gmt":"2025-02-24T03:49:31","guid":{"rendered":"https:\/\/noticiasveraces.com\/?p=15988"},"modified":"2025-02-23T23:49:31","modified_gmt":"2025-02-24T03:49:31","slug":"el-fotografo-espanol-alvaro-herrero-elegido-mejor-fotografo-subaculico-del-mundo","status":"publish","type":"post","link":"https:\/\/noticiasveraces.com\/?p=15988","title":{"rendered":"El Fot\u00f3grafo Espa\u00f1ol \u00c1lvaro Herrero, Elegido Mejor Fot\u00f3grafo Subaculico del Mundo"},"content":{"rendered":"<p> \n<\/p>\n<div id=\"intext\">\n<p>UNA BALLENA JOROBADA ACOMPA\u00d1A A SU CRIA A LA SUPFICIE PARE DE TOME SU PRIMERA BOCANADA DE AIRE, ESTA CONMOVEDora Imagen Convierte Al Madrile\u00f1o <b>\u00c1lvaro Herrero<\/b> en el <b>Mejor Fot\u00f3grafo Subacutico del Mundo<\/b>. La Capt\u00f3 A Primera Hora de la Ma\u00f1ana en la <b>Polinesia Francesa<\/b>como nos con contado, una antena 3 deportes y ha A\u00f1adido: \u00abEl Beb\u00e9 era muy peque\u00f1ito, la mam\u00e1 le ayudaba a subir a la superficie para respirar. la fotograf\u00eda transmite una gran conexi\u00f3n entre ambos\u00bb.<\/p>\n<h2 class=\"title-h2\">\u00bfQ\u00e9 es lo que cautiv\u00f3 al Jurado?<\/h2>\n<p>Una Historia, Un Encuadre y una composici\u00f3n que cautiv\u00f3 al Jurado, Herrero nos Comenta: \u00abEs una Foto muy especial, Ven\u00eda la Luz del Lado Izquierdo, tuve que buscar una buena posici\u00f3n y y <b>Nadar R\u00e1pido para Captar Ese Bello Momento<\/b>\u00ab.<\/p>\n<h2 class=\"title-h2\">SE Presentaron 7.000 Fotograf\u00edas<\/h2>\n<p>SE Presentaron Cerca de <b>7.000 Fotograf\u00edas<\/b> De Todo El Mundo y \u00c1lvaro Herrero Fue El Mejor. El Fot\u00f3grafo no da Cr\u00e9dito: \u00abHa sido un honor recibir este premio, <u>Mis Padres Estaban All\u00ed<\/u>SE Sintieron Orgullosos. ESE Ha Sido el Mejor Premio para M\u00ed \u00ab.<\/p>\n<p>HERRERO LLEVA M\u00c1S DE DIEZ A\u00f1os Captando la Magia del Mundo submarino, ah\u00ed es donde pasa m\u00e1s tiempo que en tierra firme, fascado por esa vida, por esos Sonidos ..: \u00abCuando escudo a las ballenas me vibra todo todo todo todo todo todo dodo todo dodo dodo dodo dodo doDo el cuuerpo, es un una sensaci\u00f3n \u00fanica, Espectacular \u00ab.<\/p>\n<p>No Obstante, una vecia esa realidad que recoge con su c\u00e1mara es muy dura. EN 2023, por Ejemplo, Fue Premiado Por la Imagen de Una <b>Ballena Jorobada Muriendo <\/b>en la costa mejicana por una boya enganchada a su cola.<\/p>\n<p>En este \u00daltimo concurso del mejor Fot\u00f3grafo subacutico del a\u00f1o Hay m\u00e1s fotograf\u00edas premias, como especievpect\u00e1culos visuales de los intereses y contenios de una langosta fluorescente, la foza curiosa, la aurora baJe elgo, la lucheos peces l\u00e1tos asi\u00e1bra -aSi\u00e1bra, los peces, los peces peces l\u00e1tos, los peces l\u00e1tos, los peces l\u00e1ticos, los pecesas, los pecesas, los peces, los peces l\u00e1tica, los peces l\u00e1ticos, los pecesas, los peces, los pecesas, los peces l\u00e1ticos, los pecas, los peces, los peces, los peces, los peces, los peces l\u00e1tica, los pecesas, los peces, los peces, los peces, los peces, los peces l\u00e1tica, los peces, los peces, los peces, los peces. o una instant\u00e1nea en la que se ve a los camello bebido agua desde una perspectiva subacu\u00e1tica. \u00c1lvaro Herrero Seguir\u00e1 Bajo El Agua, Rastreando Cuevas, Esa es Su Pasi\u00f3n, <b>CAPTAR VIDA PARA LUEGO MARTRARLA<\/b>.<\/p>\n<p><i>S\u00edguenos en nuestro canal de whatsapp y no te Pierdas la \u00daLtima Hora y Toda la actualidad de antena3noticias.com<\/i><\/p>\n<div class=\"recirculation-video\" data-mod=\"a3mod_recirculation_video\">\n<div class=\"recirculation-video-wrapper\">\n<div>\n<div class=\"video-wrapper\">\n  <picture class=\"video-main-picture\"><source media=\"(min-width: 481px)\" srcset=\"https:\/\/fotografias.antena3.com\/clipping\/cmsimages01\/2025\/02\/21\/62DDCA65-BC7B-4674-93CE-EF20CA76F280\/hansi-flick-rueda-prensa_94.jpg?crop=1920,1080,x0,y0&amp;width=800&amp;height=450&amp;optimize=medium&amp;format=webply\" width=\"800\" height=\"450\"><source media=\"(min-width: 391px) and (max-width: 480px)\" srcset=\"https:\/\/fotografias.antena3.com\/clipping\/cmsimages01\/2025\/02\/21\/62DDCA65-BC7B-4674-93CE-EF20CA76F280\/hansi-flick-rueda-prensa_70.jpg?crop=1920,1080,x0,y0&amp;width=480&amp;height=270&amp;optimize=high&amp;format=webply\" width=\"480\" height=\"270\"><source media=\"(min-width: 321px) and (max-width: 390px)\" srcset=\"https:\/\/fotografias.antena3.com\/clipping\/cmsimages01\/2025\/02\/21\/62DDCA65-BC7B-4674-93CE-EF20CA76F280\/hansi-flick-rueda-prensa_92.jpg?crop=1920,1078,x0,y0&amp;width=390&amp;height=219&amp;optimize=high&amp;format=webply\" width=\"390\" height=\"219\"><source media=\"(max-width: 320px)\" srcset=\"https:\/\/fotografias.antena3.com\/clipping\/cmsimages01\/2025\/02\/21\/62DDCA65-BC7B-4674-93CE-EF20CA76F280\/hansi-flick-rueda-prensa_52.jpg?crop=1920,1080,x0,y0&amp;width=320&amp;height=180&amp;optimize=high&amp;format=webply\" width=\"320\" height=\"180\"><img decoding=\"async\" title=\"Hansi Flick en Rueda de Prensa\" alt=\"Hansi Flick en Rueda de Prensa\" width=\"480\" height=\"270\" src=\"https:\/\/fotografias.antena3.com\/clipping\/cmsimages01\/2025\/02\/21\/62DDCA65-BC7B-4674-93CE-EF20CA76F280\/hansi-flick-rueda-prensa_70.jpg?crop=1920,1080,x0,y0&amp;width=480&amp;height=270&amp;optimize=high&amp;format=webply\" loading=\"lazy\" class=\"lazy\"\/><br \/>\n  <\/source><\/source><\/source><\/source><\/picture>\n <\/div>\n<\/div><\/div>\n<\/p><\/div>\n<\/div>\n\n","protected":false},"excerpt":{"rendered":"<p>UNA BALLENA JOROBADA ACOMPA\u00d1A A SU CRIA A LA SUPFICIE PARE DE TOME SU PRIMERA BOCANADA DE AIRE, ESTA CONMOVEDora Imagen Convierte Al Madrile\u00f1o \u00c1lvaro Herrero en el Mejor Fot\u00f3grafo Subacutico del Mundo. La Capt\u00f3 A Primera Hora de la Ma\u00f1ana en la Polinesia Francesacomo nos con contado, una antena 3 deportes y ha A\u00f1adido: &hellip;<\/p>\n","protected":false},"author":1,"featured_media":15990,"comment_status":"open","ping_status":"open","sticky":false,"template":"","format":"standard","meta":{"fifu_image_url":"https:\/\/fotografias.antena3.com\/clipping\/cmsimages02\/2025\/02\/23\/E910B52C-676E-43A7-99E2-9F8E5F019EAD\/alvaro-herrero-fotografo-subacuatico-espanol_69.jpg?crop=1573,885,x120,y0&width=1280&height=720&optimize=low&format=jpg","fifu_image_alt":"","footnotes":""},"categories":[6],"tags":[],"class_list":["post-15988","post","type-post","status-publish","format-standard","has-post-thumbnail","","category-deportes"],"_links":{"self":[{"href":"https:\/\/noticiasveraces.com\/index.php?rest_route=\/wp\/v2\/posts\/15988","targetHints":{"allow":["GET"]}}],"collection":[{"href":"https:\/\/noticiasveraces.com\/index.php?rest_route=\/wp\/v2\/posts"}],"about":[{"href":"https:\/\/noticiasveraces.com\/index.php?rest_route=\/wp\/v2\/types\/post"}],"author":[{"embeddable":true,"href":"https:\/\/noticiasveraces.com\/index.php?rest_route=\/wp\/v2\/users\/1"}],"replies":[{"embeddable":true,"href":"https:\/\/noticiasveraces.com\/index.php?rest_route=%2Fwp%2Fv2%2Fcomments&post=15988"}],"version-history":[{"count":0,"href":"https:\/\/noticiasveraces.com\/index.php?rest_route=\/wp\/v2\/posts\/15988\/revisions"}],"wp:featuredmedia":[{"embeddable":true,"href":"https:\/\/noticiasveraces.com\/index.php?rest_route=\/wp\/v2\/media\/15990"}],"wp:attachment":[{"href":"https:\/\/noticiasveraces.com\/index.php?rest_route=%2Fwp%2Fv2%2Fmedia&parent=15988"}],"wp:term":[{"taxonomy":"category","embeddable":true,"href":"https:\/\/noticiasveraces.com\/index.php?rest_route=%2Fwp%2Fv2%2Fcategories&post=15988"},{"taxonomy":"post_tag","embeddable":true,"href":"https:\/\/noticiasveraces.com\/index.php?rest_route=%2Fwp%2Fv2%2Ftags&post=15988"}],"curies":[{"name":"wp","href":"https:\/\/api.w.org\/{rel}","templated":true}]}}