{"id":15979,"date":"2025-02-23T21:48:45","date_gmt":"2025-02-24T01:48:45","guid":{"rendered":"https:\/\/noticiasveraces.com\/?p=15979"},"modified":"2025-02-23T21:48:45","modified_gmt":"2025-02-24T01:48:45","slug":"usaid-anuncia-el-despido-de-2-000-empleados-dw-24-02-2025","status":"publish","type":"post","link":"https:\/\/noticiasveraces.com\/?p=15979","title":{"rendered":"USAID ANUNCIA EL DESPIDO DE 2.000 EMPLEADOS &#8211; DW &#8211; 24\/02\/2025"},"content":{"rendered":"<p> \n<\/p>\n<div>\n<p>UNOS 2.000 EMPLEADOS QUE TRABAJAN PARA LA AGENCIA DE ESTADOS UNIDOS PARA EL ESARROLLO INTERNATIVO (USAID, EN INGL\u00c9S) SER\u00c1N DES DESPEDIDOS ESTE DOMINGO Y Gran Parte del Resto de Personal Contratado A TIempo Completo Pasar\u00e1 A Tener Una Baja Administrativa A Partir de la Mediano de la MedioCa (24.02. 2025).<\/p>\n<p>En un corre electr\u00f3nico enviado a los trabajadores afectados, que circula en redes sociales, la agencia indic\u00f3 que un partir de Hoy a las 23:59 Hora est (5:59 GMT Del Lunes) \u00abTODO EL PERSONAL CONTRATADO DIRECTAME por USAID, con excepci\u00f3n del personal responsable de las funciones cryticas para la misi\u00f3n, SER\u00c1 PUESTO EN LICENCIA ADMENDIVA A NIVEL GLOBAL \u201d.<\/p>\n<p>Y A\u00f1adi\u00f3 que \u00abAl Mismo Tiempo, USAID Est\u00e1 empezando un aplicar una reduce de que personal afectar\u00e1 a apreximadamete 2.000 Empleados en Estados Unidos\u00bb.<\/p>\n<p>Seg\u00fan El Correo, Los Trabajadores Afectados Recibir\u00e1n Una Notificaci\u00f3n Hoy Con M\u00e1s Informaci\u00f3n y Aquelos Emplesados \u200b\u200bconsideran los imprescindibles y, por Tanto, Exentos de Ser Despedidos, Ser\u00e1n Informados de la forma de la Igual a Lozar de Esta Tarde.<\/p>\n<h2>Una orden eJecutiva de Trump<\/h2>\n<p>El Presidente Estadounidense, Donald Trump, Firm\u00f3 A Finales de Enero una Orden Ejecutiva que suspend\u00eda Durante 90 D\u00edas Toda la Ayuda Humanitaria de Ee.uu., Canalizada Principalmento a Trav\u00e9s de USAID, para revisar en la invierte ise ise ise.<\/p>\n<p>El Pasado Viernes, Un juez federal dictamin\u00f3 que contin\u00faa Adelante el Plan del Presidente paracartar A millas de Empleadas de USAID A Trav\u00e9s de Bajas Administrantas, Tras una una Demanda Interpuesta por Un Grupo de Sindicatos Conta la Medida.<\/p>\n<p>La medida es la \u00daltima y una de las Mayores Tomadas Hasta Ahora por Trump y Su Aliado y Consejero en la Reducci\u00f3n de Costes Elon Musk, En Torno a la Agencia de Ayuda y Desarrollo, en el Marco de Una Campa\u00f1a que Busca Reducir el Tamaa\u00f1a del Gobierno Federal.<\/p>\n<p>JC (Efe, AP)<\/p>\n<\/p>\n<\/div>\n\n","protected":false},"excerpt":{"rendered":"<p>UNOS 2.000 EMPLEADOS QUE TRABAJAN PARA LA AGENCIA DE ESTADOS UNIDOS PARA EL ESARROLLO INTERNATIVO (USAID, EN INGL\u00c9S) SER\u00c1N DES DESPEDIDOS ESTE DOMINGO Y Gran Parte del Resto de Personal Contratado A TIempo Completo Pasar\u00e1 A Tener Una Baja Administrativa A Partir de la Mediano de la MedioCa (24.02. 2025). En un corre electr\u00f3nico enviado &hellip;<\/p>\n","protected":false},"author":1,"featured_media":15980,"comment_status":"open","ping_status":"open","sticky":false,"template":"","format":"standard","meta":{"fifu_image_url":"https:\/\/static.dw.com\/image\/71544492_6.jpg","fifu_image_alt":"","footnotes":""},"categories":[13],"tags":[],"class_list":["post-15979","post","type-post","status-publish","format-standard","has-post-thumbnail","","category-mundo"],"_links":{"self":[{"href":"https:\/\/noticiasveraces.com\/index.php?rest_route=\/wp\/v2\/posts\/15979","targetHints":{"allow":["GET"]}}],"collection":[{"href":"https:\/\/noticiasveraces.com\/index.php?rest_route=\/wp\/v2\/posts"}],"about":[{"href":"https:\/\/noticiasveraces.com\/index.php?rest_route=\/wp\/v2\/types\/post"}],"author":[{"embeddable":true,"href":"https:\/\/noticiasveraces.com\/index.php?rest_route=\/wp\/v2\/users\/1"}],"replies":[{"embeddable":true,"href":"https:\/\/noticiasveraces.com\/index.php?rest_route=%2Fwp%2Fv2%2Fcomments&post=15979"}],"version-history":[{"count":0,"href":"https:\/\/noticiasveraces.com\/index.php?rest_route=\/wp\/v2\/posts\/15979\/revisions"}],"wp:featuredmedia":[{"embeddable":true,"href":"https:\/\/noticiasveraces.com\/index.php?rest_route=\/wp\/v2\/media\/15980"}],"wp:attachment":[{"href":"https:\/\/noticiasveraces.com\/index.php?rest_route=%2Fwp%2Fv2%2Fmedia&parent=15979"}],"wp:term":[{"taxonomy":"category","embeddable":true,"href":"https:\/\/noticiasveraces.com\/index.php?rest_route=%2Fwp%2Fv2%2Fcategories&post=15979"},{"taxonomy":"post_tag","embeddable":true,"href":"https:\/\/noticiasveraces.com\/index.php?rest_route=%2Fwp%2Fv2%2Ftags&post=15979"}],"curies":[{"name":"wp","href":"https:\/\/api.w.org\/{rel}","templated":true}]}}