{"id":15969,"date":"2025-02-23T20:00:11","date_gmt":"2025-02-24T00:00:11","guid":{"rendered":"https:\/\/noticiasveraces.com\/?p=15969"},"modified":"2025-02-23T20:00:11","modified_gmt":"2025-02-24T00:00:11","slug":"phil-collins-dice-que-esta-muy-enfermo-y-no-puede-sostener-las-baquetas-correctamente-noticias-de-celebridades-showbiz-tv","status":"publish","type":"post","link":"https:\/\/noticiasveraces.com\/?p=15969","title":{"rendered":"Phil Collins dice que est\u00e1 \u00abmuy enfermo\u00bb y \u00abno puede sostener las baquetas correctamente\u00bb | Noticias de celebridades | Showbiz &#038; TV"},"content":{"rendered":"<p> \n<\/p>\n<div>\n<p>Phil Collins, el legendario l\u00edder de Genesis, ha compartido con franqueza sus luchas con una enfermedad que lo han llevado a perder todo inter\u00e9s en crear m\u00fasica.<\/p>\n<p>El \u00edcono de 74 a\u00f1os, que colg\u00f3 sus baquetas en 2022 debido a los crecientes problemas de salud derivados de una lesi\u00f3n espinal en 2007, habl\u00f3 abiertamente sobre su condici\u00f3n, lo que se complic\u00f3 a\u00fan m\u00e1s por un diagn\u00f3stico de diabetes tipo 2 en 2017.<\/p>\n<p>En una conversaci\u00f3n \u00edntima con la revista Mojo, Collins expres\u00f3 su pasi\u00f3n menguante por la m\u00fasica: \u00abSigo pensando que deber\u00eda ir al estudio y ver qu\u00e9 sucede. Pero ya no tengo hambre de eso\u00bb.<\/p>\n<p>El artista ganador del Grammy, un miembro del Sal\u00f3n de la Fama del Rock and Roll, agreg\u00f3: \u00abLa cosa es que he estado enfermo, quiero decir muy enfermo\u00bb.<\/p>\n<p>Collins revel\u00f3 por primera vez sus problemas espinales en 2009, detallando el impacto en su capacidad para tocar: \u00abMis v\u00e9rtebras han estado aplastando mi m\u00e9dula espinal debido a la posici\u00f3n en la que tambaleo. Viene de a\u00f1os de reproducci\u00f3n\u00bb.<\/p>\n<p>\u00c9l continu\u00f3: \u00abNi siquiera puedo sostener los palos correctamente sin que fuera doloroso. Incluso sol\u00eda grabar los palos en mis manos para pasar. No te preocupes, todav\u00eda puedo cantar\u00bb, informa el espejo.<\/p>\n<\/div>\n<div>\n<p>Reflexionando sobre su hist\u00f3rica carrera, Collins profundiz\u00f3 en su vida y m\u00fasica en el documental \u00abPhil Collins: Drummer First\u00bb, lanzado a fines del a\u00f1o pasado despu\u00e9s de dos a\u00f1os en producci\u00f3n.<\/p>\n<p>La conmovedora pel\u00edcula muestra su viaje como baterista, eclipsando sus logros vocales e incluye momentos sinceros en los que enfrenta la realidad de que sus d\u00edas de bater\u00eda han terminado, y nunca volver\u00e1 a tocar en vivo.<\/p>\n<p>Phil Collins ha hablado con franqueza sobre la desgarradora realidad de su salud, oblig\u00e1ndolo a enfrentar un final inesperado de su carrera de bater\u00eda.<\/p>\n<p>\u00c9l frunci\u00f3 sinceramente: \u00abTodav\u00eda se hunde un poco. Sabes, tengo 71 a\u00f1os. He pasado toda mi vida tocando la bater\u00eda. De repente no poder hacerlo es un shock\u00bb, ya que se sent\u00f3 conmovedoramente En su kit de bater\u00eda, agarrando sus baquetas.<\/p>\n<\/div>\n<div>\n<p>Phil revel\u00f3 su esperanza: \u00abSi me despierto un d\u00eda y puedo sostener un par de baquetas, entonces tendr\u00e9 una grieta. Siento que he usado mis millas a\u00e9reas\u00bb, pero admiti\u00f3: \u00abSer De repente, no poder hacer eso es un shock.<\/p>\n<p>Discutiendo el impacto severo que su declive corporal le ha tenido psicol\u00f3gicamente, Phil confes\u00f3: \u00abNo soy un cantante que toca la bater\u00eda. Soy m\u00e1s un baterista que canta un poco\u00bb.<\/p>\n<\/div>\n<div>\n<p>En 2009, el c\u00e9lebre m\u00fasico se someti\u00f3 a una cirug\u00eda en un intento de rectificar una lesi\u00f3n en la columna de 2007; Sin embargo, las complicaciones surgieron despu\u00e9s de la operaci\u00f3n.<\/p>\n<p>Phil revel\u00f3 que inmediatamente perdi\u00f3 la sensaci\u00f3n en sus manos despu\u00e9s de la cirug\u00eda, y el desaf\u00edo continuo de no poder tambalearse o actuar como antes afect\u00f3 profundamente su bienestar mental.<\/p>\n<p>A pesar de las luchas, Phil afirm\u00f3 su determinaci\u00f3n de perseverar, impulsada por el amor por sus hijos.<\/p>\n<\/div>\n\n","protected":false},"excerpt":{"rendered":"<p>Phil Collins, el legendario l\u00edder de Genesis, ha compartido con franqueza sus luchas con una enfermedad que lo han llevado a perder todo inter\u00e9s en crear m\u00fasica. El \u00edcono de 74 a\u00f1os, que colg\u00f3 sus baquetas en 2022 debido a los crecientes problemas de salud derivados de una lesi\u00f3n espinal en 2007, habl\u00f3 abiertamente sobre &hellip;<\/p>\n","protected":false},"author":1,"featured_media":15970,"comment_status":"open","ping_status":"open","sticky":false,"template":"","format":"standard","meta":{"fifu_image_url":"https:\/\/cdn.images.express.co.uk\/img\/dynamic\/79\/1200x630\/5976838.jpg","fifu_image_alt":"","footnotes":""},"categories":[766],"tags":[],"class_list":["post-15969","post","type-post","status-publish","format-standard","has-post-thumbnail","","category-musica"],"_links":{"self":[{"href":"https:\/\/noticiasveraces.com\/index.php?rest_route=\/wp\/v2\/posts\/15969","targetHints":{"allow":["GET"]}}],"collection":[{"href":"https:\/\/noticiasveraces.com\/index.php?rest_route=\/wp\/v2\/posts"}],"about":[{"href":"https:\/\/noticiasveraces.com\/index.php?rest_route=\/wp\/v2\/types\/post"}],"author":[{"embeddable":true,"href":"https:\/\/noticiasveraces.com\/index.php?rest_route=\/wp\/v2\/users\/1"}],"replies":[{"embeddable":true,"href":"https:\/\/noticiasveraces.com\/index.php?rest_route=%2Fwp%2Fv2%2Fcomments&post=15969"}],"version-history":[{"count":0,"href":"https:\/\/noticiasveraces.com\/index.php?rest_route=\/wp\/v2\/posts\/15969\/revisions"}],"wp:featuredmedia":[{"embeddable":true,"href":"https:\/\/noticiasveraces.com\/index.php?rest_route=\/wp\/v2\/media\/15970"}],"wp:attachment":[{"href":"https:\/\/noticiasveraces.com\/index.php?rest_route=%2Fwp%2Fv2%2Fmedia&parent=15969"}],"wp:term":[{"taxonomy":"category","embeddable":true,"href":"https:\/\/noticiasveraces.com\/index.php?rest_route=%2Fwp%2Fv2%2Fcategories&post=15969"},{"taxonomy":"post_tag","embeddable":true,"href":"https:\/\/noticiasveraces.com\/index.php?rest_route=%2Fwp%2Fv2%2Ftags&post=15969"}],"curies":[{"name":"wp","href":"https:\/\/api.w.org\/{rel}","templated":true}]}}