{"id":15965,"date":"2025-02-23T19:42:54","date_gmt":"2025-02-23T23:42:54","guid":{"rendered":"https:\/\/noticiasveraces.com\/?p=15965"},"modified":"2025-02-23T19:42:54","modified_gmt":"2025-02-23T23:42:54","slug":"cristianodemocrata-friedrich-merz-gana-los-comicios-alemanes-dw-24-02-2025","status":"publish","type":"post","link":"https:\/\/noticiasveraces.com\/?p=15965","title":{"rendered":"Cristianodem\u00f3crata Friedrich Merz Gana Los Comicios Alemanes &#8211; DW &#8211; 24\/02\/2025"},"content":{"rendered":"<p> \n<\/p>\n<div>\n<p>El Bloque Conservador Formado por la Uni\u00f3n Cristianodem\u00f3crata (Cdu) y su ala B\u00e1vara, La Uni\u00f3n Socialcristiana (CSU), OBSUDERON LA LA Primera Mayor\u00eda, Con M\u00e1s de Un 28 Porciento de los Votos, Seg\u00fans ProConsticos de LAS CADENAS DE TIEMPO Ard.<\/p>\n<p>\u00abHemos Ganado Estas Elecciones al Bundestag. El Mundo no Espera y tampoco nos Espera a Nosotros, ni a Largas y Dif\u00edcilos Negociaciones de Coalici\u00f3n\u00bb, Se\u00f1al\u00f3 el Que Serma Probilidad El Pr\u00f3piMO CANCILLER DE ALIANM<\/p>\n<h2>Negociacionas para formar carb\u00f3n<\/h2>\n<p>\u00abEspero que Hayamos Terminado de Formar Gobierno a M\u00e1s Tardar en Semana Santa\u00bb, en Abril, Dijo Merz a la Cadena Phoenix.<\/p>\n<p>La Cdu no Terr\u00e1 Mayor\u00eda en El Parlamento, para lo que Hacen Falta 316 de los 630 ESCRES, RAZ\u00d3N POR LA CAL TENDR\u00c1 QUE NEGOCIAR UNA DE COOBLEICI\u00d3N.<\/p>\n<p>ESO en un Momento en el Que la Nueva Administracia Estadounidense de Donald Trump Sacude los CIMIENTOS DE LA RELACI\u00d3N TRANSATL\u00c1NTICA Y LA GUERRA RUSA EN UCRANIA Est\u00e1 A PUNTO DE ) Hasta Ahora no Ha Sido Invitada.<\/p>\n<p>En El Plano Interino, El Conservador se Enfrenta al Reto de Sacar a la Primera Econom\u00eda Europea de la recesi\u00f3n. Adem\u00e1s, ha condicionado un acuerdo de coalici\u00f3nis a un pacto en migracia, ya que quiere fomentar las deportaciones y cerrar pr\u00e1ctica las fronteras a la inmigraci\u00f3n irregular.<\/p>\n<p>El L\u00edder de la Csu, Markus S\u00f6der, Advirti\u00f3 de Que, \u00abSi no se logra ee Cambio de Pol\u00edtica, Eso Puede Dar Todav\u00eda M\u00e1s Fuerza A Los Radicales\u00bb de la Ultraderecha.<\/p>\n<p><span data-slot-id=\"Article_InContent-1\" class=\"rich-text-ad\"\/><\/p>\n<h2>La Ultraderecha, Primera Fuerza de Oposici\u00f3nica<\/h2>\n<p>En el Parlamento, La Ultraderechista Alternativa para Alemania (AFD) Ser\u00e1 la principal Fuerza de Oposici\u00f3n. Su candidata una caviler, Alice Weidel, Dijo que su Mano \u00abSiempre Est\u00e1 Tendida para Envertar al Gobierno y Hacer Realidad la Voluntead del Pueblo\u00bb. El Partido Ahora tenderr\u00e1 Muya M\u00e1s Fuerza en la C\u00e1maina Baja Tras Lograr Cerca de Un 20,4 % de los Votos, El Doble Que en 2021.<\/p>\n<p>Descartada una coalici\u00f3n confd, Merz Podr\u00e1 pactar una coalici\u00f3n con el partido socialdem\u00f3crata (spd), que registro suponeo el peor resultado desde 1890, con 16,3 % y 16,4 %, un dato \u00abamargo\u00bb, admite el urbiller En Funciones, Olaf Scholz, Cuya Carrera Al M\u00e1s Alto Nivel Pol\u00cdtico se da por acabada.<\/p>\n<p>\u00abNo estar\u00e9 como representante de la spd en un gobierno liderado por la cdu, ni tampoco en las negociaciones\u00bb, Se\u00f1al\u00f3 Scholz, quien aspira un permanente como diputado en el &#8216;bundestag&#8217;.<\/p>\n<p>Robert Habeck, El Candidato de Los Verdes, Que Quedaron en Cuarto Lugar, SE Declar\u00f3 disputa un formar parte del futuro Gobierno. \u00abLos Verdes Queremos Seguir Asumiendo Responsabilidad\u00bb, Recalc\u00f3.<\/p>\n<p>La Gran Sorpresa de Estas Elecciones es la Izquierda, que logr\u00f3 m\u00e1s de un ocho porcano de los votos, si Bien Est\u00e1 Descartada como socio de Coalici\u00f3n.<\/p>\n<p>(ERS\/ EFE, DPA)<\/p>\n<\/div>\n\n","protected":false},"excerpt":{"rendered":"<p>El Bloque Conservador Formado por la Uni\u00f3n Cristianodem\u00f3crata (Cdu) y su ala B\u00e1vara, La Uni\u00f3n Socialcristiana (CSU), OBSUDERON LA LA Primera Mayor\u00eda, Con M\u00e1s de Un 28 Porciento de los Votos, Seg\u00fans ProConsticos de LAS CADENAS DE TIEMPO Ard. \u00abHemos Ganado Estas Elecciones al Bundestag. El Mundo no Espera y tampoco nos Espera a Nosotros, &hellip;<\/p>\n","protected":false},"author":1,"featured_media":15966,"comment_status":"open","ping_status":"open","sticky":false,"template":"","format":"standard","meta":{"fifu_image_url":"https:\/\/static.dw.com\/image\/71723321_6.jpg","fifu_image_alt":"","footnotes":""},"categories":[13],"tags":[],"class_list":["post-15965","post","type-post","status-publish","format-standard","has-post-thumbnail","","category-mundo"],"_links":{"self":[{"href":"https:\/\/noticiasveraces.com\/index.php?rest_route=\/wp\/v2\/posts\/15965","targetHints":{"allow":["GET"]}}],"collection":[{"href":"https:\/\/noticiasveraces.com\/index.php?rest_route=\/wp\/v2\/posts"}],"about":[{"href":"https:\/\/noticiasveraces.com\/index.php?rest_route=\/wp\/v2\/types\/post"}],"author":[{"embeddable":true,"href":"https:\/\/noticiasveraces.com\/index.php?rest_route=\/wp\/v2\/users\/1"}],"replies":[{"embeddable":true,"href":"https:\/\/noticiasveraces.com\/index.php?rest_route=%2Fwp%2Fv2%2Fcomments&post=15965"}],"version-history":[{"count":0,"href":"https:\/\/noticiasveraces.com\/index.php?rest_route=\/wp\/v2\/posts\/15965\/revisions"}],"wp:featuredmedia":[{"embeddable":true,"href":"https:\/\/noticiasveraces.com\/index.php?rest_route=\/wp\/v2\/media\/15966"}],"wp:attachment":[{"href":"https:\/\/noticiasveraces.com\/index.php?rest_route=%2Fwp%2Fv2%2Fmedia&parent=15965"}],"wp:term":[{"taxonomy":"category","embeddable":true,"href":"https:\/\/noticiasveraces.com\/index.php?rest_route=%2Fwp%2Fv2%2Fcategories&post=15965"},{"taxonomy":"post_tag","embeddable":true,"href":"https:\/\/noticiasveraces.com\/index.php?rest_route=%2Fwp%2Fv2%2Ftags&post=15965"}],"curies":[{"name":"wp","href":"https:\/\/api.w.org\/{rel}","templated":true}]}}