{"id":15937,"date":"2025-02-23T14:35:15","date_gmt":"2025-02-23T18:35:15","guid":{"rendered":"https:\/\/noticiasveraces.com\/?p=15937"},"modified":"2025-02-23T14:35:15","modified_gmt":"2025-02-23T18:35:15","slug":"preocupacia-empresarial-por-avance-de-la-ultraderecha-dw-23-02-2025","status":"publish","type":"post","link":"https:\/\/noticiasveraces.com\/?p=15937","title":{"rendered":"Preocupacia Empresarial por Avance de la Ultraderecha &#8211; DW &#8211; 23\/02\/2025"},"content":{"rendered":"<p> \n<\/p>\n<div>\n<p>Poco Antes de las eleciones de este Domingo, Empresas almasas se pronunciaron contra el extremismo de derecha. \u00abXenofobia, Odio, Antisemitismo y Cualquier forma de extremismo contradicen claramento Los Valores de Mercedes-Benz, dijo A dw Eckart von Klaeden, Director de Asuntos externos en Esa Empresa.<\/p>\n<p>Mientras en otros pa\u00edses es Bastante habitual que las emppresas expressen sus opiniones pol\u00cdticas, e incluso hagan recomendaciones electorales, en alemania no es as\u00ed.<\/p>\n<p>\u00abLas Empresas se Han Abstenido Tradicionalmento de la Pol\u00edta Partidista, Al Igual Que lassociaciones\u201d, Explic\u00f3 a Dw Knut Bergmann, del Instituto Econ\u00f3lico alem\u00e1n (iw). Partidos, Como ha ocurrido en varias campa\u00f1as publicitarias, o en contra de un partido &#8211; alternativa para alemania (AFD), Calificado parcialmento de extrema derecha-, sin precedentes en alemania.<\/p>\n<p>Bergmann Realiz\u00f3 una Encuesta Entre Empresas Sobre la Afd El A\u00f1o Pasado. En Dicho Sondeo, SE Interrog\u00f3 a M\u00e1s de 900 Empresas. Resultado: UNA de CADA DOS Empresas de Alemania Occidental y una de Cada Cuatro en el Este del Pa\u00eds Afirmaron Haberseberse Posicionado P\u00fablicamme en Conta de la Afd.<\/p>\n<h2>Casusas Econ\u00f3micas<\/h2>\n<p>\u00bfUn que obedece que las Empresas se pronuncien polficamente? Presumente, Sobre a Do A Do A Razones Econ\u00f3micas, Seg\u00fan El Profesor Alexander Kritikos, Del Instituto Alem\u00e1n de Investigaci\u00f3n Econ\u00f3mica (Diw). \u00abLas Empresas Temen un descenso de la Inversi\u00f3n\u00bb.<\/p>\n<p>\u00abEn Nuestra Opini\u00f3, El Miedo, El Protecionismo y La Divisi\u00f3n no son las respuestas un problema acuciantes de nuestro tiempo\u00bb, indic\u00f3, registro que alemania, como emplazamiento emplazamiento empresarial, necesita una entrada de selecci\u00f3n selectiva de mano de mano.<\/p>\n<p>Adem\u00e1s, El 77% de los L\u00edderes Empresariales en Alemania Ven El Ascenso de la Afd como un riesgo \u00abPara la existencia de la uni\u00f3n europea y el euro\u00bb. AS\u00cd lo revela un informe de iw que analiza las consecuencias del auge de los partidos populistas De Derecha.<\/p>\n<p>(ERS\/GG)<\/p>\n<\/div>\n\n","protected":false},"excerpt":{"rendered":"<p>Poco Antes de las eleciones de este Domingo, Empresas almasas se pronunciaron contra el extremismo de derecha. \u00abXenofobia, Odio, Antisemitismo y Cualquier forma de extremismo contradicen claramento Los Valores de Mercedes-Benz, dijo A dw Eckart von Klaeden, Director de Asuntos externos en Esa Empresa. Mientras en otros pa\u00edses es Bastante habitual que las emppresas expressen &hellip;<\/p>\n","protected":false},"author":1,"featured_media":15938,"comment_status":"open","ping_status":"open","sticky":false,"template":"","format":"standard","meta":{"fifu_image_url":"https:\/\/static.dw.com\/image\/71681067_6.jpg","fifu_image_alt":"","footnotes":""},"categories":[13],"tags":[],"class_list":["post-15937","post","type-post","status-publish","format-standard","has-post-thumbnail","","category-mundo"],"_links":{"self":[{"href":"https:\/\/noticiasveraces.com\/index.php?rest_route=\/wp\/v2\/posts\/15937","targetHints":{"allow":["GET"]}}],"collection":[{"href":"https:\/\/noticiasveraces.com\/index.php?rest_route=\/wp\/v2\/posts"}],"about":[{"href":"https:\/\/noticiasveraces.com\/index.php?rest_route=\/wp\/v2\/types\/post"}],"author":[{"embeddable":true,"href":"https:\/\/noticiasveraces.com\/index.php?rest_route=\/wp\/v2\/users\/1"}],"replies":[{"embeddable":true,"href":"https:\/\/noticiasveraces.com\/index.php?rest_route=%2Fwp%2Fv2%2Fcomments&post=15937"}],"version-history":[{"count":0,"href":"https:\/\/noticiasveraces.com\/index.php?rest_route=\/wp\/v2\/posts\/15937\/revisions"}],"wp:featuredmedia":[{"embeddable":true,"href":"https:\/\/noticiasveraces.com\/index.php?rest_route=\/wp\/v2\/media\/15938"}],"wp:attachment":[{"href":"https:\/\/noticiasveraces.com\/index.php?rest_route=%2Fwp%2Fv2%2Fmedia&parent=15937"}],"wp:term":[{"taxonomy":"category","embeddable":true,"href":"https:\/\/noticiasveraces.com\/index.php?rest_route=%2Fwp%2Fv2%2Fcategories&post=15937"},{"taxonomy":"post_tag","embeddable":true,"href":"https:\/\/noticiasveraces.com\/index.php?rest_route=%2Fwp%2Fv2%2Ftags&post=15937"}],"curies":[{"name":"wp","href":"https:\/\/api.w.org\/{rel}","templated":true}]}}