{"id":15935,"date":"2025-02-23T13:33:58","date_gmt":"2025-02-23T17:33:58","guid":{"rendered":"https:\/\/noticiasveraces.com\/?p=15935"},"modified":"2025-02-23T13:33:58","modified_gmt":"2025-02-23T17:33:58","slug":"alemania-vota-por-nueva-gobierno-en-elecciones-adelantadas-dw-23-02-2025","status":"publish","type":"post","link":"https:\/\/noticiasveraces.com\/?p=15935","title":{"rendered":"Alemania Vota Por Nueva Gobierno en Elecciones Adelantadas &#8211; DW &#8211; 23\/02\/2025"},"content":{"rendered":"<p> \n<\/p>\n<div id=\"liveblog-post-71723084\"><span class=\"hr9hvkd hb7nbxk seipclg b1ho1h07\">Ir a la Siguiente Seci\u00f3n Primeros Pron\u00f3micos: Uni\u00f3n Conservadora CDU\/CSU ES LA Mayor Fuerza<\/span><svg xmlns=\"http:\/\/www.w3.org\/2000\/svg\" viewbox=\"0 0 20 20\" class=\"s1ly0d8v\"><g fill=\"none\" fill-rule=\"evenodd\" stroke=\"#002D5A\" stroke-width=\"2\"><path d=\"M4 9L4 16 11 16\" transform=\"rotate(45 7.5 12.5)\"\/><path stroke-linecap=\"square\" d=\"M3.5 12.5L17.5 12.5M17.5 12.5L17.5 5.5M17.5 5L12 5\"\/><\/g><\/svg><\/p>\n<p><span class=\"time-area s1i8qhb9 icns9en i1sf8oqe m1km9ap7 wgx1hx2 b1ho1h07\"><span class=\"publication icns9en i1sf8oqe m1km9ap7 wgx1hx2 b1ho1h07\"><time aria-hidden=\"true\">23\/02\/2025<\/time><span class=\"sr-only s28j2rd\">23 de febrero de 2025<\/span><\/span><\/span><\/p>\n<h2 class=\"hr9hvkd h16xqir8 seipclg b1ho1h07\">Primeros Pron\u00f3micos: Uni\u00f3n Conservadora CDU\/CSU ES LA MAYO FUERZA<\/h2>\n<\/p>\n<div class=\"post-rich-text cc0m0op s1ebneao rich-text t1it8i9i r1wgtjne wgx1hx2 b1ho1h07\">\n<figure class=\"placeholder-image master_landscape big\"><img data-format=\"MASTER_LANDSCAPE\" data-id=\"71723072\" data-url=\"https:\/\/static.dw.com\/image\/71723072_${formatId}.jpg\" data-aspect-ratio=\"16\/9\" alt=\"SEGUIDORES DE LA UNI\u00d3N Conservadora CDU\/CSU EN ALEMANIA.\" style=\"padding-bottom: 56.25%; height: 0; max-height: 0;\"\/><figcaption class=\"img-caption\">Seguidores de la Uni\u00f3n Conservadora Cdu\/CSU en Alemania, Con Carteles con el Nombre del Candidato, Friedrich Merz.<small class=\"copyright\">Imagen: Kai Pfaffenbach\/Reuters<\/small><\/figcaption><\/figure>\n<p>En Estas Elecciones anticipadas en Alemania se Perfila, Seg\u00fan los Primeros Pron\u00f3s de las LAS 18:00 H (Hora Local) Una Clara Mayor\u00eda de Votos para la Uni\u00f3n Conservadora CDU\/CSU, Liderada por el Candidato Friedrich Merz, con un 28 % AN 29 %. En Segundo Lugar Estario el Partido en Parte de Extreme Derecha Alternativa Para Alemania, con un 19,5 % un un 20 %, Un resultado Hist\u00f3rico para un un Partido declarado en parte de extrema derecha en alemania. Los Socialdem\u00f3cratas del Registr\u00e1n El Peor resultado Desde 1949, en Toda Su Historia como Partido, con un 16 % a un 16,5 %. <\/p>\n<p>El Partido la Izquierda Llegar\u00eda a Esta Hora a Casi un 9 %. El L\u00edder del Partiudo y Principal Candidato, Jan Van Aken, SE Mostr\u00f3 Entusiasmado Con El Desempe\u00f1o de Su Partido en Las Elecciones Federales: \u00abLa Izquierda Est\u00e1 Viva\u00bb, Dijo ante una multitud que vitoreaba en berl\u00edn. (CP\/DPA, RTR).<\/p>\n<p>La Alianza Sahra Wagenknecht (BSW) Estario Alcanzando Entre Un 4,7 % un 5 %. Con El 5 % Podr\u00eda Ingresar al Parlamento.<\/p>\n<\/p>\n<\/div>\n<p><span class=\"svdcmki\">https:\/\/p.dw.com\/p\/4qwrw<\/span><\/p>\n<\/div>\n<div id=\"liveblog-post-71721806\"><span class=\"hr9hvkd hb7nbxk seipclg b1ho1h07\">Ir a la Siguiente Seci\u00f3n Yan Ha Votado M\u00e1s de la Mitad de Los Ciudadanos <\/span><svg xmlns=\"http:\/\/www.w3.org\/2000\/svg\" viewbox=\"0 0 20 20\" class=\"s1ly0d8v\"><g fill=\"none\" fill-rule=\"evenodd\" stroke=\"#002D5A\" stroke-width=\"2\"><path d=\"M4 9L4 16 11 16\" transform=\"rotate(45 7.5 12.5)\"\/><path stroke-linecap=\"square\" d=\"M3.5 12.5L17.5 12.5M17.5 12.5L17.5 5.5M17.5 5L12 5\"\/><\/g><\/svg><\/p>\n<p><span class=\"time-area s1i8qhb9 icns9en i1sf8oqe m1km9ap7 wgx1hx2 b1ho1h07\"><span class=\"publication icns9en i1sf8oqe m1km9ap7 wgx1hx2 b1ho1h07\"><time aria-hidden=\"true\">23\/02\/2025<\/time><span class=\"sr-only s28j2rd\">23 de febrero de 2025<\/span><\/span><\/span><\/p>\n<h2 class=\"hr9hvkd h16xqir8 seipclg b1ho1h07\">Yan Ha Votado M\u00e1s de la Mitad de Los Ciudadanos <\/h2>\n<\/p>\n<div class=\"post-rich-text cc0m0op s1ebneao rich-text t1it8i9i r1wgtjne wgx1hx2 b1ho1h07\">\n<figure class=\"placeholder-image master_landscape big\"><img data-format=\"MASTER_LANDSCAPE\" data-id=\"71721329\" data-url=\"https:\/\/static.dw.com\/image\/71721329_${formatId}.jpg\" data-aspect-ratio=\"16\/9\" alt=\"Dos j\u00f3venes votan en berl\u00edn.\" style=\"padding-bottom: 56.25%; height: 0; max-height: 0;\"\/><figcaption class=\"img-caption\">Votaci\u00f3n en un local Electoral en Berl\u00edn.<small class=\"copyright\">Imagen: Fabrizio Bensch\/Reuters<\/small><\/figcaption><\/figure>\n<p>A LAS 14:00 (Hora Local en Alemania, 13:00 h GMT, La Tasa de Participaci\u00f3n Era Nacional del 52%, Mucho alcalde AL de los Anteriores Comicios de 2017 (41%) y de 2021 (36,5%) .<\/p>\n<p>Seg\u00fan Los Sondeos, El Partido de Ultraderecha Alternativa para Alemania (Afd) Podr\u00eda Duplicar Su Puntuaci\u00f3n de Las \u00datimas Legislativas y Alcanzar Alrededor del 20% de los Votos.<\/p>\n<p>La formaci\u00f3n antiinmigraci\u00f3nica y prorrusa impuso su tempe durante la campa\u00f1a, que se desarroll\u00f3 en un clima tenso, pautado por varios ataques mortales llevados a cabo en las \u00daltimas semanas por extranjeros en el pa\u00eds.<\/p>\n<p>El \u00daLTIMO SE ProdUjo El Viernes. Un Joven Refugiado Sirio es Sospechoso de Herir Gravemente A Un Espa\u00f1ol en el Memorial del Holocausto en Berl\u00edn. Seg\u00fan Las Autoridades, Quer\u00eda \u00abMatar Jud\u00edos\u00bb.<\/p>\n<p>Tambi\u00e9n FIENTERON EN LA CAMPADAS LOS DECROTOS Y Declaraciones del Presidente Estadounidense Donald Trump y La injerencia de lo Ennointo un favor de la extrema derecha. (CP\/EFE, DPA) <\/p>\n<\/div>\n<p><span class=\"svdcmki\">https:\/\/p.dw.com\/p\/4qw7k<\/span><\/p>\n<\/div>\n\n","protected":false},"excerpt":{"rendered":"<p>Ir a la Siguiente Seci\u00f3n Primeros Pron\u00f3micos: Uni\u00f3n Conservadora CDU\/CSU ES LA Mayor Fuerza 23\/02\/202523 de febrero de 2025 Primeros Pron\u00f3micos: Uni\u00f3n Conservadora CDU\/CSU ES LA MAYO FUERZA Seguidores de la Uni\u00f3n Conservadora Cdu\/CSU en Alemania, Con Carteles con el Nombre del Candidato, Friedrich Merz.Imagen: Kai Pfaffenbach\/Reuters En Estas Elecciones anticipadas en Alemania se Perfila, &hellip;<\/p>\n","protected":false},"author":1,"featured_media":15936,"comment_status":"open","ping_status":"open","sticky":false,"template":"","format":"standard","meta":{"fifu_image_url":"https:\/\/static.dw.com\/image\/71721329_6.jpg","fifu_image_alt":"","footnotes":""},"categories":[13],"tags":[],"class_list":["post-15935","post","type-post","status-publish","format-standard","has-post-thumbnail","","category-mundo"],"_links":{"self":[{"href":"https:\/\/noticiasveraces.com\/index.php?rest_route=\/wp\/v2\/posts\/15935","targetHints":{"allow":["GET"]}}],"collection":[{"href":"https:\/\/noticiasveraces.com\/index.php?rest_route=\/wp\/v2\/posts"}],"about":[{"href":"https:\/\/noticiasveraces.com\/index.php?rest_route=\/wp\/v2\/types\/post"}],"author":[{"embeddable":true,"href":"https:\/\/noticiasveraces.com\/index.php?rest_route=\/wp\/v2\/users\/1"}],"replies":[{"embeddable":true,"href":"https:\/\/noticiasveraces.com\/index.php?rest_route=%2Fwp%2Fv2%2Fcomments&post=15935"}],"version-history":[{"count":0,"href":"https:\/\/noticiasveraces.com\/index.php?rest_route=\/wp\/v2\/posts\/15935\/revisions"}],"wp:featuredmedia":[{"embeddable":true,"href":"https:\/\/noticiasveraces.com\/index.php?rest_route=\/wp\/v2\/media\/15936"}],"wp:attachment":[{"href":"https:\/\/noticiasveraces.com\/index.php?rest_route=%2Fwp%2Fv2%2Fmedia&parent=15935"}],"wp:term":[{"taxonomy":"category","embeddable":true,"href":"https:\/\/noticiasveraces.com\/index.php?rest_route=%2Fwp%2Fv2%2Fcategories&post=15935"},{"taxonomy":"post_tag","embeddable":true,"href":"https:\/\/noticiasveraces.com\/index.php?rest_route=%2Fwp%2Fv2%2Ftags&post=15935"}],"curies":[{"name":"wp","href":"https:\/\/api.w.org\/{rel}","templated":true}]}}