{"id":15928,"date":"2025-02-23T12:10:13","date_gmt":"2025-02-23T16:10:13","guid":{"rendered":"https:\/\/noticiasveraces.com\/?p=15928"},"modified":"2025-02-23T12:10:13","modified_gmt":"2025-02-23T16:10:13","slug":"manifestacion-el-descontento-con-las-polyticas-de-ayuso-saca-a-la-calle-a-todo-el-arco-de-la-educacion-publica-en-madrid-educacion","status":"publish","type":"post","link":"https:\/\/noticiasveraces.com\/?p=15928","title":{"rendered":"Manifestaci\u00f3n: El Descontento con Las Polyticas de Ayuso Saca a la Calle a TODO El Arco de la Educaci\u00f3n P\u00fablica en Madrid | Educaci\u00f3n"},"content":{"rendered":"<p> \n<\/p>\n<div data-dtm-region=\"articulo_cuerpo\">\n<p class=\"\">Este Domingo, El Descontento ha Sacado a la Calle a Miles de Personas (25.000 Seg\u00fan Delegaci\u00f3n del Gobierno y M\u00e1s de 100.000 Seg\u00fan Los Convocantes) Por el Centro de la Capital en una Gran Marea de Camisetas verdes el Lema <i>Salvemos la Educaci\u00f3n P\u00fablica<\/i>. Los Los Trabajadores de las Etapas Preuniversitarias Llevan M\u00e1S de un A\u00f1o Pidido De la Complutense y la aut\u00f3noma de Madrid, Que Est\u00e1n Inmersos en una asfixia Econ\u00f3mica Sin Paliativos.<\/p>\n<p class=\"\">Este Ocurre Mientras el Gobierno de madrid se enorgulleca de que la regi\u00f3n la Financi\u00f3n de Su Educaci\u00f3n P\u00fablica, Desde los Cero A\u00f1os a la Universidad de Mayores, Mientras que el Negocio privado no deja de extenderse. Los manifestantes se lo han registro a la presidenta regional, Isabel d\u00edaz Ayuso, con pancartas en las que se lea\u00eda: \u00abLa educaci\u00f3n es un derecho, no un neglocio\u00bb.<\/p>\n<figure class=\"a_m a_m-h \"><span class=\"_db a_m_w _pr lb_btn\"><img alt=\"Decenas de Personas, Durante la Manifiesto por la Educaci\u00f3n P\u00fablica Celebra en Madrid Este Domingo.\" decoding=\"auto\" class=\"_re lazyload a_m-h\" height=\"277\" srcset=\"https:\/\/imagenes.elpais.com\/resizer\/v2\/DRRWZ5OKPNCWROHDJMDWDEP2MM.JPG?auth=fa7a718d94d32884a91a98f62eb9ef434db8e6fb3c8aea6c665264e5b76fc671&amp;width=414 414w,https:\/\/imagenes.elpais.com\/resizer\/v2\/DRRWZ5OKPNCWROHDJMDWDEP2MM.JPG?auth=fa7a718d94d32884a91a98f62eb9ef434db8e6fb3c8aea6c665264e5b76fc671&amp;width=828 640w,https:\/\/imagenes.elpais.com\/resizer\/v2\/DRRWZ5OKPNCWROHDJMDWDEP2MM.JPG?auth=fa7a718d94d32884a91a98f62eb9ef434db8e6fb3c8aea6c665264e5b76fc671&amp;width=980 1000w,https:\/\/imagenes.elpais.com\/resizer\/v2\/DRRWZ5OKPNCWROHDJMDWDEP2MM.JPG?auth=fa7a718d94d32884a91a98f62eb9ef434db8e6fb3c8aea6c665264e5b76fc671&amp;width=1960 1960w\" width=\"414\" sizes=\"auto, (min-width:1199px) 1155px,(min-width:1001px) calc(100vw - 44px),(min-width:768px) 767px, 100vw\" src=\"https:\/\/imagenes.elpais.com\/resizer\/v2\/DRRWZ5OKPNCWROHDJMDWDEP2MM.JPG?auth=fa7a718d94d32884a91a98f62eb9ef434db8e6fb3c8aea6c665264e5b76fc671&amp;width=414\" loading=\"lazy\"\/><svg class=\"icon_multimedia_ampliar | _pa a_m_i a_m_i-a _dn\" viewbox=\"0 0 40 40\"><use xlink:href=\"#svg-ampliar\"\/><\/svg><\/span><figcaption class=\"a_m_p\"><span>Decenas de Personas, Durante la Manifiesto por la Educaci\u00f3n P\u00fablica Celebra en Madrid Este Domingo.<\/span><span class=\"a_m_m\">Andrea Comas<\/span><\/figcaption><\/figure>\n<p class=\"\">A la Manifestaci\u00f3n Ha Acudido la vicepresidida segunda y ministerio de Trabajo, Yolanda D\u00edaz, Que ha afirmado que existe un atqueque \u00abbrutal\u00bb de la derecha a la educaci\u00f3n p\u00fablica. HA Comparado al Gobierno de Ayuso Con El Del Presidente Argentino, Javier Milei, Pues considere que \u00abBajan los Impuestos A Los Ricos, Mientras Destrozan los Servicios P\u00fablicos\u00bb, Se\u00f1ala Efe. Ha Estado Acompa\u00f1ada por la Ministra de Juventud E Infancia, Sira Riego, Que Se Ha Manifestado Preocupada Por \u00abLa Pol\u00edtica de Recortes del PP de Madrid\u00bb.<\/p>\n<aside class=\"a_ei\">\n<header class=\"a_ei_h _db\">M\u00e1s Informaci\u00f3n<\/header>\n<\/aside>\n<p class=\"\">All\u00ed Estaba Tambi\u00e9n Javier Moreno Luz\u00f3n, Recente Premio Nacional de Historia de Espa\u00f1a, Que Ha Vuelto A Impartir Clase al Aire Libre \u2014la Batalla por la Escuela: Los liberales contra la Iglesia (1898-1923) se ha ha Ha TiTulado, Antes de la Manifiesto manifi\u00e1ci\u00f3n. Manifi\u00f3n. revivido el Movimiento la uni en la Calle, protagonista de las protestas de hace una d\u00e9cada al hilo de la tijera del ministerio jos\u00e9 ignacio wert en las bebas y las partidas para educaci\u00f3nia transferidas a las autonom\u00edas. Pero el Escenario Ahora es Muy DiFerente.<\/p>\n<p class=\"\">\u00abMe indigna especial de que se est\u00e1 Falta de Financiaci\u00f3n, que impide prestar los servicios P\u00fablicos de Manera adecuada en educaci\u00f3n o sanidad, se produce en mitad de una \u00e9poca de bonanza econ\u00f3mica\u00bb, argumento el catedr\u00e1tico de la crevisi\u00f3n. \u201cMadrid, en Vez de Acompa\u00f1a El Ciclo Econ\u00f3mico, reduce A\u00fan M\u00e1s El Presupesto y Asfixia El Sistema Educate. No hay m\u00e1s raz\u00f3n que la ideol\u00f3gica. Es un proyecto de deterioro de los servicios p\u00fablicos para que la gente acuda a los privados \u00ab. En la manifestaci\u00f3n se Han Reglamado Tambi\u00e9n M\u00e1s Pediatras, Pues Hay Un D\u00e9ficit del 30% de Plaza, As\u00ed como m\u00e1s fisioterapeutas en los centros, Enfermeras o integradores sociales.<\/p>\n<p class=\"\">EN 2021 \u2015ELTIMO DATO Publicado Por El Ministerio de Educaci\u00f3n &#8211; El Gasto en Educaci\u00f3n P\u00fablica No Universitaria en Madrid Era de 5.886 Euros por Alumno al A\u00f1o, Frente A Los 7.043 de Media Nacional. Y en la Universidad Los datos no dejan a madrid en mejor lugar: 5.500 euros por estudiante en el 2022\/2023, frente a los 6.671 en Espa\u00f1a, seg\u00fan datos del ministerio de ciencia, innovaci\u00f3n y universidad. Y es la autonom\u00eda en la que las Familias Desembolsan M\u00e1s Dinero por la Matr\u00edcula Universitaria de Sus Hijos (1.113 Euros Frente A 922 Euros de Media). Antes de la Manifestaci\u00f3n El Consejoero Emilio VICICEA HA CARGADA CONTRA LOS PROTESTAN: \u201cLOS ACTIVISTAS QUE INTENTAN COLONIAR LA UNIVERSIDAD P\u00daBLICA QUIEREN ARRASTRAR ESTE FIN DE SEMANA AL RESTO DE LA Educaci\u00f3n en la Comunidad de Madrid. La Educaci\u00f3n Les IMPORTA CERO \u201d.<\/p>\n<div id=\"sum_twitter\" data-oembed-type=\"twitter\" class=\"a_em _df\">\n<blockquote class=\"twitter-tweet\">\n<p lang=\"es\" dir=\"ltr\">Los activistas que se intencionan el colonizar la universidad p\u00fablica quieren arsastrar este fin de semana al resta de la educaci\u00f3n en la comunidad de madrid. La Educaci\u00f3n Les IMPORTA CERO. S\u00f3lo Buscan R\u00e9ditos Pol\u00cdticos. <a href=\"https:\/\/t.co\/lEv14kpDPw\">pic.twitter.com\/lev14kpdpw<\/a><\/p>\n<p>&#8211; Emilio VICICEA (@evicianAduro) <a href=\"https:\/\/twitter.com\/EVicianaDuro\/status\/1893587261821739014?ref_src=twsrc%5Etfw\">23 de febrero de 2025<\/a><\/p><\/blockquote>\n<\/div>\n<p class=\"\">\u00abLo que Tenemos en la Universidad es una infrafiniancia cr\u00f3nica, lo que viene ahora hijo los recortes y estey temblando porque en el departamento samos ciento y pico\u00bb, cuenta Irene Solbes, Secretaria Acad\u00e9mica del Grupo Investigaci\u00f3n y Psicolog\u00ed en Educaci\u00f3n de UCM. \u201cEn Otras Etapas Educativas inferior a lo que no hay tanto tanto problema de infrafinancia, pero s\u00ed Much\u00edsimas Carencias. Yo, que trabajo en el desarrollo de la salud mental, vero que en el n\u00famero de orientadoras por alumnado, que es algo fundamental, Estamos a la cola de europa \u201d. La UNESCO Recomienda 250 Escolares por Orientador, Cuando en Madrid Pueden Ser Un Millar.<\/p>\n<figure class=\"a_m a_m-h \"><span class=\"_db a_m_w _pr lb_btn\"><img alt=\"Manifestaci\u00f3n por la Educaci\u00f3n P\u00fablica en Madrid, Este Domingo. \" decoding=\"auto\" class=\"_re lazyload a_m-h\" height=\"277\" srcset=\"https:\/\/imagenes.elpais.com\/resizer\/v2\/JTQ4GCVCWFHCFM5HQ6OQZQNNQI.JPG?auth=c8b005f0fdca614e963234269202ffe8fcebab3f249123384e0b22a742a0ce57&amp;width=414 414w,https:\/\/imagenes.elpais.com\/resizer\/v2\/JTQ4GCVCWFHCFM5HQ6OQZQNNQI.JPG?auth=c8b005f0fdca614e963234269202ffe8fcebab3f249123384e0b22a742a0ce57&amp;width=828 640w,https:\/\/imagenes.elpais.com\/resizer\/v2\/JTQ4GCVCWFHCFM5HQ6OQZQNNQI.JPG?auth=c8b005f0fdca614e963234269202ffe8fcebab3f249123384e0b22a742a0ce57&amp;width=980 1000w,https:\/\/imagenes.elpais.com\/resizer\/v2\/JTQ4GCVCWFHCFM5HQ6OQZQNNQI.JPG?auth=c8b005f0fdca614e963234269202ffe8fcebab3f249123384e0b22a742a0ce57&amp;width=1960 1960w\" width=\"414\" sizes=\"auto, (min-width:1199px) 1155px,(min-width:1001px) calc(100vw - 44px),(min-width:768px) 767px, 100vw\" src=\"https:\/\/imagenes.elpais.com\/resizer\/v2\/JTQ4GCVCWFHCFM5HQ6OQZQNNQI.JPG?auth=c8b005f0fdca614e963234269202ffe8fcebab3f249123384e0b22a742a0ce57&amp;width=414\" loading=\"lazy\"\/><svg class=\"icon_multimedia_ampliar | _pa a_m_i a_m_i-a _dn\" viewbox=\"0 0 40 40\"><use xlink:href=\"#svg-ampliar\"\/><\/svg><\/span><figcaption class=\"a_m_p\"><span>Manifestaci\u00f3n por la Educaci\u00f3n P\u00fablica en Madrid, Este Domingo. <\/span><span class=\"a_m_m\">Andrea Comas<\/span><\/figcaption><\/figure>\n<p class=\"\">\u00abNos Tenemos que Preguntar que Tipo de Atenti\u00f3n Educativa Tenemos y Si Hay Medios para los Chavales con necesidad de Educativas Educativas\u00bb, Plantea. Tiene la sensaci\u00f3n de que a sus alumnos, que ser\u00e1n maestros pronto, les habla de programas de integraci\u00f3n de este alumnado que requerida una gran financiera que no van a llegar nunca; que les cuenta una entelequia. De ello se quejaban est\u00e1 Ma\u00f1ana en la Marcha los Alumnos Con Autismo, Sus Familias y Sus Profesores Tras una Pancarta: \u201cPor una Educaci\u00f3n inclusiva. Llaman inclusi\u00f3n y no lo es \u201d.<\/p>\n<p class=\"\">La Serbia Milika Babic, Profesora de Ingl\u00e9s en Secundaria, No Cree Que Sus Horas Lectivas Vayan A Bajar de 20 A 19 Sus Horas, Como Promete la Consejer\u00eda de Educaci\u00f3n. \u00abES Imposible de Cumplir\u00bb. Ratios de alumnos de Al Igual que Alumnos. \u00abSE Supone Que en Primero y Segundo de Eso Bajaban A 25 Y Han Clases con 29 \u2033, Prosigue Esta Doccente del Instituto Jos\u00e9 Luis San Pedro de Tres Cantos. Todas Las Autonom\u00edas Han Disminuido Estos Ratios que Subieron Con la Crisis Econ\u00f3mica Hace M\u00e1s de Una D\u00e9cada. Tambi\u00e9n en la Escuela de Idiomas, Pasaron de 18 A 20 Horas y Hoy se manifiesto.<\/p>\n<p class=\"\">Con Babic Marcha Su Familia y Aitana Mingot, Tambi\u00e9n Profesora de Ingl\u00e9s Pero en Un Instituto, El Vallecas Margerit, de Alta Complejidad y Pocos Medios. \u201cTengo 120 Alumnos Muy Desfavorecidos, un hijo de Veces Aulas Hospitalarias. Se Necesita Mucha Sensibilidad \u201d, Pero apenas cuentan con una orientadora para para dodo el Centro.<\/p>\n<figure class=\"a_m a_m-h \"><span class=\"_db a_m_w _pr lb_btn\"><img alt=\"Participantes en la manifestaci\u00f3n por la Educaci\u00f3n P\u00fablica en Madrid, Este Domingo. \" decoding=\"auto\" class=\"_re lazyload a_m-h\" height=\"277\" srcset=\"https:\/\/imagenes.elpais.com\/resizer\/v2\/2ZPK7QJKDZAMPKWPRY5D5IZ5W4.JPG?auth=4e220bb9c3e4479531526d887c94110db0715bf46186e341155aabcf39ff3b5b&amp;width=414 414w,https:\/\/imagenes.elpais.com\/resizer\/v2\/2ZPK7QJKDZAMPKWPRY5D5IZ5W4.JPG?auth=4e220bb9c3e4479531526d887c94110db0715bf46186e341155aabcf39ff3b5b&amp;width=828 640w,https:\/\/imagenes.elpais.com\/resizer\/v2\/2ZPK7QJKDZAMPKWPRY5D5IZ5W4.JPG?auth=4e220bb9c3e4479531526d887c94110db0715bf46186e341155aabcf39ff3b5b&amp;width=980 1000w,https:\/\/imagenes.elpais.com\/resizer\/v2\/2ZPK7QJKDZAMPKWPRY5D5IZ5W4.JPG?auth=4e220bb9c3e4479531526d887c94110db0715bf46186e341155aabcf39ff3b5b&amp;width=1960 1960w\" width=\"414\" sizes=\"auto, (min-width:1199px) 1155px,(min-width:1001px) calc(100vw - 44px),(min-width:768px) 767px, 100vw\" src=\"https:\/\/imagenes.elpais.com\/resizer\/v2\/2ZPK7QJKDZAMPKWPRY5D5IZ5W4.JPG?auth=4e220bb9c3e4479531526d887c94110db0715bf46186e341155aabcf39ff3b5b&amp;width=414\" loading=\"lazy\"\/><svg class=\"icon_multimedia_ampliar | _pa a_m_i a_m_i-a _dn\" viewbox=\"0 0 40 40\"><use xlink:href=\"#svg-ampliar\"\/><\/svg><\/span><figcaption class=\"a_m_p\"><span>Participantes en la manifestaci\u00f3n por la Educaci\u00f3n P\u00fablica en Madrid, Este Domingo. <\/span><span class=\"a_m_m\">Andrea Comas<\/span><\/figcaption><\/figure>\n<p class=\"\">Madrid ES, Tras El Pa\u00eds Vasco, La Autonom\u00eda Con Menos Escolares Matriculados en Colegios e Institutos P\u00fablicos (54%), Pues las Familias Han Ido Apostando por la ense\u00f1anza Concertada (28,8%) \u2015Es Nuevos Barrios de la Capital No Se Se. Construyeron Durante A\u00f1os Servicios P\u00fablicos &#8211; O Privada (17,4%). Lo han fomentado los cheques Guarder\u00eda \u2014El 78% de las Familias que Solicitaron Plaza P\u00fablica en una del Ayuntamiento de la Capital no lograron este a\u00f1o &#8211; o lasbas para que familia muy Pudientes abonen el bachillerato privado &#8211; ingresos 2.000 y 3.500 euros &#8211; O LA FP Superior.<\/p>\n<p class=\"\">El Curso Pasado Hab\u00eda M\u00e1s Alumnos de FP Superior en Centros Privados y Concertados (50.000) Que P\u00fablicos (46.319). Seg\u00fan datos de comisiones obreras, un comienzo de curso 50.000 j\u00f3venes no ten\u00edan plaza en una titulaci\u00f3n de fp en la p\u00fablica \u2015La Mayor\u00eda en Estudios Sanitarios o de Inform\u00e1bica-, Mientras que el Gobierno Recordal RecordABa Que hab\u00eda 13.200 Senitios o de Inform\u00e1brir. Adem\u00e1s, Seg\u00fan El Sindicato, El 60% de los de la P\u00fablica no Ten\u00edan Las Pr\u00e1cticas Garantizadas. En la protesta se Han Hecho Notar.<\/p>\n<figure class=\"a_m a_m-h \"><span class=\"_db a_m_w _pr lb_btn\"><img alt=\"Centenares de Personas Participan en la manifiesto por la Educaci\u00f3n P\u00fablica en Madrid, Este Domingo.\" decoding=\"auto\" class=\"_re lazyload a_m-h\" height=\"277\" srcset=\"https:\/\/imagenes.elpais.com\/resizer\/v2\/YU3O7T7HKZCKVOGGTGBKL3YMAA.JPG?auth=b69eedcfd6bfac765089b065584305bc1d8641a9044a729e6b076a6cc0ceff21&amp;width=414 414w,https:\/\/imagenes.elpais.com\/resizer\/v2\/YU3O7T7HKZCKVOGGTGBKL3YMAA.JPG?auth=b69eedcfd6bfac765089b065584305bc1d8641a9044a729e6b076a6cc0ceff21&amp;width=828 640w,https:\/\/imagenes.elpais.com\/resizer\/v2\/YU3O7T7HKZCKVOGGTGBKL3YMAA.JPG?auth=b69eedcfd6bfac765089b065584305bc1d8641a9044a729e6b076a6cc0ceff21&amp;width=980 1000w,https:\/\/imagenes.elpais.com\/resizer\/v2\/YU3O7T7HKZCKVOGGTGBKL3YMAA.JPG?auth=b69eedcfd6bfac765089b065584305bc1d8641a9044a729e6b076a6cc0ceff21&amp;width=1960 1960w\" width=\"414\" sizes=\"auto, (min-width:1199px) 1155px,(min-width:1001px) calc(100vw - 44px),(min-width:768px) 767px, 100vw\" src=\"https:\/\/imagenes.elpais.com\/resizer\/v2\/YU3O7T7HKZCKVOGGTGBKL3YMAA.JPG?auth=b69eedcfd6bfac765089b065584305bc1d8641a9044a729e6b076a6cc0ceff21&amp;width=414\" loading=\"lazy\"\/><svg class=\"icon_multimedia_ampliar | _pa a_m_i a_m_i-a _dn\" viewbox=\"0 0 40 40\"><use xlink:href=\"#svg-ampliar\"\/><\/svg><\/span><figcaption class=\"a_m_p\"><span>Centenares de Personas Participan en la manifiesto por la Educaci\u00f3n P\u00fablica en Madrid, Este Domingo.<\/span><span class=\"a_m_m\">Andrea Comas<\/span><\/figcaption><\/figure>\n<p class=\"\">\u201c13 Universidades Privadas en madrid y la Tuya se Cae A Cachos. Ayuso Dimisi\u00f3n \u201d, Reza una Pancarta. En Las Carreras de Medicina, Psicolog\u00eda o Ciencias del Deporte \u2014cuya desbordada demanda no puede cubrir la p\u00fablica por falta de plazas y medios &#8211; ya hay m\u00e1s alumnos en primero en madrid que en las aulas p\u00fablicas. ESTA Senda de Privatizaci\u00f3n La Han Iniciado Con TODO El \u00edmpetu en andaluc\u00eda, Extremadura y Canarias.<\/p>\n<p class=\"\">La asfixia financiera y de resultados laborales de los cient\u00edficos m\u00e1s j\u00f3venes ha derivado en la Creaci\u00f3n Este de la Asociaci\u00f3n de Trabajadoras precarias de la Investigaci\u00f3n de la Comunidad de Madrid (ya existe una de \u00e1cito \u201cNo podemos seguir Permitiendo que la investigaci\u00f3n de la investigaci\u00f3n Sostenga Sobre la Precariedad. Es Hora de Que se Reconozca y Garantice Un Futuro estable \u201d, Se\u00f1ala Cristina Rodr\u00edguez, vicepresidenta.<\/p>\n<figure class=\"a_m a_m-h \"><span class=\"_db a_m_w _pr lb_btn\"><img alt=\"Participantes en la manifestaci\u00f3n por la Educaci\u00f3n P\u00fablica en Madrid, Este Domingo.\" decoding=\"auto\" class=\"_re lazyload a_m-h\" height=\"276\" srcset=\"https:\/\/imagenes.elpais.com\/resizer\/v2\/5G4IYSWKKFG3LEZBJ7V5NVPW5M.JPG?auth=9394811c0e393361b734bf14dc4375ea8eab41d955c088df1be95fb6e9f90f94&amp;width=414 414w,https:\/\/imagenes.elpais.com\/resizer\/v2\/5G4IYSWKKFG3LEZBJ7V5NVPW5M.JPG?auth=9394811c0e393361b734bf14dc4375ea8eab41d955c088df1be95fb6e9f90f94&amp;width=828 640w,https:\/\/imagenes.elpais.com\/resizer\/v2\/5G4IYSWKKFG3LEZBJ7V5NVPW5M.JPG?auth=9394811c0e393361b734bf14dc4375ea8eab41d955c088df1be95fb6e9f90f94&amp;width=980 1000w,https:\/\/imagenes.elpais.com\/resizer\/v2\/5G4IYSWKKFG3LEZBJ7V5NVPW5M.JPG?auth=9394811c0e393361b734bf14dc4375ea8eab41d955c088df1be95fb6e9f90f94&amp;width=1960 1960w\" width=\"414\" sizes=\"auto, (min-width:1199px) 1155px,(min-width:1001px) calc(100vw - 44px),(min-width:768px) 767px, 100vw\" src=\"https:\/\/imagenes.elpais.com\/resizer\/v2\/5G4IYSWKKFG3LEZBJ7V5NVPW5M.JPG?auth=9394811c0e393361b734bf14dc4375ea8eab41d955c088df1be95fb6e9f90f94&amp;width=414\" loading=\"lazy\"\/><svg class=\"icon_multimedia_ampliar | _pa a_m_i a_m_i-a _dn\" viewbox=\"0 0 40 40\"><use xlink:href=\"#svg-ampliar\"\/><\/svg><\/span><figcaption class=\"a_m_p\"><span>Participantes en la manifestaci\u00f3n por la Educaci\u00f3n P\u00fablica en Madrid, Este Domingo.<\/span><span class=\"a_m_m\">Andrea Comas<\/span><\/figcaption><\/figure>\n<\/div>\n<p><script async src=\"https:\/\/platform.twitter.com\/widgets.js\" charset=\"utf-8\"><\/script><br \/>\n<br \/>\n","protected":false},"excerpt":{"rendered":"<p>Este Domingo, El Descontento ha Sacado a la Calle a Miles de Personas (25.000 Seg\u00fan Delegaci\u00f3n del Gobierno y M\u00e1s de 100.000 Seg\u00fan Los Convocantes) Por el Centro de la Capital en una Gran Marea de Camisetas verdes el Lema Salvemos la Educaci\u00f3n P\u00fablica. Los Los Trabajadores de las Etapas Preuniversitarias Llevan M\u00e1S de un &hellip;<\/p>\n","protected":false},"author":1,"featured_media":15929,"comment_status":"open","ping_status":"open","sticky":false,"template":"","format":"standard","meta":{"fifu_image_url":"https:\/\/imagenes.elpais.com\/resizer\/v2\/JNEFFAKD7RCYJG5AHEYVQ64NHY.JPG?auth=80b7399f445efd15e54a392905e0400d7f450b089b61eeb9cec266b31b0859b2&width=1200","fifu_image_alt":"","footnotes":""},"categories":[11],"tags":[],"class_list":["post-15928","post","type-post","status-publish","format-standard","has-post-thumbnail","","category-viaje"],"_links":{"self":[{"href":"https:\/\/noticiasveraces.com\/index.php?rest_route=\/wp\/v2\/posts\/15928","targetHints":{"allow":["GET"]}}],"collection":[{"href":"https:\/\/noticiasveraces.com\/index.php?rest_route=\/wp\/v2\/posts"}],"about":[{"href":"https:\/\/noticiasveraces.com\/index.php?rest_route=\/wp\/v2\/types\/post"}],"author":[{"embeddable":true,"href":"https:\/\/noticiasveraces.com\/index.php?rest_route=\/wp\/v2\/users\/1"}],"replies":[{"embeddable":true,"href":"https:\/\/noticiasveraces.com\/index.php?rest_route=%2Fwp%2Fv2%2Fcomments&post=15928"}],"version-history":[{"count":0,"href":"https:\/\/noticiasveraces.com\/index.php?rest_route=\/wp\/v2\/posts\/15928\/revisions"}],"wp:featuredmedia":[{"embeddable":true,"href":"https:\/\/noticiasveraces.com\/index.php?rest_route=\/wp\/v2\/media\/15929"}],"wp:attachment":[{"href":"https:\/\/noticiasveraces.com\/index.php?rest_route=%2Fwp%2Fv2%2Fmedia&parent=15928"}],"wp:term":[{"taxonomy":"category","embeddable":true,"href":"https:\/\/noticiasveraces.com\/index.php?rest_route=%2Fwp%2Fv2%2Fcategories&post=15928"},{"taxonomy":"post_tag","embeddable":true,"href":"https:\/\/noticiasveraces.com\/index.php?rest_route=%2Fwp%2Fv2%2Ftags&post=15928"}],"curies":[{"name":"wp","href":"https:\/\/api.w.org\/{rel}","templated":true}]}}