{"id":15914,"date":"2025-02-23T11:22:52","date_gmt":"2025-02-23T15:22:52","guid":{"rendered":"https:\/\/noticiasveraces.com\/?p=15914"},"modified":"2025-02-23T11:22:52","modified_gmt":"2025-02-23T15:22:52","slug":"que-la-enfirmedad-de-la-culebrilla-y-por-queja-afecta-a-la-poblacia-de-mas-de-50-anos","status":"publish","type":"post","link":"https:\/\/noticiasveraces.com\/?p=15914","title":{"rendered":"\u00bfQu\u00e9 la Enfirmedad de la Culebrilla y por Qu\u00e9ja Afecta a la Poblacia de M\u00e1s de 50 A\u00f1os?"},"content":{"rendered":"<p> \n<br \/><img decoding=\"async\" src=\"https:\/\/gdb.voanews.com\/01000000-c0a8-0242-d3a7-08dbfa7e871c_w800_h450.jpg\" \/><\/p>\n<div>\n<span class=\"dateline\">Miami &#8211; <\/span><\/p>\n<p>Seg\u00fan los centros para el control y la prevenci\u00f3n de Enfirmedades de Estados Unidos (CDC), Apoximadamme 1 de Cada 3 Personas en el Pa\u00eds desarrollar\u00e1 Culebrilla en alg\u00fan Momento de su Vida. Un pesar de su alta incidencia, Muchos desconocen la gravedad de esta condici\u00f3n y las medidas preventivas disponibles.<\/p>\n<p>Del 24 de febrero al 2 de marzo se celebra la semana de conciencia de la conciencia Sobre la Culebrilla, una iniciativa crucial para educar a la Poblaci\u00f3n Sobre est\u00e1 Enfirmedad Que, Aunque prevenible, Sigue Afectando a Millones de Personas en Estados Unidos.<\/p>\n<h3 class=\"wsw__h3\">\u00bfQ\u00e9 es la Culebrilla y Por Qu\u00e9 se Activa?<\/h3>\n<p>\u00abLa Culebrilla, Tambi\u00e9n Conocida como Herpes Z\u00f3ster, es una Enfirmedad Causada por la Reactivaci\u00f3n del Virus Varicela-Z\u00f3ster, El Mismo virus que provoca la varicela\u00bb, explic\u00f3 el Dr. Romano Durante una Entrevista con la con la <strong><em>Voz de Am\u00e9rica<\/em><\/strong>.<\/p>\n<p>\u00abEl virus de este permanente latente en el organismo despr\u00e9S de una infeccioso por varicela y puede reactivarse a\u00f1os o incluso d\u00e9cadas despr\u00e9s. Cuando este suced en la Cara O Extremidades \u00ab, Agreg\u00f3.<\/p>\n<p>El Especialista Enfatiz\u00f3 que la Culebrilla no es una erupci\u00f3n simple cut\u00e1nea en tanto que \u00ablo que los pacientes m\u00e1s refieren es el dolor intenso y quemante\u00bb que produce esta enfermedad.<\/p>\n<p>\u00abEs una experiencia que puede aislar a las personas porque el dolor interfiere con la vida diaria, afecta la calidad del sue\u00f1o y puede impactar emocionalmento\u00bb, advirti\u00f3.<\/p>\n<h3 class=\"wsw__h3\">\u00bfQ\u00e9 S\u00edntomas presenta la Culebrilla?<\/h3>\n<p>LOS Primeros Signos de Culebrilla suelen incluido hormigeo, Picaz\u00f3n o dolor en un \u00e1rea localizada del cuerpo antes de que aparezca la erupci\u00f3nis.<\/p>\n<p>\u00abGeneral la empieza con una sensaci\u00f3n de ardor o dolor en una zona de la piel y, despoes de unos d\u00eda, aparecen las ampolas, que luego evolucionan a costras\u00bb, Se\u00f1al\u00f3 el Dr. Romano Aclarando que \u00abAlgunas personales Tambi\u00e9 Pueden Pueden FiEbre, Fataigagu\u00e9, fat. y dolor de Cabeza \u00ab.<\/p>\n<p>UNA de las Aclicaciones M\u00e1s Temidas de la Culebrilla es la Neuralgia Posherp\u00e9tica (NPH), una afecci\u00f3nis en la que el dolor persiste durante meses o incluso A\u00f1os A\u00f1os deS de Que la erupci\u00f3nOn Haya desparecido.<\/p>\n<p>\u00abHasta un 20 % de las personas que desarrollan Culebrilla Pueden Sufrir Neuralgia Posherp\u00e9tica\u00bb, Alert\u00f3 El Especialista M\u00e9dico. \u00abEste Dolor es de DiF\u00edcil Manejo y Puede Afectar Profundamente La Calidad de Vida de Quienes lo Padecen\u00bb, Prosigui\u00f3.<\/p>\n<h3 class=\"wsw__h3\">\u00bfCu\u00e1les Son Los Factores de Riesgo?<\/h3>\n<p>El Riesgo de Desarrollar Culebrilla aumma con la Edad Debido a la Disinuci\u00f3n de la Respuesta Inmunitaria. \u00abSe estima que m\u00e1s del 99 % de las personas de 50 A\u00f1os o m\u00e1s ya tenemos el virus varicela-z\u00f3ster en nuestro cuerpo, lo que significan que podr\u00edamos desarrollar Culebrilla en alg\u00fannomso\u00bb, dijo.<\/p>\n<p>En Esa L\u00ednea, Se\u00f1al\u00f3 que \u00abA Partir de los 50, El Sistema Inmune Pierde Eficacia en Controlar la Reactivaci\u00f3n del Virus\u00bb, por lo que se supone que desde Esa Edad se Deben Atender Los Mecanismos de Prevencion Entre la Poblaci\u00f3n.<\/p>\n<p>Adem\u00e1s de la Edad, Existen Otros Factores de Riesgo, coma EnferMedades cr\u00f3nicas (diabetes, enfermedades cardiovasculares, asma), tratamientos inmunosupresores, y niveles libados de estr\u00e9s. \u00abMuchos piensan que si lllevan una vida sana, no les va a pasar, Pero el envejecimento del sistema inmune es algo inevitable\u00bb, Recalc\u00f3 Romano.<\/p>\n<h3 class=\"wsw__h3\">\u00bfMitos Sobre la Culebrilla?<\/h3>\n<p>Un Mito Com\u00fan es Que Haber Tenido Varicela en la Infancia Protege Contra la Culebrilla. \u00abESTO ES FALSO\u00bb, Recalc\u00f3 El Dr. Romano. \u00abHaber tenido varicela significan que el virus est\u00e1 en tu organismo, latente, listo para reactivarse. No brinda ninguna protecci\u00f3n contra la culebrilla\u00bb, expuso.<\/p>\n<p>Tambi\u00e9n el M\u00e9dico Lament\u00f3 que Hay una falsa Creencia de Que la Culebrilla No se Puede Prevenir, Pero Gracias Al Avance Cient\u00edfico No es As\u00ed. \u00abHoy Tenemos Vacunas Altamento eficaces que pueden reducir dr\u00e1sticamme el riesgo de desarrollar la enfermedad y sus complicaciones\u00bb, afirm\u00f3.<\/p>\n<h3 class=\"wsw__h3\">\u00bfC\u00f3mo prevenir la Culebrilla?<\/h3>\n<p>La Vacuna Recombinante Contra la Culebrilla es la Mejor Herramienta de Prevenci\u00f3n Disponible. Los CDC Recomiendan que Todos los Adultos de 50 A\u00f1os o m\u00e1s reciban dos dosis de est\u00e1 vacuna, Conun intervalo de dos a seis meses entre cadada dosis. \u00abLa Eficacia de la Vacuna SuperA el 90 % en la Prevencia del Herpes Z\u00f3ster y la Neuralgia Posherp\u00e9tica\u00bb, Dijo Romano.<\/p>\n<h3 class=\"wsw__h3\">La Culebrilla y la Comunidad Hispana<\/h3>\n<p>El Dr. Romano Se\u00f1al\u00f3 Que Dentro de la Comunidad Hispana en Eeuu Hay una Brecha en El Acceso a la Vacunaci\u00f3n. \u00abMuchas Veces, La Falta de Informaci\u00f3n, El Acceso Limitado a la Atenci\u00f3n M\u00e9dica y las Barreras Econ\u00f3micas Hacen Que la Poblacia Hispana no Acceda a la vacuna\u00bb, declarar a la <strong><em>VOA<\/em><\/strong>.<\/p>\n<p>Sin embargo, el programa de heno en Farmacias y Centros de Salud Comunitarios Que Facilitan El Acceso a la Inmunizaci\u00f3n. \u00abNo hay heno que ser t\u00edmidos. Hay que acudir a los profesionales de la salud y preguntar Sobre las opciones disponibles\u00bb, Recomend\u00f3.<\/p>\n<h3 class=\"wsw__h3\">\u00bfQu\u00e9 hacer si ya se tiene Culebrilla?<\/h3>\n<p>Si Bien la Prevenci\u00f3n es Clave, Quienes desarrollen Culebrilla Deben Acudir Al M\u00e9dico lo Antes posibles. \u00abExisten Medicamentos Antivirales que Pueden reducir la Duracia y Gravedad de la Enfirmedad, Pero Deben Iniciarse en Los Primeros D\u00edas de la Erupci\u00f3n \u00ab.<\/p>\n<p>A Modo de Conclusi\u00f3n, El Especialista Consultado Por la <strong><em>VOA<\/em><\/strong><em> <\/em>Subray\u00f3 que \u00abEs Mejor Contar Con Informaci\u00f3n Basada en Evidencia Cient\u00edfica y decisiones de Poder Tomar Informadas Sobre Nuestra Salud\u00bb.<\/p>\n<p><em><strong>\u00a1Con9Cate Con la Voz de Am\u00e9rica! Suscr\u00edbete un canales de nuestros de<\/strong><strong>YouTube<\/strong><strong>, <\/strong><strong>Whatsapp<\/strong><strong>  Y al <\/strong><strong>hoja informativa<\/strong><strong>. Activa las Notificaciones y s\u00edguenos en <\/strong><strong>Facebook<\/strong><strong>, <\/strong><a class=\"wsw__a\" href=\"https:\/\/nam10.safelinks.protection.outlook.com\/?url=https%3A%2F%2Ftwitter.com%2FVozdeAmerica&amp;data=05%7C02%7Cwserrano%40voanews.com%7C0b9cfda59f52447b0ed708dc07d64451%7Cba99e87c673541c2b1c1354eee3a8659%7C0%7C0%7C638393864063639904%7CUnknown%7CTWFpbGZsb3d8eyJWIjoiMC4wLjAwMDAiLCJQIjoiV2luMzIiLCJBTiI6Ik1haWwiLCJXVCI6Mn0%3D%7C3000%7C%7C%7C&amp;sdata=unLJDFixL8cjTiSip1dC8ViP8otjrQyzq1ziP2g1PMo%3D&amp;reserved=0\" target=\"_blank\"><strong>inc\u00f3gnita<\/strong><\/a><strong>  mi <\/strong><strong>Instagram<\/strong><strong>.<\/strong><\/em><\/p>\n<\/div>\n<p><script async src=\"https:\/\/platform.twitter.com\/widgets.js\" charset=\"utf-8\"><\/script><script async src=\"\/\/www.instagram.com\/embed.js\"><\/script><br \/>\n<br \/>\n","protected":false},"excerpt":{"rendered":"<p>Miami &#8211; Seg\u00fan los centros para el control y la prevenci\u00f3n de Enfirmedades de Estados Unidos (CDC), Apoximadamme 1 de Cada 3 Personas en el Pa\u00eds desarrollar\u00e1 Culebrilla en alg\u00fan Momento de su Vida. Un pesar de su alta incidencia, Muchos desconocen la gravedad de esta condici\u00f3n y las medidas preventivas disponibles. Del 24 de &hellip;<\/p>\n","protected":false},"author":1,"featured_media":15916,"comment_status":"open","ping_status":"open","sticky":false,"template":"","format":"standard","meta":{"fifu_image_url":"https:\/\/gdb.voanews.com\/01000000-c0a8-0242-d3a7-08dbfa7e871c_w800_h450.jpg","fifu_image_alt":"","footnotes":""},"categories":[8],"tags":[],"class_list":["post-15914","post","type-post","status-publish","format-standard","has-post-thumbnail","","category-salud"],"_links":{"self":[{"href":"https:\/\/noticiasveraces.com\/index.php?rest_route=\/wp\/v2\/posts\/15914","targetHints":{"allow":["GET"]}}],"collection":[{"href":"https:\/\/noticiasveraces.com\/index.php?rest_route=\/wp\/v2\/posts"}],"about":[{"href":"https:\/\/noticiasveraces.com\/index.php?rest_route=\/wp\/v2\/types\/post"}],"author":[{"embeddable":true,"href":"https:\/\/noticiasveraces.com\/index.php?rest_route=\/wp\/v2\/users\/1"}],"replies":[{"embeddable":true,"href":"https:\/\/noticiasveraces.com\/index.php?rest_route=%2Fwp%2Fv2%2Fcomments&post=15914"}],"version-history":[{"count":0,"href":"https:\/\/noticiasveraces.com\/index.php?rest_route=\/wp\/v2\/posts\/15914\/revisions"}],"wp:featuredmedia":[{"embeddable":true,"href":"https:\/\/noticiasveraces.com\/index.php?rest_route=\/wp\/v2\/media\/15916"}],"wp:attachment":[{"href":"https:\/\/noticiasveraces.com\/index.php?rest_route=%2Fwp%2Fv2%2Fmedia&parent=15914"}],"wp:term":[{"taxonomy":"category","embeddable":true,"href":"https:\/\/noticiasveraces.com\/index.php?rest_route=%2Fwp%2Fv2%2Fcategories&post=15914"},{"taxonomy":"post_tag","embeddable":true,"href":"https:\/\/noticiasveraces.com\/index.php?rest_route=%2Fwp%2Fv2%2Ftags&post=15914"}],"curies":[{"name":"wp","href":"https:\/\/api.w.org\/{rel}","templated":true}]}}