{"id":15882,"date":"2025-02-23T04:16:09","date_gmt":"2025-02-23T08:16:09","guid":{"rendered":"https:\/\/noticiasveraces.com\/?p=15882"},"modified":"2025-02-23T04:16:09","modified_gmt":"2025-02-23T08:16:09","slug":"el-papa-francisco-descanso-durante-la-noche-pacifica-en-el-hospital-despues-de-la-crisis-respiratoria-la-transfusion-de-sangre","status":"publish","type":"post","link":"https:\/\/noticiasveraces.com\/?p=15882","title":{"rendered":"El Papa Francisco descans\u00f3 durante la noche pac\u00edfica en el hospital despu\u00e9s de la crisis respiratoria, la transfusi\u00f3n de sangre"},"content":{"rendered":"<p> \n<\/p>\n<div>\n<div class=\"article-gating gated-overlay show-gate\">\n<div class=\"article-gating-wrapper\">\n<p>\u00danase a Fox News para acceder a este contenido<\/p>\n<p>Has alcanzado su n\u00famero m\u00e1ximo de art\u00edculos. Inicie sesi\u00f3n o cree una cuenta de forma gratuita para continuar leyendo.<\/p>\n<div class=\"article-gating-legal tablet-desktop\">Al ingresar su correo electr\u00f3nico y presionar continuar, usted acepta los t\u00e9rminos de uso y la pol\u00edtica de privacidad de Fox News, que incluye nuestro aviso de incentivo financiero.\n    <\/div>\n<p><span>Por favor, introduce una direcci\u00f3n de correo electr\u00f3nico v\u00e1lida.<\/span><\/p>\n<footer class=\"article-gating-footer\">\u00bfTiene problemas? Haga clic aqu\u00ed.<\/footer>\n<\/div>\n<\/div>\n<p class=\"speakable\">El Papa Francisco, de 88 a\u00f1os, descans\u00f3 durante una novena noche pac\u00edfica en el Hospital Gemelli de Roma despu\u00e9s de una crisis respiratoria y transfusiones de sangre, dijo el Vaticano el domingo.<\/p>\n<p class=\"speakable\">La actualizaci\u00f3n se produjo despu\u00e9s de que los m\u00e9dicos dijeron que Francis, que ten\u00eda parte de un pulm\u00f3n, eliminado cuando era m\u00e1s joven, estaba en estado cr\u00edtico.<\/p>\n<p>No est\u00e1 claro si estaba despierto y desayunando.<\/p>\n<div class=\"image-ct inline\">\n<div class=\"m\"><picture><source media=\"(max-width: 767px)\" srcset=\"https:\/\/a57.foxnews.com\/static.foxnews.com\/foxnews.com\/content\/uploads\/2025\/02\/343\/192\/pope-francis-world-leaders-celebrities_25.jpg?ve=1&amp;tl=1, https:\/\/a57.foxnews.com\/static.foxnews.com\/foxnews.com\/content\/uploads\/2025\/02\/686\/384\/pope-francis-world-leaders-celebrities_25.jpg?ve=1&amp;tl=1 2x\" height=\"192\" width=\"343\"><source media=\"(min-width: 768px) and (max-width: 1023px)\" srcset=\"https:\/\/a57.foxnews.com\/static.foxnews.com\/foxnews.com\/content\/uploads\/2025\/02\/672\/378\/pope-francis-world-leaders-celebrities_25.jpg?ve=1&amp;tl=1, https:\/\/a57.foxnews.com\/static.foxnews.com\/foxnews.com\/content\/uploads\/2025\/02\/1344\/756\/pope-francis-world-leaders-celebrities_25.jpg?ve=1&amp;tl=1 2x\" height=\"378\" width=\"672\"><source media=\"(min-width: 1024px) and (max-width: 1279px)\" srcset=\"https:\/\/a57.foxnews.com\/static.foxnews.com\/foxnews.com\/content\/uploads\/2025\/02\/931\/523\/pope-francis-world-leaders-celebrities_25.jpg?ve=1&amp;tl=1, https:\/\/a57.foxnews.com\/static.foxnews.com\/foxnews.com\/content\/uploads\/2025\/02\/1862\/1046\/pope-francis-world-leaders-celebrities_25.jpg?ve=1&amp;tl=1 2x\" height=\"523\" width=\"931\"><source media=\"(min-width: 1280px)\" srcset=\"https:\/\/a57.foxnews.com\/static.foxnews.com\/foxnews.com\/content\/uploads\/2025\/02\/720\/405\/pope-francis-world-leaders-celebrities_25.jpg?ve=1&amp;tl=1, https:\/\/a57.foxnews.com\/static.foxnews.com\/foxnews.com\/content\/uploads\/2025\/02\/1440\/810\/pope-francis-world-leaders-celebrities_25.jpg?ve=1&amp;tl=1 2x\" height=\"405\" width=\"720\"><img loading=\"lazy\" decoding=\"async\" src=\"https:\/\/a57.foxnews.com\/static.foxnews.com\/foxnews.com\/content\/uploads\/2025\/02\/1200\/675\/pope-francis-world-leaders-celebrities_25.jpg?ve=1&amp;tl=1\" alt=\"El Papa Francisco saluda a los fieles\" width=\"1200\" height=\"675\"\/><\/source><\/source><\/source><\/source><\/picture><\/div>\n<div class=\"info\">\n<div class=\"caption\">\n<p><span>El Papa Francisco saluda a los fieles durante la audiencia general semanal en el Pablo VI Hall el 10 de enero de 2024 en la ciudad del Vaticano, Vaticano. <\/span> <span>(Medios del Vaticano a trav\u00e9s de Vatican Pool\/Getty Images)<\/span><\/p>\n<\/div>\n<\/div>\n<\/div>\n<p>El Papa sufri\u00f3 una crisis respiratoria asm\u00e1tica prolongada el s\u00e1bado mientras fue tratado por neumon\u00eda doble y una infecci\u00f3n pulmonar compleja.<\/p>\n<p>Recibi\u00f3 \u00abaltos flujos\u00bb de ox\u00edgeno para ayudarlo a respirar, y recibi\u00f3 transfusiones de sangre despu\u00e9s de que las pruebas revelaron bajos recuentos de plaquetas, que son necesarias para la coagulaci\u00f3n, seg\u00fan el Vaticano.<\/p>\n<p>Francis \u00abcontin\u00faa alerta y pas\u00f3 el d\u00eda en un sill\u00f3n, aunque con m\u00e1s dolor que ayer\u00bb, dijo el Vaticano.<\/p>\n<div class=\"image-ct inline\">\n<div class=\"m\"><picture><source media=\"(max-width: 767px)\" srcset=\"https:\/\/a57.foxnews.com\/static.foxnews.com\/foxnews.com\/content\/uploads\/2023\/03\/343\/192\/GettyImages-1247932494-e1678542101567.jpg?ve=1&amp;tl=1, https:\/\/a57.foxnews.com\/static.foxnews.com\/foxnews.com\/content\/uploads\/2023\/03\/686\/384\/GettyImages-1247932494-e1678542101567.jpg?ve=1&amp;tl=1 2x\" height=\"192\" width=\"343\"><source media=\"(min-width: 768px) and (max-width: 1023px)\" srcset=\"https:\/\/a57.foxnews.com\/static.foxnews.com\/foxnews.com\/content\/uploads\/2023\/03\/672\/378\/GettyImages-1247932494-e1678542101567.jpg?ve=1&amp;tl=1, https:\/\/a57.foxnews.com\/static.foxnews.com\/foxnews.com\/content\/uploads\/2023\/03\/1344\/756\/GettyImages-1247932494-e1678542101567.jpg?ve=1&amp;tl=1 2x\" height=\"378\" width=\"672\"><source media=\"(min-width: 1024px) and (max-width: 1279px)\" srcset=\"https:\/\/a57.foxnews.com\/static.foxnews.com\/foxnews.com\/content\/uploads\/2023\/03\/931\/523\/GettyImages-1247932494-e1678542101567.jpg?ve=1&amp;tl=1, https:\/\/a57.foxnews.com\/static.foxnews.com\/foxnews.com\/content\/uploads\/2023\/03\/1862\/1046\/GettyImages-1247932494-e1678542101567.jpg?ve=1&amp;tl=1 2x\" height=\"523\" width=\"931\"><source media=\"(min-width: 1280px)\" srcset=\"https:\/\/a57.foxnews.com\/static.foxnews.com\/foxnews.com\/content\/uploads\/2023\/03\/720\/405\/GettyImages-1247932494-e1678542101567.jpg?ve=1&amp;tl=1, https:\/\/a57.foxnews.com\/static.foxnews.com\/foxnews.com\/content\/uploads\/2023\/03\/1440\/810\/GettyImages-1247932494-e1678542101567.jpg?ve=1&amp;tl=1 2x\" height=\"405\" width=\"720\"><img loading=\"lazy\" decoding=\"async\" src=\"https:\/\/a57.foxnews.com\/static.foxnews.com\/foxnews.com\/content\/uploads\/2023\/03\/1200\/675\/GettyImages-1247932494-e1678542101567.jpg?ve=1&amp;tl=1\" alt=\"El Papa Francisco se ve en la ciudad del Vaticano\" width=\"1200\" height=\"675\"\/><\/source><\/source><\/source><\/source><\/picture><\/div>\n<div class=\"info\">\n<div class=\"caption\">\n<p><span>El Papa Francisco lidera su tradicional audiencia general del mi\u00e9rcoles en la Plaza de San Pedro en la ciudad del Vaticano, el 8 de marzo de 2023. <\/span> <span>(Stefano Costantino\/SOPA Images\/LighTrocket a trav\u00e9s de Getty Images)<\/span><\/p>\n<\/div>\n<\/div>\n<\/div>\n<p>Los m\u00e9dicos dijeron que el pron\u00f3stico de Francis estaba \u00abreservado\u00bb. Los m\u00e9dicos han dicho que su condici\u00f3n es t\u00e1ctil, dada su edad avanzada, fragilidad y enfermedad pulmonar preexistente.<\/p>\n<p>La principal amenaza es si la infecci\u00f3n ingresa al torrente sangu\u00edneo, una afecci\u00f3n grave conocida como sepsis, dijeron los m\u00e9dicos.<\/p>\n<p><i>Associated Press contribuy\u00f3 a este informe.<\/i><\/p>\n<\/div>\n\n","protected":false},"excerpt":{"rendered":"<p>\u00danase a Fox News para acceder a este contenido Has alcanzado su n\u00famero m\u00e1ximo de art\u00edculos. Inicie sesi\u00f3n o cree una cuenta de forma gratuita para continuar leyendo. Al ingresar su correo electr\u00f3nico y presionar continuar, usted acepta los t\u00e9rminos de uso y la pol\u00edtica de privacidad de Fox News, que incluye nuestro aviso de &hellip;<\/p>\n","protected":false},"author":1,"featured_media":15884,"comment_status":"open","ping_status":"open","sticky":false,"template":"","format":"standard","meta":{"fifu_image_url":"https:\/\/static.foxnews.com\/foxnews.com\/content\/uploads\/2025\/02\/pope-francis-world-leaders-celebrities_25.jpg","fifu_image_alt":"","footnotes":""},"categories":[13],"tags":[],"class_list":["post-15882","post","type-post","status-publish","format-standard","has-post-thumbnail","","category-mundo"],"_links":{"self":[{"href":"https:\/\/noticiasveraces.com\/index.php?rest_route=\/wp\/v2\/posts\/15882","targetHints":{"allow":["GET"]}}],"collection":[{"href":"https:\/\/noticiasveraces.com\/index.php?rest_route=\/wp\/v2\/posts"}],"about":[{"href":"https:\/\/noticiasveraces.com\/index.php?rest_route=\/wp\/v2\/types\/post"}],"author":[{"embeddable":true,"href":"https:\/\/noticiasveraces.com\/index.php?rest_route=\/wp\/v2\/users\/1"}],"replies":[{"embeddable":true,"href":"https:\/\/noticiasveraces.com\/index.php?rest_route=%2Fwp%2Fv2%2Fcomments&post=15882"}],"version-history":[{"count":0,"href":"https:\/\/noticiasveraces.com\/index.php?rest_route=\/wp\/v2\/posts\/15882\/revisions"}],"wp:featuredmedia":[{"embeddable":true,"href":"https:\/\/noticiasveraces.com\/index.php?rest_route=\/wp\/v2\/media\/15884"}],"wp:attachment":[{"href":"https:\/\/noticiasveraces.com\/index.php?rest_route=%2Fwp%2Fv2%2Fmedia&parent=15882"}],"wp:term":[{"taxonomy":"category","embeddable":true,"href":"https:\/\/noticiasveraces.com\/index.php?rest_route=%2Fwp%2Fv2%2Fcategories&post=15882"},{"taxonomy":"post_tag","embeddable":true,"href":"https:\/\/noticiasveraces.com\/index.php?rest_route=%2Fwp%2Fv2%2Ftags&post=15882"}],"curies":[{"name":"wp","href":"https:\/\/api.w.org\/{rel}","templated":true}]}}