{"id":15845,"date":"2025-02-22T23:05:48","date_gmt":"2025-02-23T03:05:48","guid":{"rendered":"https:\/\/noticiasveraces.com\/?p=15845"},"modified":"2025-02-22T23:05:48","modified_gmt":"2025-02-23T03:05:48","slug":"netanyahu-condena-las-violaciones-repetidas-de-hamas-contra-los-rehenes-el-intercambio-de-pospones","status":"publish","type":"post","link":"https:\/\/noticiasveraces.com\/?p=15845","title":{"rendered":"Netanyahu condena las \u00abviolaciones repetidas\u00bb de Hamas contra los rehenes, el intercambio de pospones"},"content":{"rendered":"<p> \n<\/p>\n<div>\n<p class=\"speakable\">Israel retrasar\u00e1 el s\u00e9ptimo intercambio de prisioneros de rehenes en protesta por el tratamiento \u00abhumillante\u00bb de Hamas a los rehenes, seg\u00fan funcionarios israel\u00edes.<\/p>\n<p class=\"speakable\">La liberaci\u00f3n de 620 prisioneros palestinos, que fue programado para el s\u00e1bado, ha sido pospuesto por el primer ministro Benjamin Netanyahu. El domingo por la ma\u00f1ana, la oficina de Netanyahu emiti\u00f3 un comunicado condenando la propaganda de Hamas generada durante el intercambio.<\/p>\n<p>\u00abA la luz de las repetidas violaciones de Hamas, incluidas las ceremonias que humillan a nuestros rehenes y la explotaci\u00f3n c\u00ednica de nuestros rehenes para prop\u00f3sitos de propaganda, se ha decidido retrasar la liberaci\u00f3n de terroristas que se planific\u00f3 para ayer hasta que el lanzamiento de los pr\u00f3ximos rehenes asegurado, y sin las ceremonias humillantes \u00ab, dijo la declaraci\u00f3n de la oficina.<\/p>\n<p>La declaraci\u00f3n se produjo despu\u00e9s de los informes de los combatientes de Hamas que explotan a los prisioneros israel\u00edes mientras estaban siendo liberados. El s\u00e1bado, cinco de los seis rehenes liberados fueron acompa\u00f1ados por militantes armados frente a una multitud, incluidos tres rehenes israel\u00edes que posaron junto a los terroristas.<\/p>\n<p><strong><u>Hamas libera a tres rehenes m\u00e1s a cambio de m\u00e1s de 300 prisioneros como parte del acuerdo de alto el fuego con Israel<\/u><\/strong><\/p>\n<div class=\"image-ct inline\">\n<div class=\"m\"><picture><source media=\"(max-width: 767px)\" srcset=\"https:\/\/a57.foxnews.com\/static.foxnews.com\/foxnews.com\/content\/uploads\/2025\/02\/343\/192\/hamas-gaza-hostage-release.jpg?ve=1&amp;tl=1, https:\/\/a57.foxnews.com\/static.foxnews.com\/foxnews.com\/content\/uploads\/2025\/02\/686\/384\/hamas-gaza-hostage-release.jpg?ve=1&amp;tl=1 2x\" height=\"192\" width=\"343\"><source media=\"(min-width: 768px) and (max-width: 1023px)\" srcset=\"https:\/\/a57.foxnews.com\/static.foxnews.com\/foxnews.com\/content\/uploads\/2025\/02\/672\/378\/hamas-gaza-hostage-release.jpg?ve=1&amp;tl=1, https:\/\/a57.foxnews.com\/static.foxnews.com\/foxnews.com\/content\/uploads\/2025\/02\/1344\/756\/hamas-gaza-hostage-release.jpg?ve=1&amp;tl=1 2x\" height=\"378\" width=\"672\"><source media=\"(min-width: 1024px) and (max-width: 1279px)\" srcset=\"https:\/\/a57.foxnews.com\/static.foxnews.com\/foxnews.com\/content\/uploads\/2025\/02\/931\/523\/hamas-gaza-hostage-release.jpg?ve=1&amp;tl=1, https:\/\/a57.foxnews.com\/static.foxnews.com\/foxnews.com\/content\/uploads\/2025\/02\/1862\/1046\/hamas-gaza-hostage-release.jpg?ve=1&amp;tl=1 2x\" height=\"523\" width=\"931\"><source media=\"(min-width: 1280px)\" srcset=\"https:\/\/a57.foxnews.com\/static.foxnews.com\/foxnews.com\/content\/uploads\/2025\/02\/720\/405\/hamas-gaza-hostage-release.jpg?ve=1&amp;tl=1, https:\/\/a57.foxnews.com\/static.foxnews.com\/foxnews.com\/content\/uploads\/2025\/02\/1440\/810\/hamas-gaza-hostage-release.jpg?ve=1&amp;tl=1 2x\" height=\"405\" width=\"720\"><img loading=\"lazy\" decoding=\"async\" src=\"https:\/\/a57.foxnews.com\/static.foxnews.com\/foxnews.com\/content\/uploads\/2025\/02\/1200\/675\/hamas-gaza-hostage-release.jpg?ve=1&amp;tl=1\" alt=\"Palestinos observa el desfile de rehenes israel\u00edes a trav\u00e9s de Gaza\" width=\"1200\" height=\"675\"\/><\/source><\/source><\/source><\/source><\/picture><\/div>\n<div class=\"info\">\n<div class=\"caption\">\n<p><span>Los palestinos se re\u00fanen cuando los combatientes de Hamas escoltan veh\u00edculos de la Cruz Roja antes de la entrega de los rehenes israel\u00edes en Nuseirat, Strip Central Gaza, el s\u00e1bado.<\/span> <span>(AP Photo\/Abdel Kareem Hana)<\/span><\/p>\n<\/div>\n<\/div>\n<\/div>\n<p>Omer Wenkert, Omer Shem Tov y Eliya Cohen estuvieron entre los rehenes obligados a posar con los terroristas. Shem Tov tambi\u00e9n se vio obligado a parecer alegre, besar a dos militantes en la cabeza y volar besos a la multitud. <\/p>\n<p>Los tres tambi\u00e9n llevaban uniformes falsos del ej\u00e9rcito, aunque no se alistaron cuando fueron capturados por Hamas.<\/p>\n<p>En otra ceremonia reciente orquestada por Hamas, se colocaron cuatro ata\u00fades frente a una caricatura de Netanyahu con una pancarta que dec\u00eda: \u00abEl criminal de guerra Netanyahu y su ej\u00e9rcito nazi los mataron con misiles de aviones de combate sionistas\u00bb.<\/p>\n<p><strong><u>Restos de Shiri Bibas, madre de dos dos muertos, supuestamente regresaron a Israel despu\u00e9s de la rota promesa de Hamas<\/u><\/strong><\/p>\n<div class=\"image-ct inline\">\n<div class=\"m\"><picture><source media=\"(max-width: 767px)\" srcset=\"https:\/\/static.foxnews.com\/foxnews.com\/content\/uploads\/2025\/02\/spectators-watch-hamas-transfer.gif, https:\/\/static.foxnews.com\/foxnews.com\/content\/uploads\/2025\/02\/spectators-watch-hamas-transfer.gif 2x\" height=\"192\" width=\"343\"><source media=\"(min-width: 768px) and (max-width: 1023px)\" srcset=\"https:\/\/static.foxnews.com\/foxnews.com\/content\/uploads\/2025\/02\/spectators-watch-hamas-transfer.gif, https:\/\/static.foxnews.com\/foxnews.com\/content\/uploads\/2025\/02\/spectators-watch-hamas-transfer.gif 2x\" height=\"378\" width=\"672\"><source media=\"(min-width: 1024px) and (max-width: 1279px)\" srcset=\"https:\/\/static.foxnews.com\/foxnews.com\/content\/uploads\/2025\/02\/spectators-watch-hamas-transfer.gif, https:\/\/static.foxnews.com\/foxnews.com\/content\/uploads\/2025\/02\/spectators-watch-hamas-transfer.gif 2x\" height=\"523\" width=\"931\"><source media=\"(min-width: 1280px)\" srcset=\"https:\/\/static.foxnews.com\/foxnews.com\/content\/uploads\/2025\/02\/spectators-watch-hamas-transfer.gif, https:\/\/static.foxnews.com\/foxnews.com\/content\/uploads\/2025\/02\/spectators-watch-hamas-transfer.gif 2x\" height=\"405\" width=\"720\"><img loading=\"lazy\" decoding=\"async\" src=\"https:\/\/static.foxnews.com\/foxnews.com\/content\/uploads\/2025\/02\/spectators-watch-hamas-transfer.gif\" alt=\"Los palestinos que miran a rehenes de la mano\" width=\"2025\" height=\"02\"\/><\/source><\/source><\/source><\/source><\/picture><\/div>\n<div class=\"info\">\n<div class=\"caption\">\n<p><span>Los militantes palestinos de Hamas se re\u00fanen en el sitio de la entrega de los cuerpos de cuatro rehenes israel\u00edes en Khan Yunis en el sur de Gaza el jueves.<\/span> <span>(Eyad Baba\/AFP a trav\u00e9s de Getty Images)<\/span><\/p>\n<\/div>\n<\/div>\n<\/div>\n<p>Hablando con Fox News Digital, el embajador de las Naciones Unidas Israeli, Danny Danon, calific\u00f3 el gesto \u00abmalvado y depravado\u00bb.<\/p>\n<p>\u00abDurante 16 meses, Israel ha estado luchando contra una organizaci\u00f3n terrorista trastornada que no valora la vida humana, especialmente si es israel\u00ed o jud\u00edo, todo, mientras que las instituciones internacionales como la ONU se abstienen de condenar a Hamas y exigir formalmente el retorno inmediato de <u>Nuestros rehenes \u00ab<\/u> Danon dijo.<\/p>\n<p>Las Naciones Unidas tambi\u00e9n condenaron el incidente del ata\u00fad.<\/p>\n<div class=\"image-ct inline\">\n<div class=\"m\"><picture><source media=\"(max-width: 767px)\" srcset=\"https:\/\/a57.foxnews.com\/static.foxnews.com\/foxnews.com\/content\/uploads\/2025\/02\/343\/192\/gettyimages-2198436220.jpg?ve=1&amp;tl=1, https:\/\/a57.foxnews.com\/static.foxnews.com\/foxnews.com\/content\/uploads\/2025\/02\/686\/384\/gettyimages-2198436220.jpg?ve=1&amp;tl=1 2x\" height=\"192\" width=\"343\"><source media=\"(min-width: 768px) and (max-width: 1023px)\" srcset=\"https:\/\/a57.foxnews.com\/static.foxnews.com\/foxnews.com\/content\/uploads\/2025\/02\/672\/378\/gettyimages-2198436220.jpg?ve=1&amp;tl=1, https:\/\/a57.foxnews.com\/static.foxnews.com\/foxnews.com\/content\/uploads\/2025\/02\/1344\/756\/gettyimages-2198436220.jpg?ve=1&amp;tl=1 2x\" height=\"378\" width=\"672\"><source media=\"(min-width: 1024px) and (max-width: 1279px)\" srcset=\"https:\/\/a57.foxnews.com\/static.foxnews.com\/foxnews.com\/content\/uploads\/2025\/02\/931\/523\/gettyimages-2198436220.jpg?ve=1&amp;tl=1, https:\/\/a57.foxnews.com\/static.foxnews.com\/foxnews.com\/content\/uploads\/2025\/02\/1862\/1046\/gettyimages-2198436220.jpg?ve=1&amp;tl=1 2x\" height=\"523\" width=\"931\"><source media=\"(min-width: 1280px)\" srcset=\"https:\/\/a57.foxnews.com\/static.foxnews.com\/foxnews.com\/content\/uploads\/2025\/02\/720\/405\/gettyimages-2198436220.jpg?ve=1&amp;tl=1, https:\/\/a57.foxnews.com\/static.foxnews.com\/foxnews.com\/content\/uploads\/2025\/02\/1440\/810\/gettyimages-2198436220.jpg?ve=1&amp;tl=1 2x\" height=\"405\" width=\"720\"><img loading=\"lazy\" decoding=\"async\" src=\"https:\/\/a57.foxnews.com\/static.foxnews.com\/foxnews.com\/content\/uploads\/2025\/02\/1200\/675\/gettyimages-2198436220.jpg?ve=1&amp;tl=1\" alt=\"Demostraci\u00f3n de Tel Aviv en honor del cumplea\u00f1os n\u00famero 24 de Alon Ohel\" width=\"1200\" height=\"675\"\/><\/source><\/source><\/source><\/source><\/picture><\/div>\n<div class=\"info\">\n<div class=\"caption\">\n<p><span>Los israel\u00edes se encuentran debajo de las pancartas con fotos de rehenes durante un rally del 10 de febrero que marca el 24 cumplea\u00f1os de Alon Ohel, quien es retenido como reh\u00e9n por Hamas en los rehenes Square.<\/span> <span>(Eyal Warshavsky\/SOPA Images\/LighTrocket a trav\u00e9s de Getty Images)<\/span><\/p>\n<\/div>\n<\/div>\n<\/div>\n<p><strong><u>Haga clic aqu\u00ed para obtener la aplicaci\u00f3n Fox News<\/u><\/strong><\/p>\n<p>\u00abSeg\u00fan el derecho internacional, cualquier entrega de los restos de [the] El fallecido debe cumplir con la prohibici\u00f3n de un tratamiento cruel, inhumano o degradante, asegurando el respeto por la dignidad de los fallecidos y sus familias \u00ab, dijo la Ginebra de las Naciones Unidas en X, atribuyendo la cita al Alto Comisionado de los Derechos Humanos Volker T\u00fcrk.<\/p>\n<p><i>Rachel Wolf de Associated Press y Fox News Digital contribuy\u00f3 a este informe.<\/i><\/p>\n<p> <!----> <\/p>\n<div class=\"article-meta\">\n<div class=\"author-bio\">\n<p>Andrea Margolis es escritora de Fox News Digital y Fox Business. Los lectores pueden enviar consejos de cuentos a andrea.margolis@fox.com<u>.<\/u><\/p>\n<\/div>\n<\/div>\n<\/div>\n\n","protected":false},"excerpt":{"rendered":"<p>Israel retrasar\u00e1 el s\u00e9ptimo intercambio de prisioneros de rehenes en protesta por el tratamiento \u00abhumillante\u00bb de Hamas a los rehenes, seg\u00fan funcionarios israel\u00edes. La liberaci\u00f3n de 620 prisioneros palestinos, que fue programado para el s\u00e1bado, ha sido pospuesto por el primer ministro Benjamin Netanyahu. El domingo por la ma\u00f1ana, la oficina de Netanyahu emiti\u00f3 un &hellip;<\/p>\n","protected":false},"author":1,"featured_media":15847,"comment_status":"open","ping_status":"open","sticky":false,"template":"","format":"standard","meta":{"fifu_image_url":"https:\/\/static.foxnews.com\/foxnews.com\/content\/uploads\/2025\/02\/hamas-gaza-hostage-release.jpg","fifu_image_alt":"","footnotes":""},"categories":[13],"tags":[],"class_list":["post-15845","post","type-post","status-publish","format-standard","has-post-thumbnail","","category-mundo"],"_links":{"self":[{"href":"https:\/\/noticiasveraces.com\/index.php?rest_route=\/wp\/v2\/posts\/15845","targetHints":{"allow":["GET"]}}],"collection":[{"href":"https:\/\/noticiasveraces.com\/index.php?rest_route=\/wp\/v2\/posts"}],"about":[{"href":"https:\/\/noticiasveraces.com\/index.php?rest_route=\/wp\/v2\/types\/post"}],"author":[{"embeddable":true,"href":"https:\/\/noticiasveraces.com\/index.php?rest_route=\/wp\/v2\/users\/1"}],"replies":[{"embeddable":true,"href":"https:\/\/noticiasveraces.com\/index.php?rest_route=%2Fwp%2Fv2%2Fcomments&post=15845"}],"version-history":[{"count":0,"href":"https:\/\/noticiasveraces.com\/index.php?rest_route=\/wp\/v2\/posts\/15845\/revisions"}],"wp:featuredmedia":[{"embeddable":true,"href":"https:\/\/noticiasveraces.com\/index.php?rest_route=\/wp\/v2\/media\/15847"}],"wp:attachment":[{"href":"https:\/\/noticiasveraces.com\/index.php?rest_route=%2Fwp%2Fv2%2Fmedia&parent=15845"}],"wp:term":[{"taxonomy":"category","embeddable":true,"href":"https:\/\/noticiasveraces.com\/index.php?rest_route=%2Fwp%2Fv2%2Fcategories&post=15845"},{"taxonomy":"post_tag","embeddable":true,"href":"https:\/\/noticiasveraces.com\/index.php?rest_route=%2Fwp%2Fv2%2Ftags&post=15845"}],"curies":[{"name":"wp","href":"https:\/\/api.w.org\/{rel}","templated":true}]}}