{"id":15833,"date":"2025-02-22T20:02:23","date_gmt":"2025-02-23T00:02:23","guid":{"rendered":"https:\/\/noticiasveraces.com\/?p=15833"},"modified":"2025-02-22T20:02:23","modified_gmt":"2025-02-23T00:02:23","slug":"salud-del-papa-francisco-empeoro-en-las-utimas-24-horas-dw-22-02-2025","status":"publish","type":"post","link":"https:\/\/noticiasveraces.com\/?p=15833","title":{"rendered":"Salud del Papa Francisco Empeor\u00f3 en Las \u00datimas 24 Horas &#8211; DW &#8211; 22\/02\/2025"},"content":{"rendered":"<p> \n<\/p>\n<div>\n<p>El Estado de Salud del Papa Francisco, de 88 A\u00f1os y Hospitalizado Desde Hace M\u00e1s de Una Semana, \u00abSigue Sido crytico\u00bb Y su \u00abPron\u00f3se es actual de la actualidad\u00bb, Indic\u00f3 El Vaticano Este (22.02.2025).<\/p>\n<p>\u00abEl Papa no Est\u00e1 Fuera de Peligro\u00bb Y Este S\u00e1bado \u00abTuvo una crisis respiratoria asm\u00e1tica prolongada, que tambi\u00e9n requeriri la aplicacia de ox\u00edsgeno a alto flujo\u00bb, indic\u00f3 el vaticano en un comunicado.<\/p>\n<h2><strong>\u00abEl Pron\u00f3se es Realmento Reservado\u00bb<\/strong><\/h2>\n<p>\u00abLos an\u00e1lisis de SANGRE EFECTUADOS HOY TAMBI\u00c9N REVELaron una trombocitopenia (Problemas hematol\u00f3gicos), Asociado a una anemia, que requisito de la administraci\u00f3n de la administraci\u00f3n de la una transfusi\u00f3nica sangu\u00ednea\u00bb, Agreg\u00f3.<\/p>\n<p>\u00abEl Santo Padre Permanece alerta y pas\u00f3 El D\u00eda en un Sill\u00f3n, Aunque Est\u00e1 Sufriendo M\u00e1s Que Ayer. El pron\u00f3stico es real de reservado\u00bb, Precis\u00f3 el Texto.<\/p>\n<h2><strong>SUMO PONTIFICE \u00abNo Est\u00e1 Fuera de Peligro\u00bb<\/strong><\/h2>\n<p>\u00abEl Papa no Est\u00e1 Fuera de Peligro\u00bb, Ya Hab\u00eda indicado El Viernes El Doctor Sergio Alfieri en El Hospital Romano de Gemelli, Donde Est\u00e1 Ingresado El Sumo Pont\u00edfice.<\/p>\n<p>Francisco Ingreso Al Centro M\u00e9dico el 14 de Febero, Inicialmental por una bronquitis, Pero la Santa Sede indic\u00f3 eltas de Que hab\u00eda desarrollado una neumon\u00eda en los dos pulmones, una infecci\u00f3n del tejido pulmonar potencialmental.<\/p>\n<p>RR (AFP\/Reuters)<\/p>\n<\/div>\n\n","protected":false},"excerpt":{"rendered":"<p>El Estado de Salud del Papa Francisco, de 88 A\u00f1os y Hospitalizado Desde Hace M\u00e1s de Una Semana, \u00abSigue Sido crytico\u00bb Y su \u00abPron\u00f3se es actual de la actualidad\u00bb, Indic\u00f3 El Vaticano Este (22.02.2025). \u00abEl Papa no Est\u00e1 Fuera de Peligro\u00bb Y Este S\u00e1bado \u00abTuvo una crisis respiratoria asm\u00e1tica prolongada, que tambi\u00e9n requeriri la aplicacia &hellip;<\/p>\n","protected":false},"author":1,"featured_media":15834,"comment_status":"open","ping_status":"open","sticky":false,"template":"","format":"standard","meta":{"fifu_image_url":"https:\/\/static.dw.com\/image\/71008933_6.jpg","fifu_image_alt":"","footnotes":""},"categories":[13],"tags":[],"class_list":["post-15833","post","type-post","status-publish","format-standard","has-post-thumbnail","","category-mundo"],"_links":{"self":[{"href":"https:\/\/noticiasveraces.com\/index.php?rest_route=\/wp\/v2\/posts\/15833","targetHints":{"allow":["GET"]}}],"collection":[{"href":"https:\/\/noticiasveraces.com\/index.php?rest_route=\/wp\/v2\/posts"}],"about":[{"href":"https:\/\/noticiasveraces.com\/index.php?rest_route=\/wp\/v2\/types\/post"}],"author":[{"embeddable":true,"href":"https:\/\/noticiasveraces.com\/index.php?rest_route=\/wp\/v2\/users\/1"}],"replies":[{"embeddable":true,"href":"https:\/\/noticiasveraces.com\/index.php?rest_route=%2Fwp%2Fv2%2Fcomments&post=15833"}],"version-history":[{"count":0,"href":"https:\/\/noticiasveraces.com\/index.php?rest_route=\/wp\/v2\/posts\/15833\/revisions"}],"wp:featuredmedia":[{"embeddable":true,"href":"https:\/\/noticiasveraces.com\/index.php?rest_route=\/wp\/v2\/media\/15834"}],"wp:attachment":[{"href":"https:\/\/noticiasveraces.com\/index.php?rest_route=%2Fwp%2Fv2%2Fmedia&parent=15833"}],"wp:term":[{"taxonomy":"category","embeddable":true,"href":"https:\/\/noticiasveraces.com\/index.php?rest_route=%2Fwp%2Fv2%2Fcategories&post=15833"},{"taxonomy":"post_tag","embeddable":true,"href":"https:\/\/noticiasveraces.com\/index.php?rest_route=%2Fwp%2Fv2%2Ftags&post=15833"}],"curies":[{"name":"wp","href":"https:\/\/api.w.org\/{rel}","templated":true}]}}