{"id":15806,"date":"2025-02-22T16:05:41","date_gmt":"2025-02-22T20:05:41","guid":{"rendered":"https:\/\/noticiasveraces.com\/?p=15806"},"modified":"2025-02-22T16:05:41","modified_gmt":"2025-02-22T20:05:41","slug":"el-vaticano-dice-que-el-papa-francisco-esta-en-estado-critico","status":"publish","type":"post","link":"https:\/\/noticiasveraces.com\/?p=15806","title":{"rendered":"El Vaticano dice que el Papa Francisco est\u00e1 en estado cr\u00edtico"},"content":{"rendered":"<p> \n<br \/><img decoding=\"async\" src=\"https:\/\/media-cldnry.s-nbcnews.com\/image\/upload\/t_fit_1500w\/rockcms\/2025-02\/250222-pope-francis-ch-0939-f98ede.jpg\" \/><\/p>\n<div>\n<p class=\"body-graf\">El Papa Francisco permanece en estado cr\u00edtico despu\u00e9s de experimentar una crisis respiratoria asm\u00e1tica severa esta ma\u00f1ana que requiere oxigenerapia de alto flujo, seg\u00fan una actualizaci\u00f3n del Vaticano publicada el s\u00e1bado.<\/p>\n<p class=\"body-graf\">\u00abLa condici\u00f3n del Santo Padre sigue siendo cr\u00edtica, por lo tanto, como se explic\u00f3 ayer, el Papa no est\u00e1 fuera de peligro\u00bb, dijo la declaraci\u00f3n del Vaticano. <\/p>\n<p class=\"body-graf\">El Vaticano dijo que el pron\u00f3stico sigue siendo \u00abreservado\u00bb, lo que indica una perspectiva cautelosa a medida que los equipos m\u00e9dicos contin\u00faan estabilizando su condici\u00f3n.<\/p>\n<p class=\"body-graf\">Francis, de 88 a\u00f1os, fue ingresado en el Hospital Gemelli el 14 de febrero para la bronquitis. A principios de esta semana, el Vaticano anunci\u00f3 que hab\u00eda desarrollado neumon\u00eda en ambos pulmones. La infecci\u00f3n polimicrobiana hab\u00eda \u00absurgido en el contexto de bronquiectasis y bronquitis asm\u00e1tica, y ha requerido el uso de corticosteroides y antibi\u00f3ticos\u00bb, lo que \u00abhace que el tratamiento terap\u00e9utico sea m\u00e1s complejo\u00bb.<\/p>\n<p class=\"body-graf\">La condici\u00f3n de Francis el s\u00e1bado fue tan sorprendente despu\u00e9s de que el Vaticano emiti\u00f3 un comunicado el mi\u00e9rcoles diciendo que Francis estaba en condici\u00f3n estable y hab\u00eda demostrado \u00abuna ligera mejora\u00bb. El Vaticano agreg\u00f3 que comenz\u00f3 a regresar a algunas de sus deberes, incluida una Reuni\u00f3n con el primer ministro italiano Giorgia Meloni.<\/p>\n<p class=\"body-graf\">Meloni emiti\u00f3 una declaraci\u00f3n ese d\u00eda diciendo que Francis estaba \u00abalerta y receptivo\u00bb. <\/p>\n<p class=\"body-graf\">\u00abBromeamos como siempre\u00bb, dijo Meloni en un comunicado, emitido por su oficina el mi\u00e9rcoles. \u00abNo ha perdido su proverbial sentido del humor\u00bb.<\/p>\n<p class=\"body-graf\">Francis ha luchado contra los problemas de salud en curso en los \u00faltimos a\u00f1os, incluida la gripe y varios problemas respiratorios. Tambi\u00e9n se ha sometido a m\u00faltiples cirug\u00edas, incluso en 2021 por una enfermedad gastrointestinal llamada diverticulitis y otra en 2023 para una hernia. <\/p>\n<p class=\"body-graf\">La semana pasada, Francis fue visto vistiendo una honda en su brazo despu\u00e9s de caer en su residencia. La lesi\u00f3n fue su segunda ca\u00edda en un lapso de varias semanas.<\/p>\n<p class=\"body-graf\">En una autobiograf\u00eda que Francis se lanz\u00f3 en enero, minimiz\u00f3 las preocupaciones sobre su salud y prometi\u00f3 que no renunciar\u00eda.<\/p>\n<p class=\"endmark body-graf\">\u00abEstoy bien\u00bb, escribi\u00f3. \u00abLa iglesia est\u00e1 gobernada usando la cabeza y el coraz\u00f3n, no las piernas\u00bb.<\/p>\n<\/div>\n\n","protected":false},"excerpt":{"rendered":"<p>El Papa Francisco permanece en estado cr\u00edtico despu\u00e9s de experimentar una crisis respiratoria asm\u00e1tica severa esta ma\u00f1ana que requiere oxigenerapia de alto flujo, seg\u00fan una actualizaci\u00f3n del Vaticano publicada el s\u00e1bado. \u00abLa condici\u00f3n del Santo Padre sigue siendo cr\u00edtica, por lo tanto, como se explic\u00f3 ayer, el Papa no est\u00e1 fuera de peligro\u00bb, dijo la &hellip;<\/p>\n","protected":false},"author":1,"featured_media":15808,"comment_status":"open","ping_status":"open","sticky":false,"template":"","format":"standard","meta":{"fifu_image_url":"https:\/\/media-cldnry.s-nbcnews.com\/image\/upload\/t_nbcnews-fp-1200-630,f_auto,q_auto:best\/rockcms\/2025-02\/250222-pope-francis-ch-0939-f98ede.jpg","fifu_image_alt":"","footnotes":""},"categories":[4],"tags":[],"class_list":["post-15806","post","type-post","status-publish","format-standard","has-post-thumbnail","","category-historias-destacadas"],"_links":{"self":[{"href":"https:\/\/noticiasveraces.com\/index.php?rest_route=\/wp\/v2\/posts\/15806","targetHints":{"allow":["GET"]}}],"collection":[{"href":"https:\/\/noticiasveraces.com\/index.php?rest_route=\/wp\/v2\/posts"}],"about":[{"href":"https:\/\/noticiasveraces.com\/index.php?rest_route=\/wp\/v2\/types\/post"}],"author":[{"embeddable":true,"href":"https:\/\/noticiasveraces.com\/index.php?rest_route=\/wp\/v2\/users\/1"}],"replies":[{"embeddable":true,"href":"https:\/\/noticiasveraces.com\/index.php?rest_route=%2Fwp%2Fv2%2Fcomments&post=15806"}],"version-history":[{"count":0,"href":"https:\/\/noticiasveraces.com\/index.php?rest_route=\/wp\/v2\/posts\/15806\/revisions"}],"wp:featuredmedia":[{"embeddable":true,"href":"https:\/\/noticiasveraces.com\/index.php?rest_route=\/wp\/v2\/media\/15808"}],"wp:attachment":[{"href":"https:\/\/noticiasveraces.com\/index.php?rest_route=%2Fwp%2Fv2%2Fmedia&parent=15806"}],"wp:term":[{"taxonomy":"category","embeddable":true,"href":"https:\/\/noticiasveraces.com\/index.php?rest_route=%2Fwp%2Fv2%2Fcategories&post=15806"},{"taxonomy":"post_tag","embeddable":true,"href":"https:\/\/noticiasveraces.com\/index.php?rest_route=%2Fwp%2Fv2%2Ftags&post=15806"}],"curies":[{"name":"wp","href":"https:\/\/api.w.org\/{rel}","templated":true}]}}