{"id":15800,"date":"2025-02-22T14:54:35","date_gmt":"2025-02-22T18:54:35","guid":{"rendered":"https:\/\/noticiasveraces.com\/?p=15800"},"modified":"2025-02-22T14:54:35","modified_gmt":"2025-02-22T18:54:35","slug":"papa-francisco-en-estado-critico-vaticano","status":"publish","type":"post","link":"https:\/\/noticiasveraces.com\/?p=15800","title":{"rendered":"Papa Francisco en estado cr\u00edtico: Vaticano"},"content":{"rendered":"<p> \n<br \/><img decoding=\"async\" src=\"https:\/\/a57.foxnews.com\/static.foxnews.com\/foxnews.com\/content\/uploads\/2025\/02\/1200\/675\/vatican-pope-health-pneumonia-1.jpg?ve=1&amp;tl=1\" \/><\/p>\n<div>\n<p class=\"speakable\">El Papa Francisco estaba en estado cr\u00edtico despu\u00e9s de sufrir una crisis respiratoria asm\u00e1tica, inform\u00f3 Associated Press, citando al Vaticano. <\/p>\n<p class=\"speakable\">\u00abEl Santo Padre contin\u00faa alerta y pas\u00f3 el d\u00eda en un sill\u00f3n, aunque en m\u00e1s dolor que ayer. En este momento el pron\u00f3stico est\u00e1 reservado\u00bb, dijo el Vaticano en un comunicado citado por Associated Press.<\/p>\n<p>El pont\u00edfice de 88 a\u00f1os ha sido hospitalizado durante m\u00e1s de una semana debido a una infecci\u00f3n respiratoria. Los m\u00e9dicos luego diagnosticaron al Papa Francisco con neumon\u00eda.<\/p>\n<p><i>Esta es una historia en desarrollo. Vuelva a consultar las actualizaciones.<\/i><\/p>\n<p> <!----> <\/p>\n<div class=\"article-meta\">\n<div class=\"author-bio\">\n<p>Rachel Wolf es una escritora de noticias de Fox News Digital y Fox Business.<\/p>\n<\/div>\n<\/div>\n<\/div>\n\n","protected":false},"excerpt":{"rendered":"<p>El Papa Francisco estaba en estado cr\u00edtico despu\u00e9s de sufrir una crisis respiratoria asm\u00e1tica, inform\u00f3 Associated Press, citando al Vaticano. \u00abEl Santo Padre contin\u00faa alerta y pas\u00f3 el d\u00eda en un sill\u00f3n, aunque en m\u00e1s dolor que ayer. En este momento el pron\u00f3stico est\u00e1 reservado\u00bb, dijo el Vaticano en un comunicado citado por Associated Press. &hellip;<\/p>\n","protected":false},"author":1,"featured_media":15802,"comment_status":"open","ping_status":"open","sticky":false,"template":"","format":"standard","meta":{"fifu_image_url":"https:\/\/static.foxnews.com\/foxnews.com\/content\/uploads\/2025\/02\/vatican-pope-health-pneumonia-1.jpg","fifu_image_alt":"","footnotes":""},"categories":[13],"tags":[],"class_list":["post-15800","post","type-post","status-publish","format-standard","has-post-thumbnail","","category-mundo"],"_links":{"self":[{"href":"https:\/\/noticiasveraces.com\/index.php?rest_route=\/wp\/v2\/posts\/15800","targetHints":{"allow":["GET"]}}],"collection":[{"href":"https:\/\/noticiasveraces.com\/index.php?rest_route=\/wp\/v2\/posts"}],"about":[{"href":"https:\/\/noticiasveraces.com\/index.php?rest_route=\/wp\/v2\/types\/post"}],"author":[{"embeddable":true,"href":"https:\/\/noticiasveraces.com\/index.php?rest_route=\/wp\/v2\/users\/1"}],"replies":[{"embeddable":true,"href":"https:\/\/noticiasveraces.com\/index.php?rest_route=%2Fwp%2Fv2%2Fcomments&post=15800"}],"version-history":[{"count":0,"href":"https:\/\/noticiasveraces.com\/index.php?rest_route=\/wp\/v2\/posts\/15800\/revisions"}],"wp:featuredmedia":[{"embeddable":true,"href":"https:\/\/noticiasveraces.com\/index.php?rest_route=\/wp\/v2\/media\/15802"}],"wp:attachment":[{"href":"https:\/\/noticiasveraces.com\/index.php?rest_route=%2Fwp%2Fv2%2Fmedia&parent=15800"}],"wp:term":[{"taxonomy":"category","embeddable":true,"href":"https:\/\/noticiasveraces.com\/index.php?rest_route=%2Fwp%2Fv2%2Fcategories&post=15800"},{"taxonomy":"post_tag","embeddable":true,"href":"https:\/\/noticiasveraces.com\/index.php?rest_route=%2Fwp%2Fv2%2Ftags&post=15800"}],"curies":[{"name":"wp","href":"https:\/\/api.w.org\/{rel}","templated":true}]}}