{"id":15796,"date":"2025-02-22T12:52:16","date_gmt":"2025-02-22T16:52:16","guid":{"rendered":"https:\/\/noticiasveraces.com\/?p=15796"},"modified":"2025-02-22T12:52:16","modified_gmt":"2025-02-22T16:52:16","slug":"la-migracion-no-aumenta-la-criminalidad-en-alemania-dw-22-02-2025","status":"publish","type":"post","link":"https:\/\/noticiasveraces.com\/?p=15796","title":{"rendered":"La Migraci\u00f3n no Aumenta la Criminalidad en Alemania &#8211; DW &#8211; 22\/02\/2025"},"content":{"rendered":"<p> \n<\/p>\n<div>\n<p>Un Nuevo An\u00e1lisis de Las \u00daltimas Estad\u00ednsticas SOBRE DELINCIDA EN ALEMANIA Realizado Por El Prestigioso Instituto Alem\u00e1n de Pol\u00edtica Econ\u00f3mica (Ifo) Concluye Que los Inmigrantes o RefugiAdos no Tienen UNA Mayor Tendencia A Com\u00e9ter Delitos y Queen no existen Corredor Corredor Proporci\u00f3n de Inmigrantes en un Distrito definido y la Tasa de Delincuencia Local.<\/p>\n<p>El Instituto Con Sede en M\u00fanich Correlaciona Las \u00daltimas Estad\u00ednsticas Nacionales Sobre Delincuencia de 2018 A 2023 Con Datos de Localizaci\u00f3n Especiales para Demostrar Que el Hecho de Que los Inmigrantes Est\u00e9n Tan Representante en las Estad\u00ed Sobre Delinfuencia Lejos con sus or\u00edgenes.<\/p>\n<p>Los Inmigrantes Tienden a Instalarse en Zonas Urbanas, Donde Hay Mayor Densidad de Poblacia, M\u00e1s Vida Nocturna y M\u00e1s Gente en Los Espacios P\u00fablicos a Cualquier Hora. Este significado que el \u00cdndice General de Delincuencia es m\u00e1s Alto y que los Sospechosos de delitos Tienen las Mismas Probabilidades de Ser Alemanos o Exanjeros. En Otras Palabras, Los Distritos Con Mayores Niveles de \u00abDelincuencia de Inmigrantes\u00bb Tambi\u00e9n Tienen Mayores \u00e9rdices de Delincuencia Entre Los Alemanes.<\/p>\n<p>\u00abExiste un riesgo creciente para los autores de delitos independientes de su n\u00e1cionalidad, dependiente de la infraestructura, la situaci\u00f3ncon\u00f3mica, la presencia pol\u00edtica o la densidad de poBlaci\u00f3n\u00bb, afirma el estudio.<\/p>\n<p>Los Investigadores Dieron Otras Razones por Las Cuales Los Inmigrantes Tienden A Estar SobrerRepresentados en Las Cifras de Delincuencia. En general, se trata de personas m\u00e1s j\u00f3venes y Mayormento de Sexo Masculino Que en la Poblacia Alemana, Aunque Seg\u00fans Los Expertos Estos factores tienen una contribuci\u00f3n Menos relevantes. <\/p>\n<figure class=\"placeholder-image master_landscape big\"><img data-format=\"MASTER_LANDSCAPE\" data-id=\"64661572\" data-url=\"https:\/\/static.dw.com\/image\/64661572_${formatId}.jpg\" data-aspect-ratio=\"16\/9\" alt=\"Beatrix von Storch, de Afd\" style=\"padding-bottom: 56.25%; height: 0; max-height: 0;\"\/><figcaption class=\"img-caption\">Beatrix von Storch, de Afd<small class=\"copyright\">Imagen: Frederic Kern\/Future\/Imelo<\/small><\/figcaption><\/figure>\n<h2>Estudios Contra La Narrativa Populista<\/h2>\n<p>La Supuesta Propensi\u00f3n de los Inmigrantes un Cometer Delitos se ha convertido en la narrativa dominante en la verdadera Campa\u00f1a Alemana electoral. En un reciente debate en el Bundestag (Parlamento) SOBRE LA RESTRICCI\u00d3N DE LA INMIGRACI\u00d3N, Friedrich Merz, Candidato A Canciller Del Partido Conservador Uni\u00f3n Uni\u00f3n Cristianodem\u00f3crata (CDU), Habl\u00f3 Sobre El \u00abSupuest desemploso Los Solicitantes de ASILO\u00bb.<\/p>\n<p>Sus Palabras se Hicieron Eco de la Narrativa del Partido Ultraderechista Alternativa para Alemania (AFD). A Principios de Febero, Beatrix von Storch, de Afd, declar\u00f3 a la cadena P\u00fablica alemana ard: \u00abTenemos dos violaciones en Grupo por d\u00eda, Tenemos Diez violaciones normales al d\u00eda y hemos tenido 131 cr\u00edamenes violentos pordiar en loss en los \u00dalimos seis a\u00f1os a\u00f1os use\u00f1os a\u00f1os a\u00f1os a\u00f1os A\u00f1os A\u00f1os A\u00f1os A\u00f1os A\u00f1os A\u00f1os A\u00f1os A\u00f1os A\u00f1os A\u00f1os A\u00f1os A\u00f1os A\u00f1os A\u00f1os A\u00f1os A\u00f1os A\u00f1os A\u00f1os A\u00f1os A\u00f1os A\u00f1os A\u00f1os A\u00f1os A\u00f1os A\u00f1os A\u00f1os A\u00f1os A\u00f1os A\u00f1os A\u00f1os A\u00f1os A\u00f1os A\u00f1os A\u00f1os Aoles Amas Amas Amas Amas Amas Amas Amas Amas Aitos , (cometidos) por Inmigrantes, Principal Sirios, Afganos e Iraqu\u00edes \u201d.<\/p>\n<p>\u00abTenemos estad\u00edsticas sobre delitos que se est\u00e1n extendiendo. Tenemos delitos entre inmigrantes, delitos entre j\u00f3venes, violencia migratoria\u00bb, afirm\u00f3 la candidata a canciller de la AfD, Alice Weidel, en 2024. \u00abSon cifras muy altas, han ocurrido 15.000 en un a\u00f1o \u00ab, dijo. Hay muchos informa falsos de equipos de verificaci\u00f3n de datos de varios medios alemanes.<\/p>\n<p>Los ataques Ampliamenta Difundidos en M\u00fanich, Aschaffenburg y Magdeburgo Alimentaron est\u00e1 Narrativa Populista, Generando Estudios Estad\u00ednicos que Pintan un Panorama Muy DiFerente.<\/p>\n<p><span data-slot-id=\"Article_InContent-1\" class=\"rich-text-ad\"\/><\/p>\n<h2>Nada es Nueva, Pero es DiFerente<\/h2>\n<p>ESTA AFIRMACI\u00d3N TIENE EL CONDENSO ACAD\u00c9MICO. \u00abEstas revelaciones no son hijo realmenta Nueva\u00bb, Asegur\u00f3 a dw el coautor del estudio jean-victor alipour. \u00abNo Saben lo que Ya se Ha probado antes; no en Alemania, sino en muchos otros pa\u00edses, que no existe una conexi\u00f3n sistem\u00e1tica entre inmigraci\u00f3n y criminalidad\u00bb, insisti\u00f3.<\/p>\n<p>Lo que ahora se investiga, seg\u00fan Dirk Baier, Profesor del Instituto de Prevenci\u00f3n del Delito y La Delincuencia de la Universidad de Ciencias aplicadas de Z\u00farich (Zhaw), Es CentRARSE EN NUUrestras Diferencias Regionales y Locales para Llegar A UNA UNA UNACLUSIONION.<\/p>\n<p>\u00abHemos Realizado Estudios Basados \u200b\u200ben la Investigaci\u00f3n y preguntamo Principalmento A Los J\u00f3venes Sobre Su Comportamiento delictivo, Pero en ning\u00fan Caso Hemos Registro Datos Delictivos de los 400 Distritos de Alemos Ni Hemos Investigado Las Correlacions\u00bb, explic\u00f3 Baier.<\/p>\n<p>Al Incluir Estos Datos, Los investigadores de los Ifo acordaron un producir un an\u00e1lisis \u00abmuy simple\u00bb que incluye comparaciones demograbatos entre los Distritos.<\/p>\n<h2>Percepciones distintas<\/h2>\n<p>El Estudio Tambi\u00e9n crea una brecha entre la percepci\u00f3n de las comunidades inmigrantes y la realidad. \u00abEst no parece ser un delito, pero tambi\u00e9n el nivel educativo de los inmigrantes se subestima sistem\u00e1tica y el n\u00famlo total de inmigrantes se Sobreestima\u00bb, afirm\u00f3 alipour. \u00abDe Diversas Maneras, La Inmigraci\u00f3n se Percibe de Forma m\u00e1s negaciva de lo que nuestros dados datos podros de mostro\u00bb, Sostuvo.<\/p>\n<p>El investigador expl\u00edc\u00f3 que Hay muchas rastros para que se observen para que los los estudios muestran que los delitos cometidos por inmigrantes hijo m\u00e1s expuestos con m\u00e1s rapidez. \u00abESTO SE DEBE A QUE EL RIESGO DE SEGURIDAD A MENUDO EST\u00c1 VINCULADO A LA INMIGRACI\u00d3N; Y AHORA TENEMOS M\u00c1S PARTIDOS Y POL\u00cdTICOS TRATANDO DE GANAR CAPITAL POL\u00cdTICO DEBIDO A LA DIFUSION DE ESTE MEDIO\u00bb, Afirm\u00f3 Alipour.<\/p>\n<p>Baier Recuerda Tambi\u00e9n que oTros estudios ha Demostrado que hay muchas m\u00e1ses de maquones por las que los que los inmigrantes aparecen con alcalde de la frecuencia en las estad\u00edsticas pol\u00edticas sobresaltantes de la delincuencia. Por Ejemplo, Parecer\u00eda Que es Menos Aberrante Cuando Hay Un Autor Autor Alem\u00e1n y Una V\u00edcima Alemana Que Cuando Se TRATA DE UNO UNO CULPABLE INMIGRANTE Y UNA V\u00cdCTIMA ALEMANA.<\/p>\n<p>\u00abESTO PUEDE TENER ALGO QUE VER ACTITUDES XENOFOBAS O CON EL Hecho de Que en Detetinadas Situaciones la Gente no Encuentra oTras Formas de Abordar los conflictos, Quiz\u00e1 porque no pueden comunicarse en el Mismo Idioma\u00bb, Coment\u00f3 Baier. \u00abNo lo sabemos, pero probabilidad de que un agresor inmigrante aparezca en las estad\u00edsticas es alcalde\u00bb, Acot\u00f3.<\/p>\n<p>(CT\/RR) <\/p>\n<\/div>\n\n","protected":false},"excerpt":{"rendered":"<p>Un Nuevo An\u00e1lisis de Las \u00daltimas Estad\u00ednsticas SOBRE DELINCIDA EN ALEMANIA Realizado Por El Prestigioso Instituto Alem\u00e1n de Pol\u00edtica Econ\u00f3mica (Ifo) Concluye Que los Inmigrantes o RefugiAdos no Tienen UNA Mayor Tendencia A Com\u00e9ter Delitos y Queen no existen Corredor Corredor Proporci\u00f3n de Inmigrantes en un Distrito definido y la Tasa de Delincuencia Local. El &hellip;<\/p>\n","protected":false},"author":1,"featured_media":15797,"comment_status":"open","ping_status":"open","sticky":false,"template":"","format":"standard","meta":{"fifu_image_url":"https:\/\/static.dw.com\/image\/71706391_6.jpg","fifu_image_alt":"","footnotes":""},"categories":[13],"tags":[],"class_list":["post-15796","post","type-post","status-publish","format-standard","has-post-thumbnail","","category-mundo"],"_links":{"self":[{"href":"https:\/\/noticiasveraces.com\/index.php?rest_route=\/wp\/v2\/posts\/15796","targetHints":{"allow":["GET"]}}],"collection":[{"href":"https:\/\/noticiasveraces.com\/index.php?rest_route=\/wp\/v2\/posts"}],"about":[{"href":"https:\/\/noticiasveraces.com\/index.php?rest_route=\/wp\/v2\/types\/post"}],"author":[{"embeddable":true,"href":"https:\/\/noticiasveraces.com\/index.php?rest_route=\/wp\/v2\/users\/1"}],"replies":[{"embeddable":true,"href":"https:\/\/noticiasveraces.com\/index.php?rest_route=%2Fwp%2Fv2%2Fcomments&post=15796"}],"version-history":[{"count":0,"href":"https:\/\/noticiasveraces.com\/index.php?rest_route=\/wp\/v2\/posts\/15796\/revisions"}],"wp:featuredmedia":[{"embeddable":true,"href":"https:\/\/noticiasveraces.com\/index.php?rest_route=\/wp\/v2\/media\/15797"}],"wp:attachment":[{"href":"https:\/\/noticiasveraces.com\/index.php?rest_route=%2Fwp%2Fv2%2Fmedia&parent=15796"}],"wp:term":[{"taxonomy":"category","embeddable":true,"href":"https:\/\/noticiasveraces.com\/index.php?rest_route=%2Fwp%2Fv2%2Fcategories&post=15796"},{"taxonomy":"post_tag","embeddable":true,"href":"https:\/\/noticiasveraces.com\/index.php?rest_route=%2Fwp%2Fv2%2Ftags&post=15796"}],"curies":[{"name":"wp","href":"https:\/\/api.w.org\/{rel}","templated":true}]}}