{"id":15786,"date":"2025-02-22T11:51:39","date_gmt":"2025-02-22T15:51:39","guid":{"rendered":"https:\/\/noticiasveraces.com\/?p=15786"},"modified":"2025-02-22T11:51:39","modified_gmt":"2025-02-22T15:51:39","slug":"segun-los-informes-setenta-cristianos-decapitados-por-la-filial-de-isis-en-la-republica-democratica-del-congo","status":"publish","type":"post","link":"https:\/\/noticiasveraces.com\/?p=15786","title":{"rendered":"Seg\u00fan los informes, setenta cristianos decapitados por la filial de ISIS en la Rep\u00fablica Democr\u00e1tica del Congo"},"content":{"rendered":"<p> \n<\/p>\n<div>\n<p class=\"speakable\"><strong>Johannesburgo <\/strong>&#8211; Setenta cristianos han sido decapitados con machetes o cuchillos grandes, seg\u00fan m\u00faltiples grupos que monitorean el terrorismo y la persecuci\u00f3n, por militantes islamistas en la Rep\u00fablica Democr\u00e1tica del Congo (RDC), y sin embargo, el mundo permanece en su mayor\u00eda silencioso.<\/p>\n<p class=\"speakable\">Los 70 cristianos fueron redondeados por primera vez por rebeldes islamistas de las fuerzas democr\u00e1ticas aliadas, un grupo afiliado al grupo terrorista Estado Isl\u00e1mico, o ISIS, seg\u00fan las puertas abiertas, que monitorea la persecuci\u00f3n cristiana en todo el mundo. Seg\u00fan los informes, los cristianos, todos del distrito de Lubero, fueron obligados a salir de sus hogares supuestamente temprano en la ma\u00f1ana del 13 de febrero, y los rebeldes gritaban: \u00abSalir, salir\u00bb.<\/p>\n<p>Fueron tomados como rehenes y se mudaron a una peque\u00f1a iglesia cristiana en el pueblo de Kasanga. All\u00ed, dentro del edificio que hasta entonces se hab\u00eda considerado un santuario, primero fueron atados, y luego los 70 fueron decapitados, dicen los grupos.<\/p>\n<p>Vianney Vitswamba, coordinadora de un comit\u00e9 de protecci\u00f3n comunitaria local, es citado por la organizaci\u00f3n global de fondos de lucha contra el terrorismo (GFATF) diciendo: \u00abSe descubrieron 70 cuerpos en la iglesia. Fueron (encontrados) atados\u00bb.<\/p>\n<p><strong>Miles de cristianos &#8216;deliberadamente atacados&#8217; y asesinados en Nigeria, dice un nuevo informe<\/strong><\/p>\n<div class=\"image-ct inline\">\n<div class=\"m\"><picture><source media=\"(max-width: 767px)\" srcset=\"https:\/\/a57.foxnews.com\/static.foxnews.com\/foxnews.com\/content\/uploads\/2025\/02\/343\/192\/drcgettyimages-2200027797-scaled.jpg?ve=1&amp;tl=1, https:\/\/a57.foxnews.com\/static.foxnews.com\/foxnews.com\/content\/uploads\/2025\/02\/686\/384\/drcgettyimages-2200027797-scaled.jpg?ve=1&amp;tl=1 2x\" height=\"192\" width=\"343\"><source media=\"(min-width: 768px) and (max-width: 1023px)\" srcset=\"https:\/\/a57.foxnews.com\/static.foxnews.com\/foxnews.com\/content\/uploads\/2025\/02\/672\/378\/drcgettyimages-2200027797-scaled.jpg?ve=1&amp;tl=1, https:\/\/a57.foxnews.com\/static.foxnews.com\/foxnews.com\/content\/uploads\/2025\/02\/1344\/756\/drcgettyimages-2200027797-scaled.jpg?ve=1&amp;tl=1 2x\" height=\"378\" width=\"672\"><source media=\"(min-width: 1024px) and (max-width: 1279px)\" srcset=\"https:\/\/a57.foxnews.com\/static.foxnews.com\/foxnews.com\/content\/uploads\/2025\/02\/931\/523\/drcgettyimages-2200027797-scaled.jpg?ve=1&amp;tl=1, https:\/\/a57.foxnews.com\/static.foxnews.com\/foxnews.com\/content\/uploads\/2025\/02\/1862\/1046\/drcgettyimages-2200027797-scaled.jpg?ve=1&amp;tl=1 2x\" height=\"523\" width=\"931\"><source media=\"(min-width: 1280px)\" srcset=\"https:\/\/a57.foxnews.com\/static.foxnews.com\/foxnews.com\/content\/uploads\/2025\/02\/720\/405\/drcgettyimages-2200027797-scaled.jpg?ve=1&amp;tl=1, https:\/\/a57.foxnews.com\/static.foxnews.com\/foxnews.com\/content\/uploads\/2025\/02\/1440\/810\/drcgettyimages-2200027797-scaled.jpg?ve=1&amp;tl=1 2x\" height=\"405\" width=\"720\"><img loading=\"lazy\" decoding=\"async\" src=\"https:\/\/a57.foxnews.com\/static.foxnews.com\/foxnews.com\/content\/uploads\/2025\/02\/1200\/675\/drcgettyimages-2200027797-scaled.jpg?ve=1&amp;tl=1\" alt=\"Los recientes enfrentamientos en el mismo distrito de Lubero, donde la masacre de cristianos tuvo lugar, miembros de la Cruz Roja Congolesa que llevan bolsas corporales que contienen restos humanos durante un entierro masivo para las v\u00edctimas de los enfrentamientos en el este de la Rep\u00fablica Democr\u00e1tica del Congo en el cementerio de Musigiko en Bukavu en febrero de febrero. 20, 2025. No est\u00e1 claro en la imagen si los dos eventos est\u00e1n relacionados. El ej\u00e9rcito de la Rep\u00fablica Democr\u00e1tica del Congo (RDC) el 20 de febrero de 2025 inst\u00f3 a las ondas locales que los soldados huyen en la provincia oriental del norte de Kivu para unirse a sus unidades y continuar la lucha para contrarrestar el avance de los rebeldes del M23. En Lubero, una ciudad hacia la cual avanza el M23, a 250 km al norte de la capital provincial Goma, tomada el 28 de enero, aterroriz\u00f3 a los residentes informados a los soldados congole\u00f1os de la AFP en disparos de desorden en la ciudad y participando en el saqueo.\" width=\"1200\" height=\"675\"\/><\/source><\/source><\/source><\/source><\/picture><\/div>\n<div class=\"info\">\n<div class=\"caption\">\n<p><span>Los recientes enfrentamientos en el mismo distrito de Lubero, donde la masacre de cristianos tuvo lugar, miembros de la Cruz Roja Congolesa que llevan bolsas corporales que contienen restos humanos durante un entierro masivo para las v\u00edctimas de los enfrentamientos en el este de la Rep\u00fablica Democr\u00e1tica del Congo en el cementerio de Musigiko en Bukavu en febrero de febrero. 20, 2025. No est\u00e1 claro en la imagen si los dos eventos est\u00e1n relacionados. El ej\u00e9rcito de la Rep\u00fablica Democr\u00e1tica del Congo (RDC) el 20 de febrero de 2025 inst\u00f3 a las ondas locales que los soldados huyen en la provincia oriental del norte de Kivu para unirse a sus unidades y continuar la lucha para contrarrestar el avance de los rebeldes del M23. En Lubero, una ciudad hacia la cual avanza el M23, a 250 km al norte de la capital provincial Goma, tomada el 28 de enero, aterroriz\u00f3 a los residentes informados a los soldados congole\u00f1os de la AFP en disparos de desorden en la ciudad y participando en el saqueo.<\/span> <span>(Luis Tato\/AFP a trav\u00e9s de Getty Images)<\/span><\/p>\n<\/div>\n<\/div>\n<\/div>\n<p>Las fuentes informan que los militantes islamistas locales no permitir\u00edan que los l\u00edderes cristianos enterren a los muertos durante unos cinco d\u00edas.<\/p>\n<p>Las puertas abiertas informan que el 95% de las personas que viven en la RDC son cristianas. Sin embargo, el ADF islamista, seg\u00fan los analistas, est\u00e1n empe\u00f1ados en convertir esta comunidad en el noreste turbio del pa\u00eds en un califato isl\u00e1mico, obligando a esta comunidad mayoritaria a seguir pr\u00e1cticas musulmanas extremas.<\/p>\n<p>\u00abLa violencia tiene lugar en un contexto de impunidad, donde casi nadie es responsable\u00bb, dijo John Samuel, experto legal de puertas para \u00c1frica subsahariana. \u00abEsta masacre es un claro indicador de violaciones generalizadas de derechos humanos contra civiles y comunidades vulnerables, a menudo dirigidas a cristianos, perpetrados por ADF &#8211; A (n) afiliado del Estado Isl\u00e1mico\u00bb.<\/p>\n<p>Tristan Azbej, Secretario de Estado de Hungr\u00eda para la ayuda de cristianos perseguidos publicados en X, \u00abhorrorizado para aprender sobre los 70 m\u00e1rtires cristianos decapitados por terroristas en una iglesia &#8230; Reconocer y actuar contra la persecuci\u00f3n cristiana \u00ab.<\/p>\n<p><strong><u>Los cristianos en \u00c1frica enfrentan un aumento preocupante en los asesinatos, persecuci\u00f3n y desplazamiento<\/u><\/strong><\/p>\n<p>Las puertas abiertas del Reino Unido declararon en una declaraci\u00f3n reciente que los cristianos en la RDC \u00abenfrentan una persecuci\u00f3n y violencia severa con frecuencia de militantes islamistas, el ADF, especialmente en la regi\u00f3n oriental. Aliado con el grupo del Estado Isl\u00e1mico, el ADF secuestra y mata a los cristianos y a las iglesias de ataque, conduciendo a un terror generalizado, inseguridad y desplazamiento \u00ab.<\/p>\n<p>En todo el mundo, y particularmente en \u00c1frica, los cristianos enfrentan una persecuci\u00f3n creciente. En un informe de enero de 2025, las puertas abiertas declararon que \u00abm\u00e1s de 380 millones de cristianos en todo el mundo experimentaron al menos un\u00bb alto nivel \u00abde persecuci\u00f3n y discriminaci\u00f3n debido a su fe\u00bb.<\/p>\n<div class=\"image-ct inline\">\n<div class=\"m\"><picture><source media=\"(max-width: 767px)\" srcset=\"https:\/\/a57.foxnews.com\/static.foxnews.com\/foxnews.com\/content\/uploads\/2025\/02\/343\/192\/church-attacked-in-dr-congo-scaled.jpg?ve=1&amp;tl=1, https:\/\/a57.foxnews.com\/static.foxnews.com\/foxnews.com\/content\/uploads\/2025\/02\/686\/384\/church-attacked-in-dr-congo-scaled.jpg?ve=1&amp;tl=1 2x\" height=\"192\" width=\"343\"><source media=\"(min-width: 768px) and (max-width: 1023px)\" srcset=\"https:\/\/a57.foxnews.com\/static.foxnews.com\/foxnews.com\/content\/uploads\/2025\/02\/672\/378\/church-attacked-in-dr-congo-scaled.jpg?ve=1&amp;tl=1, https:\/\/a57.foxnews.com\/static.foxnews.com\/foxnews.com\/content\/uploads\/2025\/02\/1344\/756\/church-attacked-in-dr-congo-scaled.jpg?ve=1&amp;tl=1 2x\" height=\"378\" width=\"672\"><source media=\"(min-width: 1024px) and (max-width: 1279px)\" srcset=\"https:\/\/a57.foxnews.com\/static.foxnews.com\/foxnews.com\/content\/uploads\/2025\/02\/931\/523\/church-attacked-in-dr-congo-scaled.jpg?ve=1&amp;tl=1, https:\/\/a57.foxnews.com\/static.foxnews.com\/foxnews.com\/content\/uploads\/2025\/02\/1862\/1046\/church-attacked-in-dr-congo-scaled.jpg?ve=1&amp;tl=1 2x\" height=\"523\" width=\"931\"><source media=\"(min-width: 1280px)\" srcset=\"https:\/\/a57.foxnews.com\/static.foxnews.com\/foxnews.com\/content\/uploads\/2025\/02\/720\/405\/church-attacked-in-dr-congo-scaled.jpg?ve=1&amp;tl=1, https:\/\/a57.foxnews.com\/static.foxnews.com\/foxnews.com\/content\/uploads\/2025\/02\/1440\/810\/church-attacked-in-dr-congo-scaled.jpg?ve=1&amp;tl=1 2x\" height=\"405\" width=\"720\"><img loading=\"lazy\" decoding=\"async\" src=\"https:\/\/a57.foxnews.com\/static.foxnews.com\/foxnews.com\/content\/uploads\/2025\/02\/1200\/675\/church-attacked-in-dr-congo-scaled.jpg?ve=1&amp;tl=1\" alt=\"Iglesia atacada en DR Congo\" width=\"1200\" height=\"675\"\/><\/source><\/source><\/source><\/source><\/picture><\/div>\n<div class=\"info\">\n<div class=\"caption\">\n<p><span>La fachada de una iglesia golpeada por una c\u00e1scara de artiller\u00eda despu\u00e9s de los enfrentamientos se ve en Goma el 30 de enero de 2025. <\/span> <span>(Alexis Huguet\/AFP a trav\u00e9s de Getty Images)<\/span><\/p>\n<\/div>\n<\/div>\n<\/div>\n<p>Se dice que los cristianos locales est\u00e1n desesperados. \u00abNo sabemos qu\u00e9 hacer o c\u00f3mo orar; hemos tenido suficientes masacres\u00bb, dijo un anciano de la iglesia local de CECA20 a los periodistas. \u00abQue la voluntad de Dios se haga por s\u00ed sola\u00bb.<\/p>\n<p>Pero a pesar de la naturaleza impactante de los asesinatos, y la gran cantidad de los asesinados, se ha informado poco en los medios de comunicaci\u00f3n. Publicando en X, la comentarista pol\u00edtica estadounidense Liz Wheeler escribi\u00f3: \u00ab70 hombres cristianos, mujeres y ni\u00f1os fueron decapitados &#8230; porque son cristianos. Sus cuerpos decapitados se dejaron en una iglesia &#8230; porque son cristianos. Los terroristas que Los asesinados tienen lazos con ISIS.<\/p>\n<p><strong><u>Haga clic aqu\u00ed para obtener la aplicaci\u00f3n Fox News<\/u><\/strong><\/p>\n<p>Tambi\u00e9n en el noreste de la RDC, se informa que los rebeldes M23 respaldados por Ruanda ingresaron el viernes a la segunda ciudad m\u00e1s grande de Bukavu de la regi\u00f3n, despu\u00e9s de hacerse cargo de la principal ciudad de Goma en la frontera de Ruanda.<\/p>\n<p> <!----> <\/p>\n<div class=\"article-meta\">\n<div class=\"author-bio\">\n<p>Paul Tilsley es un corresponsal veterano que ha informado sobre asuntos africanos durante m\u00e1s de tres d\u00e9cadas de Johannesburgo, Sud\u00e1frica. Se le puede seguir en Twitter @Paultilsley<\/p>\n<\/div>\n<\/div>\n<\/div>\n\n","protected":false},"excerpt":{"rendered":"<p>Johannesburgo &#8211; Setenta cristianos han sido decapitados con machetes o cuchillos grandes, seg\u00fan m\u00faltiples grupos que monitorean el terrorismo y la persecuci\u00f3n, por militantes islamistas en la Rep\u00fablica Democr\u00e1tica del Congo (RDC), y sin embargo, el mundo permanece en su mayor\u00eda silencioso. Los 70 cristianos fueron redondeados por primera vez por rebeldes islamistas de las &hellip;<\/p>\n","protected":false},"author":1,"featured_media":15788,"comment_status":"open","ping_status":"open","sticky":false,"template":"","format":"standard","meta":{"fifu_image_url":"https:\/\/static.foxnews.com\/foxnews.com\/content\/uploads\/2025\/02\/church-attacked-in-dr-congo-scaled.jpg","fifu_image_alt":"","footnotes":""},"categories":[13],"tags":[],"class_list":["post-15786","post","type-post","status-publish","format-standard","has-post-thumbnail","","category-mundo"],"_links":{"self":[{"href":"https:\/\/noticiasveraces.com\/index.php?rest_route=\/wp\/v2\/posts\/15786","targetHints":{"allow":["GET"]}}],"collection":[{"href":"https:\/\/noticiasveraces.com\/index.php?rest_route=\/wp\/v2\/posts"}],"about":[{"href":"https:\/\/noticiasveraces.com\/index.php?rest_route=\/wp\/v2\/types\/post"}],"author":[{"embeddable":true,"href":"https:\/\/noticiasveraces.com\/index.php?rest_route=\/wp\/v2\/users\/1"}],"replies":[{"embeddable":true,"href":"https:\/\/noticiasveraces.com\/index.php?rest_route=%2Fwp%2Fv2%2Fcomments&post=15786"}],"version-history":[{"count":0,"href":"https:\/\/noticiasveraces.com\/index.php?rest_route=\/wp\/v2\/posts\/15786\/revisions"}],"wp:featuredmedia":[{"embeddable":true,"href":"https:\/\/noticiasveraces.com\/index.php?rest_route=\/wp\/v2\/media\/15788"}],"wp:attachment":[{"href":"https:\/\/noticiasveraces.com\/index.php?rest_route=%2Fwp%2Fv2%2Fmedia&parent=15786"}],"wp:term":[{"taxonomy":"category","embeddable":true,"href":"https:\/\/noticiasveraces.com\/index.php?rest_route=%2Fwp%2Fv2%2Fcategories&post=15786"},{"taxonomy":"post_tag","embeddable":true,"href":"https:\/\/noticiasveraces.com\/index.php?rest_route=%2Fwp%2Fv2%2Ftags&post=15786"}],"curies":[{"name":"wp","href":"https:\/\/api.w.org\/{rel}","templated":true}]}}