{"id":15779,"date":"2025-02-22T11:35:57","date_gmt":"2025-02-22T15:35:57","guid":{"rendered":"https:\/\/noticiasveraces.com\/?p=15779"},"modified":"2025-02-22T11:35:57","modified_gmt":"2025-02-22T15:35:57","slug":"rafa-nadal-sera-homenajeado-en-el-proimo-roland-garros-y-ocuparan-uno-nuevo-puesto-en-el-torneo","status":"publish","type":"post","link":"https:\/\/noticiasveraces.com\/?p=15779","title":{"rendered":"RAFA NADAL SER\u00c1 HOMENAJEADO EN EL PROIMO ROLAND GARROS Y OCUPAR\u00c1N UNO NUEVO PUESTO EN EL TORNEO"},"content":{"rendered":"<p> \n<\/p>\n<div id=\"intext\">\n<p>Ya es (Casi) Oficial. Rafa <b>Nadal<\/b>El Mejor Tenista de la Historia en Tierra Batida -Ganador de Hasta <b>14 Roland Garros<\/b>&#8211; tenderr\u00e1 su <u>merecido homenaje<\/u> en el Grand Slam Franc\u00e9s. As\u00ed lo ha anunciado el m\u00e1ximo mandatario de la federaci\u00f3n Francesa de f\u00fatbol, \u200b\u200bGilles Moretton.<\/p>\n<h2 class=\"title-h2\">\u00abTenderr\u00e1 un homenaje muy importante\u00bb<\/h2>\n<p>\u00abTendroMos un homenaje este a\u00f1o. No estoy desvelando ning\u00fan Secreto. Definitivamete Habr\u00e1 Algo para Nadal, <b>Un Verdadero Homenaje Muy IMPORTANTE<\/b>\u00ab, Se\u00f1al\u00f3 en una Entrevista en la Radio Francesa Europa 1.<\/p>\n<p>El Pr\u00f3ximo <i>importante<\/i> SE Celebrar\u00e1 en la Tierra Gala del 25 de Mayo al 8 de Junio, Y Ser\u00e1 El Primero Desde que Rafa Nadal Colg\u00f3 la Raqueta (Tras la Copa Davis 2024 en M\u00e1laga). Ya el A\u00f1o Pasado <b>disput\u00f3 su \u00datim Partido <\/b><b>Ante Alexander Zverev<\/b> en la Primera Ronda del Torneo (6-3, 7-6 (5), 6-3), Convirti\u00e9ndosa Tambi\u00e9n el Alem\u00e1n en El Tercer Jugador de la Historia Capaz de Doblegar Al Balear en Roland Garros Tras Tras Trass <u>Novak Djokovic<\/u> (Dos Veces) Y Robin <u>Soderling<\/u>.<\/p>\n<h2 class=\"title-h2\">\u00bfPor qu\u00e9 no se le homenaje\u00f3 en 2024?<\/h2>\n<p>Moretton, Por Su parte, Quiso Explicar La Raz\u00f3n por la Que El Torneo no le Homenaje\u00f3 en 2024 Tras Percder Ante Zverev: \u00ab<b>A\u00fan era Jugador<\/b> Y LUEGO ESTABA LA COPA DAVIS, DONDE QUERIA ACABAR SU CARRERA, AS\u00cd QUE EL HOMENAJE SIN ERA EL DE TENDRIAMOS QUE HBERLE Hecho \u00ab.<\/p>\n<h2 class=\"title-h2\">Ser\u00eda Tambi\u00e9n EMBAJADOR DE ROLAND GARROS<\/h2>\n<p>Adem\u00e1s, es m\u00e1s que probable que rafa nadal adopte un rol como rol <b>embajador del torne<\/b>o. \u00bfQui\u00e9n mejor que \u00e9l? \u00abEst\u00e1 Preparado Para Hablar de Su Futuro. Ya Daremos M\u00e1s Detalga de este de Embajador.<b> Las Marcas Rafael Nadal y Roland Garros hijo una sola<\/b>as\u00ed que s\u00ed Estamos considerar y este con \u00e9l \u00ab, Explic\u00f3 el Presidente de la fft.<\/p>\n<h2 class=\"title-h2\">La Mejor Sinergia de la Historia: 14 T\u00edtulos, 112 Victorias, 4 Derrotas &#8230;<\/h2>\n<p>RAFA NADAL Y ROLAND GARROS, LA MEJOR Y M\u00c1S EXITOSA SINERGIA EN LA HISTORIA DEL TENIS Y UNA DE LAS M\u00c1S INCRE\u00cdBLES EN LA HISTITRIA DE Deporte: <b>14 T\u00edtulos en 19 participaciones, 112 Victorias y Solo 4 ALERROTAS<\/b> Desde que debutara en 2005 (Soderling 2009, Djokovic 2025, Djokovic 2021 y Zverev 2024). En el a\u00f1o <u>2016 se retir\u00f3 por lesi\u00f3n <\/u>Antes de Disputar la Tercera Ronda Ante Marcel Granollers Y <u>EN 2023 FUE BAJA POR LA LESI\u00d3<\/u>n en el psoas il\u00edaco. Interno <u>2004<\/u> Tampoco Jug\u00f3 por <u>Molestias en su pastel<\/u>.<\/p>\n<p>En El Homenaje en Roland Garros se Espera que Acudan Grandes Figuras del tenis Mundial, Algunas que Retiradas y Tal Vez Algunas en Activo (Wawrinka, Djokovic &#8230;). PERO TODO APUNTA A QUE ESTA VEZ S\u00ed SER\u00c1 MULTITUDINARIA, NO COMO la fr\u00eda e inesperada desespedida que se le brind\u00f3 en m\u00e1laga tras la inoportuna Eliminaci\u00f3n de espa\u00f1a ante Pa\u00edses Bajos.<\/p>\n<p><i>S\u00edguenos en nuestro canal de whatsapp y no te Pierdas la \u00daLtima Hora y Toda la actualidad de antena3noticias.com<\/i><\/p>\n<div class=\"recirculation-video\" data-mod=\"a3mod_recirculation_video\">\n<div class=\"recirculation-video-wrapper\">\n<div>\n<div class=\"video-wrapper\">\n  <picture class=\"video-main-picture\"><source media=\"(min-width: 481px)\" srcset=\"https:\/\/fotografias.antena3.com\/clipping\/cmsimages01\/2025\/02\/11\/66206716-AB7B-4C28-8E66-33EFEC989F9A\/luis-rubiales-llega-este-martes-sede-audiencia-nacional-san-fernando-henares_94.jpg?crop=4246,2388,x0,y0&amp;width=800&amp;height=450&amp;optimize=medium&amp;format=webply\" width=\"800\" height=\"450\"><source media=\"(min-width: 391px) and (max-width: 480px)\" srcset=\"https:\/\/fotografias.antena3.com\/clipping\/cmsimages01\/2025\/02\/11\/66206716-AB7B-4C28-8E66-33EFEC989F9A\/luis-rubiales-llega-este-martes-sede-audiencia-nacional-san-fernando-henares_70.jpg?crop=4246,2388,x0,y0&amp;width=480&amp;height=270&amp;optimize=high&amp;format=webply\" width=\"480\" height=\"270\"><source media=\"(min-width: 321px) and (max-width: 390px)\" srcset=\"https:\/\/fotografias.antena3.com\/clipping\/cmsimages01\/2025\/02\/11\/66206716-AB7B-4C28-8E66-33EFEC989F9A\/luis-rubiales-llega-este-martes-sede-audiencia-nacional-san-fernando-henares_92.jpg?crop=4246,2384,x0,y0&amp;width=390&amp;height=219&amp;optimize=high&amp;format=webply\" width=\"390\" height=\"219\"><source media=\"(max-width: 320px)\" srcset=\"https:\/\/fotografias.antena3.com\/clipping\/cmsimages01\/2025\/02\/11\/66206716-AB7B-4C28-8E66-33EFEC989F9A\/luis-rubiales-llega-este-martes-sede-audiencia-nacional-san-fernando-henares_52.jpg?crop=4246,2388,x0,y0&amp;width=320&amp;height=180&amp;optimize=high&amp;format=webply\" width=\"320\" height=\"180\"><img decoding=\"async\" title=\"Luis Rubiales Llega Este Martes a la Sede de la Audios Nacional en San Fernando de Henares\" alt=\"Luis Rubiales Llega Este Martes a la Sede de la Audios Nacional en San Fernando de Henares\" width=\"480\" height=\"270\" src=\"https:\/\/fotografias.antena3.com\/clipping\/cmsimages01\/2025\/02\/11\/66206716-AB7B-4C28-8E66-33EFEC989F9A\/luis-rubiales-llega-este-martes-sede-audiencia-nacional-san-fernando-henares_70.jpg?crop=4246,2388,x0,y0&amp;width=480&amp;height=270&amp;optimize=high&amp;format=webply\" loading=\"lazy\" class=\"lazy\"\/><br \/>\n  <\/source><\/source><\/source><\/source><\/picture>\n <\/div>\n<\/div><\/div>\n<\/p><\/div>\n<\/div>\n\n","protected":false},"excerpt":{"rendered":"<p>Ya es (Casi) Oficial. Rafa NadalEl Mejor Tenista de la Historia en Tierra Batida -Ganador de Hasta 14 Roland Garros&#8211; tenderr\u00e1 su merecido homenaje en el Grand Slam Franc\u00e9s. As\u00ed lo ha anunciado el m\u00e1ximo mandatario de la federaci\u00f3n Francesa de f\u00fatbol, \u200b\u200bGilles Moretton. \u00abTenderr\u00e1 un homenaje muy importante\u00bb \u00abTendroMos un homenaje este a\u00f1o. No &hellip;<\/p>\n","protected":false},"author":1,"featured_media":15781,"comment_status":"open","ping_status":"open","sticky":false,"template":"","format":"standard","meta":{"fifu_image_url":"https:\/\/fotografias.antena3.com\/clipping\/cmsimages01\/2025\/02\/22\/CF8CBB1E-538A-460A-8ABE-5C0B70EB5BEE\/rafa-nadal-roland-garros-2024_69.jpg?crop=4905,2759,x0,y375&width=1280&height=720&optimize=low&format=jpg","fifu_image_alt":"","footnotes":""},"categories":[6],"tags":[],"class_list":["post-15779","post","type-post","status-publish","format-standard","has-post-thumbnail","","category-deportes"],"_links":{"self":[{"href":"https:\/\/noticiasveraces.com\/index.php?rest_route=\/wp\/v2\/posts\/15779","targetHints":{"allow":["GET"]}}],"collection":[{"href":"https:\/\/noticiasveraces.com\/index.php?rest_route=\/wp\/v2\/posts"}],"about":[{"href":"https:\/\/noticiasveraces.com\/index.php?rest_route=\/wp\/v2\/types\/post"}],"author":[{"embeddable":true,"href":"https:\/\/noticiasveraces.com\/index.php?rest_route=\/wp\/v2\/users\/1"}],"replies":[{"embeddable":true,"href":"https:\/\/noticiasveraces.com\/index.php?rest_route=%2Fwp%2Fv2%2Fcomments&post=15779"}],"version-history":[{"count":0,"href":"https:\/\/noticiasveraces.com\/index.php?rest_route=\/wp\/v2\/posts\/15779\/revisions"}],"wp:featuredmedia":[{"embeddable":true,"href":"https:\/\/noticiasveraces.com\/index.php?rest_route=\/wp\/v2\/media\/15781"}],"wp:attachment":[{"href":"https:\/\/noticiasveraces.com\/index.php?rest_route=%2Fwp%2Fv2%2Fmedia&parent=15779"}],"wp:term":[{"taxonomy":"category","embeddable":true,"href":"https:\/\/noticiasveraces.com\/index.php?rest_route=%2Fwp%2Fv2%2Fcategories&post=15779"},{"taxonomy":"post_tag","embeddable":true,"href":"https:\/\/noticiasveraces.com\/index.php?rest_route=%2Fwp%2Fv2%2Ftags&post=15779"}],"curies":[{"name":"wp","href":"https:\/\/api.w.org\/{rel}","templated":true}]}}