{"id":15762,"date":"2025-02-22T08:45:03","date_gmt":"2025-02-22T12:45:03","guid":{"rendered":"https:\/\/noticiasveraces.com\/?p=15762"},"modified":"2025-02-22T08:45:03","modified_gmt":"2025-02-22T12:45:03","slug":"alemania-preparada-para-elegir-al-lider-conservador-mientras-el-pais-se-dirige-a-las-encuestas-el-domingo","status":"publish","type":"post","link":"https:\/\/noticiasveraces.com\/?p=15762","title":{"rendered":"Alemania preparada para elegir al l\u00edder conservador mientras el pa\u00eds se dirige a las encuestas el domingo"},"content":{"rendered":"<p> \n<\/p>\n<div>\n<p class=\"speakable\">Se espera que los alemanes vayan a las urnas el domingo cuando se espera que los conservadores dem\u00f3cratas cristianos, dirigidos por Friedrich Merz, expulsen al actual canciller Olaf Scholz. Pero el posible canciller entrante ya ha se\u00f1alado que no gobernar\u00e1 con la alternativa populista de derecha de Alemania para el partido Alemania (AFD).<\/p>\n<p class=\"speakable\">La elecci\u00f3n de Alemania tambi\u00e9n ha llamado la atenci\u00f3n del vicepresidente JD Vance y Elon Musk. Musk ha defendido a la AFD como el mejor partido pol\u00edtico para arreglar los problemas econ\u00f3micos de Alemania. Los comentarios de Musk provocaron la ira de los pol\u00edticos alemanes, y el canciller Scholz acus\u00f3 al multimillonario de interferir en las elecciones de Alemania. <\/p>\n<p>Despu\u00e9s de un apu\u00f1alamiento en Munich el viernes, Musk tuite\u00f3 una vez m\u00e1s su apoyo a AfD en X que afirma: \u00abSolo AfD puede salvar a Alemania\u00bb.<\/p>\n<p>Vance se reuni\u00f3 con el l\u00edder de la AFD, Alice Weidel, en la Conferencia de Seguridad de Munich y critic\u00f3 la pol\u00edtica de \u00abfirewall\u00bb del gobierno alem\u00e1n de no cooperar con la AFD.<\/p>\n<p><strong>Alemania acusa a Elon Musk de tratar de interferir en sus elecciones nacionales<\/strong><\/p>\n<div class=\"image-ct inline\">\n<div class=\"m\"><picture><source media=\"(max-width: 767px)\" srcset=\"https:\/\/a57.foxnews.com\/static.foxnews.com\/foxnews.com\/content\/uploads\/2025\/02\/343\/192\/scholz-and-merz-germany-debate-scaled.jpg?ve=1&amp;tl=1, https:\/\/a57.foxnews.com\/static.foxnews.com\/foxnews.com\/content\/uploads\/2025\/02\/686\/384\/scholz-and-merz-germany-debate-scaled.jpg?ve=1&amp;tl=1 2x\" height=\"192\" width=\"343\"><source media=\"(min-width: 768px) and (max-width: 1023px)\" srcset=\"https:\/\/a57.foxnews.com\/static.foxnews.com\/foxnews.com\/content\/uploads\/2025\/02\/672\/378\/scholz-and-merz-germany-debate-scaled.jpg?ve=1&amp;tl=1, https:\/\/a57.foxnews.com\/static.foxnews.com\/foxnews.com\/content\/uploads\/2025\/02\/1344\/756\/scholz-and-merz-germany-debate-scaled.jpg?ve=1&amp;tl=1 2x\" height=\"378\" width=\"672\"><source media=\"(min-width: 1024px) and (max-width: 1279px)\" srcset=\"https:\/\/a57.foxnews.com\/static.foxnews.com\/foxnews.com\/content\/uploads\/2025\/02\/931\/523\/scholz-and-merz-germany-debate-scaled.jpg?ve=1&amp;tl=1, https:\/\/a57.foxnews.com\/static.foxnews.com\/foxnews.com\/content\/uploads\/2025\/02\/1862\/1046\/scholz-and-merz-germany-debate-scaled.jpg?ve=1&amp;tl=1 2x\" height=\"523\" width=\"931\"><source media=\"(min-width: 1280px)\" srcset=\"https:\/\/a57.foxnews.com\/static.foxnews.com\/foxnews.com\/content\/uploads\/2025\/02\/720\/405\/scholz-and-merz-germany-debate-scaled.jpg?ve=1&amp;tl=1, https:\/\/a57.foxnews.com\/static.foxnews.com\/foxnews.com\/content\/uploads\/2025\/02\/1440\/810\/scholz-and-merz-germany-debate-scaled.jpg?ve=1&amp;tl=1 2x\" height=\"405\" width=\"720\"><img loading=\"lazy\" decoding=\"async\" src=\"https:\/\/a57.foxnews.com\/static.foxnews.com\/foxnews.com\/content\/uploads\/2025\/02\/1200\/675\/scholz-and-merz-germany-debate-scaled.jpg?ve=1&amp;tl=1\" alt=\"Friedrich Merz debates Olaf Scholz\" width=\"1200\" height=\"675\"\/><\/source><\/source><\/source><\/source><\/picture><\/div>\n<div class=\"info\">\n<div class=\"caption\">\n<p><span>Olaf Scholz, canciller alem\u00e1n del Partido Socialdem\u00f3crata, izquierda, y Friedrich Merz, a la derecha, l\u00edder de la Uni\u00f3n Democr\u00e1tica Cristiana, en un estudio de televisi\u00f3n antes de un debate en Berl\u00edn, Alemania, 19 de febrero de 2025. <\/span> <span>(Fabrizio Bensch\/Pool Photo a trav\u00e9s de AP)<\/span><\/p>\n<\/div>\n<\/div>\n<\/div>\n<p>\u00abLos principales partidos pol\u00edticos que rigen a Alemania han establecido un &#8216;firewall&#8217; entre ellos y la AFD, lo que esencialmente significa que se niegan a respaldar, colaborar o apoyar a partidos de extrema derecha como la AFD\u00bb, Anna Hardage, compa\u00f1era de estudios europeos en los Estados Unidos. El Consejo de Pol\u00edtica Exterior, dijo Fox News Digital.<\/p>\n<p>La AFD espera tener su mejor desempe\u00f1o en una elecci\u00f3n, duplicando su recuento de votos desde 2021, y podr\u00eda convertirse en el segundo partido pol\u00edtico m\u00e1s grande de Alemania.<\/p>\n<p><strong>Alemania aparatos bajo el colapso del gobierno y la inminente guerra comercial de Trump<\/strong><\/p>\n<p>Si Merz y su partido de la Uni\u00f3n Democr\u00e1tica Cristiana (CDU) se niegan a trabajar con la AFD, Alemania puede terminar con una coalici\u00f3n de partidos que tienen menos prioridades compartidas, excepto un deseo compartido de evitar asociarse con la AFD.<\/p>\n<p>Hardage se\u00f1al\u00f3 que, si bien la AFD probablemente ser\u00e1 excluida de cualquier coalici\u00f3n de gobierno, el \u00e9xito del partido en la movilizaci\u00f3n de la opini\u00f3n p\u00fablica significa que sus posiciones dar\u00e1n forma a los debates p\u00fablicos en torno a los problemas m\u00e1s grandes que enfrenta Alemania. <\/p>\n<div class=\"image-ct inline\">\n<div class=\"m\"><picture><source media=\"(max-width: 767px)\" srcset=\"https:\/\/a57.foxnews.com\/static.foxnews.com\/foxnews.com\/content\/uploads\/2025\/02\/343\/192\/ap25052313700231-scaled.jpg?ve=1&amp;tl=1, https:\/\/a57.foxnews.com\/static.foxnews.com\/foxnews.com\/content\/uploads\/2025\/02\/686\/384\/ap25052313700231-scaled.jpg?ve=1&amp;tl=1 2x\" height=\"192\" width=\"343\"><source media=\"(min-width: 768px) and (max-width: 1023px)\" srcset=\"https:\/\/a57.foxnews.com\/static.foxnews.com\/foxnews.com\/content\/uploads\/2025\/02\/672\/378\/ap25052313700231-scaled.jpg?ve=1&amp;tl=1, https:\/\/a57.foxnews.com\/static.foxnews.com\/foxnews.com\/content\/uploads\/2025\/02\/1344\/756\/ap25052313700231-scaled.jpg?ve=1&amp;tl=1 2x\" height=\"378\" width=\"672\"><source media=\"(min-width: 1024px) and (max-width: 1279px)\" srcset=\"https:\/\/a57.foxnews.com\/static.foxnews.com\/foxnews.com\/content\/uploads\/2025\/02\/931\/523\/ap25052313700231-scaled.jpg?ve=1&amp;tl=1, https:\/\/a57.foxnews.com\/static.foxnews.com\/foxnews.com\/content\/uploads\/2025\/02\/1862\/1046\/ap25052313700231-scaled.jpg?ve=1&amp;tl=1 2x\" height=\"523\" width=\"931\"><source media=\"(min-width: 1280px)\" srcset=\"https:\/\/a57.foxnews.com\/static.foxnews.com\/foxnews.com\/content\/uploads\/2025\/02\/720\/405\/ap25052313700231-scaled.jpg?ve=1&amp;tl=1, https:\/\/a57.foxnews.com\/static.foxnews.com\/foxnews.com\/content\/uploads\/2025\/02\/1440\/810\/ap25052313700231-scaled.jpg?ve=1&amp;tl=1 2x\" height=\"405\" width=\"720\"><img loading=\"lazy\" decoding=\"async\" src=\"https:\/\/a57.foxnews.com\/static.foxnews.com\/foxnews.com\/content\/uploads\/2025\/02\/1200\/675\/ap25052313700231-scaled.jpg?ve=1&amp;tl=1\" alt=\"Alice Weidel, AFD\" width=\"1200\" height=\"675\"\/><\/source><\/source><\/source><\/source><\/picture><\/div>\n<div class=\"info\">\n<div class=\"caption\">\n<p><span>Alice Weidel, candidata a la AFD para canciller y l\u00edder del grupo parlamentario de AFD, habla con la presentadora Dunja Hayali en una entrevista en el programa matutino de ZDF \u00abMoMA Vor der Wahl\u00bb el 21 de febrero de 2025, en Berl\u00edn.<\/span> <span>(Kay Nietfeld\/Picture-Alliance\/DPA\/AP Images)<\/span><\/p>\n<\/div>\n<\/div>\n<\/div>\n<p>AFD ha podido capitalizar los temores del p\u00fablico alem\u00e1n sobre la migraci\u00f3n despu\u00e9s de una serie de incidentes violentos que involucran a los migrantes. El partido defiende las leyes de inmigraci\u00f3n m\u00e1s estrictas como el n\u00famero de migrantes en Alemania y la UE se ha disparado en los \u00faltimos a\u00f1os de varios conflictos globales.<\/p>\n<p>La econom\u00eda, la seguridad y la inmigraci\u00f3n son los mayores problemas, y tienen \u00e9xito porque muchos votantes atribuyen estos grandes problemas a los pasos en falso de los l\u00edderes pasados. Rafael Loss, miembro de la pol\u00edtica del Consejo Europeo de Relaciones Exteriores, dijo a Fox News Digital Merz ha trasladado a la CDU a la derecha sobre estos temas de recuperar a los votantes curiosos de AFD.<\/p>\n<div class=\"image-ct inline\">\n<div class=\"m\"><picture><source media=\"(max-width: 767px)\" srcset=\"https:\/\/a57.foxnews.com\/static.foxnews.com\/foxnews.com\/content\/uploads\/2024\/12\/343\/192\/mad.jpg?ve=1&amp;tl=1, https:\/\/a57.foxnews.com\/static.foxnews.com\/foxnews.com\/content\/uploads\/2024\/12\/686\/384\/mad.jpg?ve=1&amp;tl=1 2x\" height=\"192\" width=\"343\"><source media=\"(min-width: 768px) and (max-width: 1023px)\" srcset=\"https:\/\/a57.foxnews.com\/static.foxnews.com\/foxnews.com\/content\/uploads\/2024\/12\/672\/378\/mad.jpg?ve=1&amp;tl=1, https:\/\/a57.foxnews.com\/static.foxnews.com\/foxnews.com\/content\/uploads\/2024\/12\/1344\/756\/mad.jpg?ve=1&amp;tl=1 2x\" height=\"378\" width=\"672\"><source media=\"(min-width: 1024px) and (max-width: 1279px)\" srcset=\"https:\/\/a57.foxnews.com\/static.foxnews.com\/foxnews.com\/content\/uploads\/2024\/12\/931\/523\/mad.jpg?ve=1&amp;tl=1, https:\/\/a57.foxnews.com\/static.foxnews.com\/foxnews.com\/content\/uploads\/2024\/12\/1862\/1046\/mad.jpg?ve=1&amp;tl=1 2x\" height=\"523\" width=\"931\"><source media=\"(min-width: 1280px)\" srcset=\"https:\/\/a57.foxnews.com\/static.foxnews.com\/foxnews.com\/content\/uploads\/2024\/12\/720\/405\/mad.jpg?ve=1&amp;tl=1, https:\/\/a57.foxnews.com\/static.foxnews.com\/foxnews.com\/content\/uploads\/2024\/12\/1440\/810\/mad.jpg?ve=1&amp;tl=1 2x\" height=\"405\" width=\"720\"><img loading=\"lazy\" decoding=\"async\" src=\"https:\/\/a57.foxnews.com\/static.foxnews.com\/foxnews.com\/content\/uploads\/2024\/12\/1200\/675\/mad.jpg?ve=1&amp;tl=1\" alt=\"Mercado navide\u00f1o de Alemania\" width=\"1200\" height=\"675\"\/><\/source><\/source><\/source><\/source><\/picture><\/div>\n<div class=\"info\">\n<div class=\"caption\">\n<p><span>Los equipos de emergencia responden a un presunto ataque terrorista en un mercado navide\u00f1o en Magdeburg, Alemania, el 20 de diciembre de 2024.<\/span> <span>(Heiko Rebsch\/DPA a trav\u00e9s de AP)<\/span><\/p>\n<\/div>\n<\/div>\n<\/div>\n<p>AFD podr\u00eda encontrar un terreno com\u00fan con el deseo del presidente Donald Trump de poner fin a la guerra en Ucrania. El partido ha pedido el fin de la asistencia de seguridad a Ucrania y el levantamiento de las sanciones a Rusia. La p\u00e9rdida dijo, sin embargo, que el transatlantismo est\u00e1 en el centro de la identidad de la CDU, y Merz est\u00e1 convencido de que Rusia es una amenaza existencial para la seguridad alemana y europea, y sigue siendo una prioridad para que Ucrania salga victoriosa.<\/p>\n<p>El sentimiento es compartido por las contrapartes europeas de Merz.<\/p>\n<div class=\"image-ct inline\">\n<div class=\"m\"><picture><source media=\"(max-width: 767px)\" srcset=\"https:\/\/a57.foxnews.com\/static.foxnews.com\/foxnews.com\/content\/uploads\/2023\/11\/343\/192\/GettyImages-1790208405.jpg?ve=1&amp;tl=1, https:\/\/a57.foxnews.com\/static.foxnews.com\/foxnews.com\/content\/uploads\/2023\/11\/686\/384\/GettyImages-1790208405.jpg?ve=1&amp;tl=1 2x\" height=\"192\" width=\"343\"><source media=\"(min-width: 768px) and (max-width: 1023px)\" srcset=\"https:\/\/a57.foxnews.com\/static.foxnews.com\/foxnews.com\/content\/uploads\/2023\/11\/672\/378\/GettyImages-1790208405.jpg?ve=1&amp;tl=1, https:\/\/a57.foxnews.com\/static.foxnews.com\/foxnews.com\/content\/uploads\/2023\/11\/1344\/756\/GettyImages-1790208405.jpg?ve=1&amp;tl=1 2x\" height=\"378\" width=\"672\"><source media=\"(min-width: 1024px) and (max-width: 1279px)\" srcset=\"https:\/\/a57.foxnews.com\/static.foxnews.com\/foxnews.com\/content\/uploads\/2023\/11\/931\/523\/GettyImages-1790208405.jpg?ve=1&amp;tl=1, https:\/\/a57.foxnews.com\/static.foxnews.com\/foxnews.com\/content\/uploads\/2023\/11\/1862\/1046\/GettyImages-1790208405.jpg?ve=1&amp;tl=1 2x\" height=\"523\" width=\"931\"><source media=\"(min-width: 1280px)\" srcset=\"https:\/\/a57.foxnews.com\/static.foxnews.com\/foxnews.com\/content\/uploads\/2023\/11\/720\/405\/GettyImages-1790208405.jpg?ve=1&amp;tl=1, https:\/\/a57.foxnews.com\/static.foxnews.com\/foxnews.com\/content\/uploads\/2023\/11\/1440\/810\/GettyImages-1790208405.jpg?ve=1&amp;tl=1 2x\" height=\"405\" width=\"720\"><img loading=\"lazy\" decoding=\"async\" src=\"https:\/\/a57.foxnews.com\/static.foxnews.com\/foxnews.com\/content\/uploads\/2023\/11\/1200\/675\/GettyImages-1790208405.jpg?ve=1&amp;tl=1\" alt=\"Protesta anti-Israel en Alemania\" width=\"1200\" height=\"675\"\/><\/source><\/source><\/source><\/source><\/picture><\/div>\n<div class=\"info\">\n<div class=\"caption\">\n<p><span>Protesta anti-Israel en Berl\u00edn, Alemania, 18 de noviembre de 2023.<\/span> <span>(Fabian Sommer\/Picture Alliance a trav\u00e9s de Getty Images)<\/span><\/p>\n<\/div>\n<\/div>\n<\/div>\n<p>\u00abLas conversaciones entre los l\u00edderes europeos de las \u00faltimas semanas, muchos de los cuales tambi\u00e9n han estado consultando con Merz, sugieren que el apoyo alem\u00e1n y europeo para Ucrania aumentar\u00e1 a\u00fan m\u00e1s en lugar de disminuir\u00bb, dijo la p\u00e9rdida.<\/p>\n<p>El partido de Merz ha liderado en las encuestas durante al menos tres a\u00f1os, y la mayor\u00eda de las encuestas muestran un liderazgo constante para el CDU de alrededor del 30%. La elecci\u00f3n se produce despu\u00e9s de que la coalici\u00f3n de \u00absem\u00e1foro\u00bb del canciller Scholz se desmoron\u00f3 en noviembre por desacuerdos en temas fiscales. <\/p>\n<p>Los problemas econ\u00f3micos tambi\u00e9n han llevado a un deterioro de la popularidad de Scholz, y su gobierno luch\u00f3 para combatir el aumento posterior a la pandemia en la inflaci\u00f3n y el crecimiento estancado.<\/p>\n<div class=\"image-ct inline\">\n<div class=\"m\"><picture><source media=\"(max-width: 767px)\" srcset=\"https:\/\/a57.foxnews.com\/static.foxnews.com\/foxnews.com\/content\/uploads\/2025\/02\/343\/192\/ap25051304911737-scaled.jpg?ve=1&amp;tl=1, https:\/\/a57.foxnews.com\/static.foxnews.com\/foxnews.com\/content\/uploads\/2025\/02\/686\/384\/ap25051304911737-scaled.jpg?ve=1&amp;tl=1 2x\" height=\"192\" width=\"343\"><source media=\"(min-width: 768px) and (max-width: 1023px)\" srcset=\"https:\/\/a57.foxnews.com\/static.foxnews.com\/foxnews.com\/content\/uploads\/2025\/02\/672\/378\/ap25051304911737-scaled.jpg?ve=1&amp;tl=1, https:\/\/a57.foxnews.com\/static.foxnews.com\/foxnews.com\/content\/uploads\/2025\/02\/1344\/756\/ap25051304911737-scaled.jpg?ve=1&amp;tl=1 2x\" height=\"378\" width=\"672\"><source media=\"(min-width: 1024px) and (max-width: 1279px)\" srcset=\"https:\/\/a57.foxnews.com\/static.foxnews.com\/foxnews.com\/content\/uploads\/2025\/02\/931\/523\/ap25051304911737-scaled.jpg?ve=1&amp;tl=1, https:\/\/a57.foxnews.com\/static.foxnews.com\/foxnews.com\/content\/uploads\/2025\/02\/1862\/1046\/ap25051304911737-scaled.jpg?ve=1&amp;tl=1 2x\" height=\"523\" width=\"931\"><source media=\"(min-width: 1280px)\" srcset=\"https:\/\/a57.foxnews.com\/static.foxnews.com\/foxnews.com\/content\/uploads\/2025\/02\/720\/405\/ap25051304911737-scaled.jpg?ve=1&amp;tl=1, https:\/\/a57.foxnews.com\/static.foxnews.com\/foxnews.com\/content\/uploads\/2025\/02\/1440\/810\/ap25051304911737-scaled.jpg?ve=1&amp;tl=1 2x\" height=\"405\" width=\"720\"><img loading=\"lazy\" decoding=\"async\" src=\"https:\/\/a57.foxnews.com\/static.foxnews.com\/foxnews.com\/content\/uploads\/2025\/02\/1200\/675\/ap25051304911737-scaled.jpg?ve=1&amp;tl=1\" alt=\"P\u00f3ster de elecci\u00f3n de Friedrich Merz en Alemania\" width=\"1200\" height=\"675\"\/><\/source><\/source><\/source><\/source><\/picture><\/div>\n<div class=\"info\">\n<div class=\"caption\">\n<p><span>Un p\u00f3ster electoral de Friedrich Merz, el principal candidato de CDU para el Canciller, a medida que sale el sol en Homburg Bad cerca de Frankfurt, Alemania, jueves 20 de febrero de 2025. <\/span> <span>(Foto\/Michael Probst)<\/span><\/p>\n<\/div>\n<\/div>\n<\/div>\n<p>La AFD se ha enfrentado a un aluvi\u00f3n de cr\u00edticas y controversia y fue puesto bajo vigilancia por la agencia de inteligencia nacional de Alemania en 2021 y etiquetado como un grupo extremista presunto de derecha porque algunos miembros han informado lazos con los grupos neonazis. La parte apel\u00f3 la designaci\u00f3n pero no tuvo \u00e9xito. Bj\u00f6rn H\u00f6cke, el co-l\u00edder de la AFD en el estado de Thuringia, y el miembro m\u00e1s destacado del partido de su ala derecha extrema, ha sido condenado varias veces por usar ret\u00f3rica y s\u00edmbolos nazi.<\/p>\n<p><strong>Haga clic aqu\u00ed para obtener la aplicaci\u00f3n Fox News<\/strong><strong> <\/strong><\/p>\n<p>La p\u00e9rdida se\u00f1al\u00f3 que, a nivel estatal, de las 16 organizaciones a nivel estatal de AFD, tres est\u00e1n siendo considerados como grupos extremistas confirmados, seis est\u00e1n bajo vigilancia como sospechosos grupos extremistas y otro est\u00e1 bajo investigaci\u00f3n.<\/p>\n<p>El Tribunal Constitucional de Alemania solo ha prohibido dos partidos pol\u00edticos desde 1949, el Partido Socialista Reich en 1952 y el Partido Comunista de Alemania en 1956.<\/p>\n<p> <!----> <\/div>\n\n","protected":false},"excerpt":{"rendered":"<p>Se espera que los alemanes vayan a las urnas el domingo cuando se espera que los conservadores dem\u00f3cratas cristianos, dirigidos por Friedrich Merz, expulsen al actual canciller Olaf Scholz. Pero el posible canciller entrante ya ha se\u00f1alado que no gobernar\u00e1 con la alternativa populista de derecha de Alemania para el partido Alemania (AFD). La elecci\u00f3n &hellip;<\/p>\n","protected":false},"author":1,"featured_media":15764,"comment_status":"open","ping_status":"open","sticky":false,"template":"","format":"standard","meta":{"fifu_image_url":"https:\/\/static.foxnews.com\/foxnews.com\/content\/uploads\/2025\/02\/ap25051304911737-scaled.jpg","fifu_image_alt":"","footnotes":""},"categories":[13],"tags":[],"class_list":["post-15762","post","type-post","status-publish","format-standard","has-post-thumbnail","","category-mundo"],"_links":{"self":[{"href":"https:\/\/noticiasveraces.com\/index.php?rest_route=\/wp\/v2\/posts\/15762","targetHints":{"allow":["GET"]}}],"collection":[{"href":"https:\/\/noticiasveraces.com\/index.php?rest_route=\/wp\/v2\/posts"}],"about":[{"href":"https:\/\/noticiasveraces.com\/index.php?rest_route=\/wp\/v2\/types\/post"}],"author":[{"embeddable":true,"href":"https:\/\/noticiasveraces.com\/index.php?rest_route=\/wp\/v2\/users\/1"}],"replies":[{"embeddable":true,"href":"https:\/\/noticiasveraces.com\/index.php?rest_route=%2Fwp%2Fv2%2Fcomments&post=15762"}],"version-history":[{"count":0,"href":"https:\/\/noticiasveraces.com\/index.php?rest_route=\/wp\/v2\/posts\/15762\/revisions"}],"wp:featuredmedia":[{"embeddable":true,"href":"https:\/\/noticiasveraces.com\/index.php?rest_route=\/wp\/v2\/media\/15764"}],"wp:attachment":[{"href":"https:\/\/noticiasveraces.com\/index.php?rest_route=%2Fwp%2Fv2%2Fmedia&parent=15762"}],"wp:term":[{"taxonomy":"category","embeddable":true,"href":"https:\/\/noticiasveraces.com\/index.php?rest_route=%2Fwp%2Fv2%2Fcategories&post=15762"},{"taxonomy":"post_tag","embeddable":true,"href":"https:\/\/noticiasveraces.com\/index.php?rest_route=%2Fwp%2Fv2%2Ftags&post=15762"}],"curies":[{"name":"wp","href":"https:\/\/api.w.org\/{rel}","templated":true}]}}