{"id":15751,"date":"2025-02-22T05:40:09","date_gmt":"2025-02-22T09:40:09","guid":{"rendered":"https:\/\/noticiasveraces.com\/?p=15751"},"modified":"2025-02-22T05:40:09","modified_gmt":"2025-02-22T09:40:09","slug":"nigel-farage-del-reino-unido-dice-que-la-revolucion-politica-viene-a-europa","status":"publish","type":"post","link":"https:\/\/noticiasveraces.com\/?p=15751","title":{"rendered":"Nigel Farage del Reino Unido dice que la \u00abrevoluci\u00f3n pol\u00edtica\u00bb viene a Europa"},"content":{"rendered":"<p> \n<\/p>\n<div>\n<p class=\"speakable\">Nigel Farage, el l\u00edder del Partido Reforma de la Reforma de la derecha, cree que una \u00abrevoluci\u00f3n pol\u00edtica\u00bb se extender\u00e1 por Europa como lo hizo con los Estados Unidos con la reelecci\u00f3n del presidente Donald Trump.<\/p>\n<p class=\"speakable\">En respuesta a las preguntas sobre los comentarios controvertidos hechos por el vicepresidente JD Vance durante la Conferencia de Seguridad de Munich la semana pasada, Farage dijo a Fox News Digital en una entrevista que \u00abamaba cada palabra de lo que dijo\u00bb y argument\u00f3 que Vance estaba \u00abhablando antes de su tiempo\u00bb. \u00ab<\/p>\n<p>\u00abEstaba hablando con una audiencia de una clase pol\u00edtica europea que est\u00e1 saliendo\u00bb, dijo Farage en la conferencia de la Alianza para la Ciudadan\u00eda Responsable (ARC) en Londres esta semana. \u00abEs una revoluci\u00f3n pol\u00edtica, y se extendi\u00f3 por Estados Unidos. Y tambi\u00e9n va a atravesar el resto de Europa\u00bb.<\/p>\n<p><strong>Nigel Farage responde despu\u00e9s de que Elon Musk declara que &#8216;no tiene lo que se necesita&#8217; para liderar la reforma del Partido del Reino Unido<\/strong><\/p>\n<div class=\"image-ct inline\">\n<div class=\"m\"><picture><source media=\"(max-width: 767px)\" srcset=\"https:\/\/a57.foxnews.com\/static.foxnews.com\/foxnews.com\/content\/uploads\/2025\/02\/343\/192\/farage.jpg?ve=1&amp;tl=1, https:\/\/a57.foxnews.com\/static.foxnews.com\/foxnews.com\/content\/uploads\/2025\/02\/686\/384\/farage.jpg?ve=1&amp;tl=1 2x\" height=\"192\" width=\"343\"><source media=\"(min-width: 768px) and (max-width: 1023px)\" srcset=\"https:\/\/a57.foxnews.com\/static.foxnews.com\/foxnews.com\/content\/uploads\/2025\/02\/672\/378\/farage.jpg?ve=1&amp;tl=1, https:\/\/a57.foxnews.com\/static.foxnews.com\/foxnews.com\/content\/uploads\/2025\/02\/1344\/756\/farage.jpg?ve=1&amp;tl=1 2x\" height=\"378\" width=\"672\"><source media=\"(min-width: 1024px) and (max-width: 1279px)\" srcset=\"https:\/\/a57.foxnews.com\/static.foxnews.com\/foxnews.com\/content\/uploads\/2025\/02\/931\/523\/farage.jpg?ve=1&amp;tl=1, https:\/\/a57.foxnews.com\/static.foxnews.com\/foxnews.com\/content\/uploads\/2025\/02\/1862\/1046\/farage.jpg?ve=1&amp;tl=1 2x\" height=\"523\" width=\"931\"><source media=\"(min-width: 1280px)\" srcset=\"https:\/\/a57.foxnews.com\/static.foxnews.com\/foxnews.com\/content\/uploads\/2025\/02\/720\/405\/farage.jpg?ve=1&amp;tl=1, https:\/\/a57.foxnews.com\/static.foxnews.com\/foxnews.com\/content\/uploads\/2025\/02\/1440\/810\/farage.jpg?ve=1&amp;tl=1 2x\" height=\"405\" width=\"720\"><img loading=\"lazy\" decoding=\"async\" src=\"https:\/\/a57.foxnews.com\/static.foxnews.com\/foxnews.com\/content\/uploads\/2025\/02\/1200\/675\/farage.jpg?ve=1&amp;tl=1\" alt=\"Nigel Farage\" width=\"1200\" height=\"675\"\/><\/source><\/source><\/source><\/source><\/picture><\/div>\n<div class=\"info\">\n<div class=\"caption\">\n<p><span>El l\u00edder de Reform UK, Nigel Farage, habla durante una entrevista con Jordan Peterson en la Conferencia de Ciudadan\u00eda Responsable de la Alianza en Excel London, en el Royal Victoria Dock en East London el 18 de febrero de 2025.<\/span> <span>(Im\u00e1genes de Ben Whitley\/PA a trav\u00e9s de Getty Images)<\/span><\/p>\n<\/div>\n<\/div>\n<\/div>\n<p>Vance, quien argument\u00f3 que la mayor amenaza que enfrenta Europa no era de Rusia o China, sino de presuntos esfuerzos del gobierno para silenciar la libertad de expresi\u00f3n, provoc\u00f3 una reprensi\u00f3n internacional de algunos que argumentaron que sus comentarios eran enga\u00f1osos o inexactos. Otros elogiaron sus comentarios, incluidos los que asistieron a la Conferencia de Acci\u00f3n Pol\u00edtica conservadora el jueves, donde, seg\u00fan los informes, le dieron una ovaci\u00f3n de pie.<\/p>\n<p>Farage dijo que Vance le recuerda d\u00f3nde estaba hace una d\u00e9cada cuando sirvi\u00f3 en el Parlamento Europeo y record\u00f3 \u00ablevantarse y dar discursos y ser gritados y gritados y odiados\u00bb.<\/p>\n<p><strong>Nigel Farage: \u00abNuestro pa\u00eds est\u00e1 cambiando fundamentalmente\u00bb<\/strong><\/p>\n<div class=\"image-ct inline\">\n<div class=\"m\"><picture><source media=\"(max-width: 767px)\" srcset=\"https:\/\/a57.foxnews.com\/static.foxnews.com\/foxnews.com\/content\/uploads\/2024\/11\/343\/192\/nigel-farage-trump.jpg?ve=1&amp;tl=1, https:\/\/a57.foxnews.com\/static.foxnews.com\/foxnews.com\/content\/uploads\/2024\/11\/686\/384\/nigel-farage-trump.jpg?ve=1&amp;tl=1 2x\" height=\"192\" width=\"343\"><source media=\"(min-width: 768px) and (max-width: 1023px)\" srcset=\"https:\/\/a57.foxnews.com\/static.foxnews.com\/foxnews.com\/content\/uploads\/2024\/11\/672\/378\/nigel-farage-trump.jpg?ve=1&amp;tl=1, https:\/\/a57.foxnews.com\/static.foxnews.com\/foxnews.com\/content\/uploads\/2024\/11\/1344\/756\/nigel-farage-trump.jpg?ve=1&amp;tl=1 2x\" height=\"378\" width=\"672\"><source media=\"(min-width: 1024px) and (max-width: 1279px)\" srcset=\"https:\/\/a57.foxnews.com\/static.foxnews.com\/foxnews.com\/content\/uploads\/2024\/11\/931\/523\/nigel-farage-trump.jpg?ve=1&amp;tl=1, https:\/\/a57.foxnews.com\/static.foxnews.com\/foxnews.com\/content\/uploads\/2024\/11\/1862\/1046\/nigel-farage-trump.jpg?ve=1&amp;tl=1 2x\" height=\"523\" width=\"931\"><source media=\"(min-width: 1280px)\" srcset=\"https:\/\/a57.foxnews.com\/static.foxnews.com\/foxnews.com\/content\/uploads\/2024\/11\/720\/405\/nigel-farage-trump.jpg?ve=1&amp;tl=1, https:\/\/a57.foxnews.com\/static.foxnews.com\/foxnews.com\/content\/uploads\/2024\/11\/1440\/810\/nigel-farage-trump.jpg?ve=1&amp;tl=1 2x\" height=\"405\" width=\"720\"><img loading=\"lazy\" decoding=\"async\" src=\"https:\/\/a57.foxnews.com\/static.foxnews.com\/foxnews.com\/content\/uploads\/2024\/11\/1200\/675\/nigel-farage-trump.jpg?ve=1&amp;tl=1\" alt=\"Trump y Nigel Farage\" width=\"1200\" height=\"675\"\/><\/source><\/source><\/source><\/source><\/picture><\/div>\n<div class=\"info\">\n<div class=\"caption\">\n<p><span>Nigel Farage habla al lado de Donald Trump durante una manifestaci\u00f3n de campa\u00f1a en octubre de 2020 en Arizona.<\/span> <span>(Reuters\/Jonathan Ernst)<\/span><\/p>\n<\/div>\n<\/div>\n<\/div>\n<p>Farage dej\u00f3 el Parlamento Europeo en 2020 despu\u00e9s de la decisi\u00f3n del Reino Unido de abandonar la Uni\u00f3n Europea bajo el refer\u00e9ndum del Brexit 2016, que apoy\u00f3 ardientemente como l\u00edder del Partido de la Independencia del Reino Unido (UKIP).<\/p>\n<p>Luego lanz\u00f3 el Partido Brexit en 2019, antes de cambiar el nombre de IT Reform UK, que dijo a Fox News Digital ha saltado en popularidad en los \u00faltimos siete meses y \u00ablidera constantemente en las encuestas de opini\u00f3n nacional\u00bb.<\/p>\n<p>\u00abEs bastante notable. Es un reflejo, creo, en lo que llamamos la Uni-Party\u00bb, agreg\u00f3, argumentando que no hay diferencias entre el Partido Laborista del Reino Unido, que actualmente est\u00e1 en el poder bajo el primer ministro Keir Starmer, y el Partido conservador. <\/p>\n<div class=\"image-ct inline\">\n<div class=\"m\"><picture><source media=\"(max-width: 767px)\" srcset=\"https:\/\/a57.foxnews.com\/static.foxnews.com\/foxnews.com\/content\/uploads\/2024\/09\/343\/192\/AP24268486128959-copy.jpg?ve=1&amp;tl=1, https:\/\/a57.foxnews.com\/static.foxnews.com\/foxnews.com\/content\/uploads\/2024\/09\/686\/384\/AP24268486128959-copy.jpg?ve=1&amp;tl=1 2x\" height=\"192\" width=\"343\"><source media=\"(min-width: 768px) and (max-width: 1023px)\" srcset=\"https:\/\/a57.foxnews.com\/static.foxnews.com\/foxnews.com\/content\/uploads\/2024\/09\/672\/378\/AP24268486128959-copy.jpg?ve=1&amp;tl=1, https:\/\/a57.foxnews.com\/static.foxnews.com\/foxnews.com\/content\/uploads\/2024\/09\/1344\/756\/AP24268486128959-copy.jpg?ve=1&amp;tl=1 2x\" height=\"378\" width=\"672\"><source media=\"(min-width: 1024px) and (max-width: 1279px)\" srcset=\"https:\/\/a57.foxnews.com\/static.foxnews.com\/foxnews.com\/content\/uploads\/2024\/09\/931\/523\/AP24268486128959-copy.jpg?ve=1&amp;tl=1, https:\/\/a57.foxnews.com\/static.foxnews.com\/foxnews.com\/content\/uploads\/2024\/09\/1862\/1046\/AP24268486128959-copy.jpg?ve=1&amp;tl=1 2x\" height=\"523\" width=\"931\"><source media=\"(min-width: 1280px)\" srcset=\"https:\/\/a57.foxnews.com\/static.foxnews.com\/foxnews.com\/content\/uploads\/2024\/09\/720\/405\/AP24268486128959-copy.jpg?ve=1&amp;tl=1, https:\/\/a57.foxnews.com\/static.foxnews.com\/foxnews.com\/content\/uploads\/2024\/09\/1440\/810\/AP24268486128959-copy.jpg?ve=1&amp;tl=1 2x\" height=\"405\" width=\"720\"><img loading=\"lazy\" decoding=\"async\" src=\"https:\/\/a57.foxnews.com\/static.foxnews.com\/foxnews.com\/content\/uploads\/2024\/09\/1200\/675\/AP24268486128959-copy.jpg?ve=1&amp;tl=1\" alt=\"PM brit\u00e1nico Keir Starmer\" width=\"1200\" height=\"675\"\/><\/source><\/source><\/source><\/source><\/picture><\/div>\n<div class=\"info\">\n<div class=\"caption\">\n<p><span>El primer ministro de Gran Breta\u00f1a, Keir Starmer, se dirige a los miembros en la conferencia del Partido Laborista en Liverpool, Inglaterra, el martes.<\/span> <span>(AP)<\/span><\/p>\n<\/div>\n<\/div>\n<\/div>\n<p>\u00abSomos optimistas, somos optimistas, tenemos un buen ambiente y creemos, con el liderazgo correcto, podemos y cambiaremos a este pa\u00eds\u00bb, dijo. <\/p>\n<p>Seg\u00fan un informe de Reuters, Reform UK tiene solo cinco miembros del Parlamento de 650. Pero los miembros del partido llegaron en segundo lugar en aproximadamente 100 carreras durante las \u00faltimas elecciones en julio de 2024.<\/p>\n<p>El informe se\u00f1al\u00f3 que la parte se estaba \u00abbeneficiando de un sentimiento creciente contra el establecimiento\u00bb que se elevaba en toda Europa por el cual tanto las partes de extrema derecha como de extrema izquierda est\u00e1n viendo un apoyo cada vez mayor. <\/p>\n<p>\u00abEstamos en declive social\u00bb, dijo Farage, se\u00f1alando las estad\u00edsticas relacionadas con el crimen con cuchillo, la inmigraci\u00f3n y la econom\u00eda. \u00abAhora, \u00bfse puede solucionar? No bajo este gobierno\u00bb.<\/p>\n<div class=\"image-ct inline\">\n<div class=\"m\"><picture><source media=\"(max-width: 767px)\" srcset=\"https:\/\/a57.foxnews.com\/static.foxnews.com\/foxnews.com\/content\/uploads\/2024\/06\/343\/192\/GettyImages-2155417828.jpg?ve=1&amp;tl=1, https:\/\/a57.foxnews.com\/static.foxnews.com\/foxnews.com\/content\/uploads\/2024\/06\/686\/384\/GettyImages-2155417828.jpg?ve=1&amp;tl=1 2x\" height=\"192\" width=\"343\"><source media=\"(min-width: 768px) and (max-width: 1023px)\" srcset=\"https:\/\/a57.foxnews.com\/static.foxnews.com\/foxnews.com\/content\/uploads\/2024\/06\/672\/378\/GettyImages-2155417828.jpg?ve=1&amp;tl=1, https:\/\/a57.foxnews.com\/static.foxnews.com\/foxnews.com\/content\/uploads\/2024\/06\/1344\/756\/GettyImages-2155417828.jpg?ve=1&amp;tl=1 2x\" height=\"378\" width=\"672\"><source media=\"(min-width: 1024px) and (max-width: 1279px)\" srcset=\"https:\/\/a57.foxnews.com\/static.foxnews.com\/foxnews.com\/content\/uploads\/2024\/06\/931\/523\/GettyImages-2155417828.jpg?ve=1&amp;tl=1, https:\/\/a57.foxnews.com\/static.foxnews.com\/foxnews.com\/content\/uploads\/2024\/06\/1862\/1046\/GettyImages-2155417828.jpg?ve=1&amp;tl=1 2x\" height=\"523\" width=\"931\"><source media=\"(min-width: 1280px)\" srcset=\"https:\/\/a57.foxnews.com\/static.foxnews.com\/foxnews.com\/content\/uploads\/2024\/06\/720\/405\/GettyImages-2155417828.jpg?ve=1&amp;tl=1, https:\/\/a57.foxnews.com\/static.foxnews.com\/foxnews.com\/content\/uploads\/2024\/06\/1440\/810\/GettyImages-2155417828.jpg?ve=1&amp;tl=1 2x\" height=\"405\" width=\"720\"><img loading=\"lazy\" decoding=\"async\" src=\"https:\/\/a57.foxnews.com\/static.foxnews.com\/foxnews.com\/content\/uploads\/2024\/06\/1200\/675\/GettyImages-2155417828.jpg?ve=1&amp;tl=1\" alt=\"Nigel Farage\" width=\"1200\" height=\"675\"\/><\/source><\/source><\/source><\/source><\/picture><\/div>\n<div class=\"info\">\n<div class=\"caption\">\n<p><span>CLACTON-ON-SEA, Inglaterra-4 de junio: el l\u00edder del partido del Reino Unido, Nigel Farage, bebe una pinta de cerveza antes de hablar con los partidarios mientras lanza su candidatura electoral en Clacton Pier el 4 de junio de 2024 en Clacton-on-Sea, Inglaterra. (Foto de Carl Court\/Getty Images)<\/span> <span>(Foto de Carl Court\/Getty Images)<\/span><\/p>\n<\/div>\n<\/div>\n<\/div>\n<p><strong>Haga clic aqu\u00ed para obtener la aplicaci\u00f3n Fox News<\/strong><\/p>\n<p>\u00abNos est\u00e1n hablando en una recesi\u00f3n. Estamos en un par de a\u00f1os muy, muy dif\u00edciles, pero el cambio llegar\u00e1 en las pr\u00f3ximas elecciones\u00bb, agreg\u00f3.<\/p>\n<p>El Reino Unido ha estado entrando y saliendo de las recesiones t\u00e9cnicas desde 2023 y ha luchado por recuperarse econ\u00f3micamente de la pandemia del coronavirus, un hecho que probablemente le cost\u00f3 al partido conservador su reinado de 14 a\u00f1os al Partido Laborista en julio. <\/p>\n<p> <!----> <\/p>\n<div class=\"article-meta\">\n<div class=\"author-bio\">\n<p>Ben Evansky es editor internacional senior en Fox News Digital. Anteriormente trabaj\u00f3 para el Fox News Channel como productor de campo que cubre las noticias nacionales e internacionales. Antes de unirse al canal Fox News, trabaj\u00f3 para Sky News (Reino Unido) en Washington DC y Jerusal\u00e9n. Su trabajo lo ha llevado a varios pa\u00edses, incluidos Argentina, Libia, Egipto, Israel Turqu\u00eda y Sud\u00e1frica.<\/p>\n<\/div>\n<\/div>\n<\/div>\n\n","protected":false},"excerpt":{"rendered":"<p>Nigel Farage, el l\u00edder del Partido Reforma de la Reforma de la derecha, cree que una \u00abrevoluci\u00f3n pol\u00edtica\u00bb se extender\u00e1 por Europa como lo hizo con los Estados Unidos con la reelecci\u00f3n del presidente Donald Trump. En respuesta a las preguntas sobre los comentarios controvertidos hechos por el vicepresidente JD Vance durante la Conferencia de &hellip;<\/p>\n","protected":false},"author":1,"featured_media":15753,"comment_status":"open","ping_status":"open","sticky":false,"template":"","format":"standard","meta":{"fifu_image_url":"https:\/\/static.foxnews.com\/foxnews.com\/content\/uploads\/2025\/02\/farage.jpg","fifu_image_alt":"","footnotes":""},"categories":[13],"tags":[],"class_list":["post-15751","post","type-post","status-publish","format-standard","has-post-thumbnail","","category-mundo"],"_links":{"self":[{"href":"https:\/\/noticiasveraces.com\/index.php?rest_route=\/wp\/v2\/posts\/15751","targetHints":{"allow":["GET"]}}],"collection":[{"href":"https:\/\/noticiasveraces.com\/index.php?rest_route=\/wp\/v2\/posts"}],"about":[{"href":"https:\/\/noticiasveraces.com\/index.php?rest_route=\/wp\/v2\/types\/post"}],"author":[{"embeddable":true,"href":"https:\/\/noticiasveraces.com\/index.php?rest_route=\/wp\/v2\/users\/1"}],"replies":[{"embeddable":true,"href":"https:\/\/noticiasveraces.com\/index.php?rest_route=%2Fwp%2Fv2%2Fcomments&post=15751"}],"version-history":[{"count":0,"href":"https:\/\/noticiasveraces.com\/index.php?rest_route=\/wp\/v2\/posts\/15751\/revisions"}],"wp:featuredmedia":[{"embeddable":true,"href":"https:\/\/noticiasveraces.com\/index.php?rest_route=\/wp\/v2\/media\/15753"}],"wp:attachment":[{"href":"https:\/\/noticiasveraces.com\/index.php?rest_route=%2Fwp%2Fv2%2Fmedia&parent=15751"}],"wp:term":[{"taxonomy":"category","embeddable":true,"href":"https:\/\/noticiasveraces.com\/index.php?rest_route=%2Fwp%2Fv2%2Fcategories&post=15751"},{"taxonomy":"post_tag","embeddable":true,"href":"https:\/\/noticiasveraces.com\/index.php?rest_route=%2Fwp%2Fv2%2Ftags&post=15751"}],"curies":[{"name":"wp","href":"https:\/\/api.w.org\/{rel}","templated":true}]}}