{"id":15748,"date":"2025-02-22T05:35:08","date_gmt":"2025-02-22T09:35:08","guid":{"rendered":"https:\/\/noticiasveraces.com\/?p=15748"},"modified":"2025-02-22T05:35:08","modified_gmt":"2025-02-22T09:35:08","slug":"horarios-y-fechas-oficiales-de-los-partidos-de-octavos-de-champions-league-2024-25","status":"publish","type":"post","link":"https:\/\/noticiasveraces.com\/?p=15748","title":{"rendered":"HORARIOS Y FECHAS OFICiales de Los Partidos de Octavos de Champions League 2024-25"},"content":{"rendered":"<p> \n<\/p>\n<div id=\"intext\">\n<p>El Encuentro Real Madrid &#8211; Atl\u00e9tico de Madrid, corresponsal a la <b>Ida de los Octavos de Final de la Liga de Campeones<\/b>SE Disputar\u00e1 en El Santiago Bernab\u00e9u El Martes 4 de Marzo A Partir de Las 21:00 Horas, Misma Hora a la Que Ha Sido Fijado para el Mi\u00e9rcoles 5 El Benfica-Barcelona en La Luz.<\/p>\n<p>Para la Vuelta, en Cambio, Queda Fijado El Barcelona-Benfica para Las 18:45 Horas del Martes 11 y El Derbi en El Metropolitano Se Jugar\u00e1 A Las 21:00 Del Mi\u00e9r\u00e9ncoles 12.<\/p>\n<p>La fecha fijada para el primero de los derbis obligar\u00e1 a laliga a modificar los partidos del fin de semana anterior: el partido real betis-real madrid de la jornada 26 se jugar\u00e1 el s\u00e1bado 1 de marzo a las 18:30 Horas y El Barcelona&#8211; Real Sociedad Ser\u00e1 El D\u00eda 2 a Las 16:15 Horas, Seg\u00fan Los Cambios de Horario Confirmados por la Compicici\u00f3.<\/p>\n<p>Los Octavos de la Liga de Campeones Comenzar\u00e1n El Martes 4 Con el Encuentro Entre El Brujas Belga y El Aston Villa Ingl\u00e9s, Previsto para Las 18:45 Horas.<\/p>\n<figure><picture class=\"\"><source media=\"(max-width:520px)\" srcset=\"https:\/\/fotografias.antena3.com\/clipping\/cmsimages01\/2025\/02\/21\/84BC1C16-CEAE-4E57-939D-76B2E40FE54F\/cuadro-final-champions-league-2024-25_64.jpg?crop=2160,1212,x0,y69&amp;width=360&amp;height=202&amp;optimize=high&amp;format=webply\"><source media=\"(max-width:1023px)\" srcset=\"https:\/\/fotografias.antena3.com\/clipping\/cmsimages01\/2025\/02\/21\/84BC1C16-CEAE-4E57-939D-76B2E40FE54F\/cuadro-final-champions-league-2024-25_60.jpg?crop=2160,1215,x0,y68&amp;width=640&amp;height=360&amp;optimize=high&amp;format=webply\"><source media=\"(min-width:1024px)\" srcset=\"https:\/\/fotografias.antena3.com\/clipping\/cmsimages01\/2025\/02\/21\/84BC1C16-CEAE-4E57-939D-76B2E40FE54F\/cuadro-final-champions-league-2024-25_58.jpg?crop=2160,1225,x0,y63&amp;width=1000&amp;height=567&amp;optimize=high&amp;format=webply\"><img decoding=\"async\" loading=\"lazy\" src=\"https:\/\/fotografias.antena3.com\/clipping\/cmsimages01\/2025\/02\/21\/84BC1C16-CEAE-4E57-939D-76B2E40FE54F\/cuadro-final-champions-league-2024-25_64.jpg?crop=2160,1212,x0,y69&amp;width=360&amp;height=202&amp;optimize=high&amp;format=webply\" alt=\"CUADRO FINAL DE LA CAMPIONS LIGA 2024-25\" title=\"CUADRO FINAL DE LA CAMPIONS LIGA 2024-25\" width=\"2160\" height=\"1350\"\/><\/source><\/source><\/source><\/picture><figcaption>  CUADRO FINAL DE LA CAMPIONS LIGA 2024-25 | @ChampionSleague <\/figcaption><\/figure>\n<h2 class=\"title-h2\">Horario de los octavos de final<\/h2>\n<h2 class=\"title-h2\">Partidos de Ida:<\/h2>\n<p><b><u>Martes 4<\/u><\/b><\/p>\n<p>18:45 Brujas-Aant Villa<\/p>\n<p>21:00 Borussia Dortmund-Lille<\/p>\n<p>21:00 psv eindhoven-arsenal<\/p>\n<p>21:00 Real Madrid-Atl\u00e9tico de Madrid<\/p>\n<p><b><u>Mi\u00e9rscoles 5<\/u><\/b><\/p>\n<p>18:45 Feyenoord-Inter Mil\u00e1n<\/p>\n<p>21:00 Bayern M\u00fanich-Bayer Leverkusen<\/p>\n<p>21:00 Benfica-Barcelona<\/p>\n<p>21:00 PSG-Liverpool<\/p>\n<h2 class=\"title-h2\">Partidos de Vuelta<\/h2>\n<p><b><u>Martes 11<\/u><\/b><\/p>\n<p>18:45 Barcelona-Benfica<\/p>\n<p>21:00 interfeyeenoord<\/p>\n<p>21.00 Bayer Leverkusen-Bayern M\u00fanich<\/p>\n<p>21:00 Liverpool-PSG<\/p>\n<p><b><u>Mi\u00e9rcoles 12<\/u><\/b><\/p>\n<p>18:45 Lille-Borussia Dortmund<\/p>\n<p>21:00 Arsenal-PSV Eindhoven<\/p>\n<p>21:00 Aston Villa-Brujas<\/p>\n<p>21:00 Atl\u00e9tico de Madrid-Real Madrid<\/p>\n<p><i>S\u00edguenos en nuestro canal de whatsapp y no te Pierdas la \u00daLtima Hora y Toda la actualidad de antena3noticias.com<\/i><\/p>\n<div class=\"recirculation-video\" data-mod=\"a3mod_recirculation_video\">\n<div class=\"recirculation-video-wrapper\">\n<div>\n<div class=\"video-wrapper\">\n  <picture class=\"video-main-picture\"><source media=\"(min-width: 481px)\" srcset=\"https:\/\/fotografias.antena3.com\/clipping\/cmsimages01\/2025\/02\/21\/C658E76E-A2C6-445D-B1C8-4D765718A961\/corre-24-horas-amenaza-cuchilla-gigante-espalda_94.jpg?crop=423,238,x1,y0&amp;width=800&amp;height=450&amp;optimize=medium&amp;format=webply\" width=\"800\" height=\"450\"><source media=\"(min-width: 391px) and (max-width: 480px)\" srcset=\"https:\/\/fotografias.antena3.com\/clipping\/cmsimages01\/2025\/02\/21\/C658E76E-A2C6-445D-B1C8-4D765718A961\/corre-24-horas-amenaza-cuchilla-gigante-espalda_70.jpg?crop=423,238,x1,y0&amp;width=480&amp;height=270&amp;optimize=high&amp;format=webply\" width=\"480\" height=\"270\"><source media=\"(min-width: 321px) and (max-width: 390px)\" srcset=\"https:\/\/fotografias.antena3.com\/clipping\/cmsimages01\/2025\/02\/21\/C658E76E-A2C6-445D-B1C8-4D765718A961\/corre-24-horas-amenaza-cuchilla-gigante-espalda_92.jpg?crop=424,238,x1,y0&amp;width=390&amp;height=219&amp;optimize=high&amp;format=webply\" width=\"390\" height=\"219\"><source media=\"(max-width: 320px)\" srcset=\"https:\/\/fotografias.antena3.com\/clipping\/cmsimages01\/2025\/02\/21\/C658E76E-A2C6-445D-B1C8-4D765718A961\/corre-24-horas-amenaza-cuchilla-gigante-espalda_52.jpg?crop=423,238,x1,y0&amp;width=320&amp;height=180&amp;optimize=high&amp;format=webply\" width=\"320\" height=\"180\"><img decoding=\"async\" title=\"Corre Durante 24 Horas Con la Amenaza de Una Cuchilla Gigante A Su Espalda\" alt=\"Corre Durante 24 Horas Con la Amenaza de Una Cuchilla Gigante A Su Espalda\" width=\"480\" height=\"270\" src=\"https:\/\/fotografias.antena3.com\/clipping\/cmsimages01\/2025\/02\/21\/C658E76E-A2C6-445D-B1C8-4D765718A961\/corre-24-horas-amenaza-cuchilla-gigante-espalda_70.jpg?crop=423,238,x1,y0&amp;width=480&amp;height=270&amp;optimize=high&amp;format=webply\" loading=\"lazy\" class=\"lazy\"\/><br \/>\n  <\/source><\/source><\/source><\/source><\/picture>\n <\/div>\n<\/div><\/div>\n<\/p><\/div>\n<\/div>\n\n","protected":false},"excerpt":{"rendered":"<p>El Encuentro Real Madrid &#8211; Atl\u00e9tico de Madrid, corresponsal a la Ida de los Octavos de Final de la Liga de CampeonesSE Disputar\u00e1 en El Santiago Bernab\u00e9u El Martes 4 de Marzo A Partir de Las 21:00 Horas, Misma Hora a la Que Ha Sido Fijado para el Mi\u00e9rcoles 5 El Benfica-Barcelona en La Luz. &hellip;<\/p>\n","protected":false},"author":1,"featured_media":15750,"comment_status":"open","ping_status":"open","sticky":false,"template":"","format":"standard","meta":{"fifu_image_url":"https:\/\/fotografias.antena3.com\/clipping\/cmsimages02\/2025\/02\/07\/E2EFF1C3-29C0-467C-B0DC-49365C3480BD\/vinicius-griezmann-disputa-derbi_69.jpg?crop=2795,1572,x0,y0&width=1280&height=720&optimize=low&format=jpg","fifu_image_alt":"","footnotes":""},"categories":[6],"tags":[],"class_list":["post-15748","post","type-post","status-publish","format-standard","has-post-thumbnail","","category-deportes"],"_links":{"self":[{"href":"https:\/\/noticiasveraces.com\/index.php?rest_route=\/wp\/v2\/posts\/15748","targetHints":{"allow":["GET"]}}],"collection":[{"href":"https:\/\/noticiasveraces.com\/index.php?rest_route=\/wp\/v2\/posts"}],"about":[{"href":"https:\/\/noticiasveraces.com\/index.php?rest_route=\/wp\/v2\/types\/post"}],"author":[{"embeddable":true,"href":"https:\/\/noticiasveraces.com\/index.php?rest_route=\/wp\/v2\/users\/1"}],"replies":[{"embeddable":true,"href":"https:\/\/noticiasveraces.com\/index.php?rest_route=%2Fwp%2Fv2%2Fcomments&post=15748"}],"version-history":[{"count":0,"href":"https:\/\/noticiasveraces.com\/index.php?rest_route=\/wp\/v2\/posts\/15748\/revisions"}],"wp:featuredmedia":[{"embeddable":true,"href":"https:\/\/noticiasveraces.com\/index.php?rest_route=\/wp\/v2\/media\/15750"}],"wp:attachment":[{"href":"https:\/\/noticiasveraces.com\/index.php?rest_route=%2Fwp%2Fv2%2Fmedia&parent=15748"}],"wp:term":[{"taxonomy":"category","embeddable":true,"href":"https:\/\/noticiasveraces.com\/index.php?rest_route=%2Fwp%2Fv2%2Fcategories&post=15748"},{"taxonomy":"post_tag","embeddable":true,"href":"https:\/\/noticiasveraces.com\/index.php?rest_route=%2Fwp%2Fv2%2Ftags&post=15748"}],"curies":[{"name":"wp","href":"https:\/\/api.w.org\/{rel}","templated":true}]}}