{"id":15714,"date":"2025-02-22T00:18:50","date_gmt":"2025-02-22T04:18:50","guid":{"rendered":"https:\/\/noticiasveraces.com\/?p=15714"},"modified":"2025-02-22T00:18:50","modified_gmt":"2025-02-22T04:18:50","slug":"justicia-brasilena-habitante-una-presidencia-potencial-dw-22-02-2025","status":"publish","type":"post","link":"https:\/\/noticiasveraces.com\/?p=15714","title":{"rendered":"Justicia Brasile\u00f1a habitante una presidencia potencial &#8211; DW &#8211; 22\/02\/2025"},"content":{"rendered":"<p> \n<\/p>\n<div>\n<p>La Justicia de Brasil Conden\u00f3 Este Viernes (21.02.2025) Al Influenciador de Ultraderecha Pablo Mar\u00e7al, Quien Ha expresado Su inter\u00e9s en Presenttarse como Candidato en Las Pr\u00f3ximas Eleciones Presidenciales, A Una de InleegibiliDad de Ocho, Que -Puere Puere Puered.<\/p>\n<p>El Tribunal Regional Electoral de S\u00e3o Paulo Hall\u00f3 A Mar\u00e7al Culpable de Abuso de PODER POL\u00cdTICO Y ECON\u00d3MICO, USO INDEBIVO DE LOS MEDIOS DE COMUNICACACI\u00d3N<\/p>\n<p>Seg\u00fan El Juez, El Entonces Candidato a Alcalde Us\u00f3 las Redes Sociales para Propagar Noticias Falsas Sobre El Sistema Electoral Y Sobre Sus Rivales, Publicaciones Que Pudieron Retorcer la Voluntead Pol\u00edtica de los Votantes.<\/p>\n<p>Adem\u00e1s, La decisi\u00f3n consider\u00f3 que mar\u00e7al viol\u00f3 lave Electoral al Hacer pasar por donaciones lo que en realidad eran pagos de 5.000 reales hechos por otros pol\u00cdTICOS a Cambio del apoyo del influenciador en sus respectivas Campamanas. <\/p>\n<p>Las Denuncias Ante El Tribunal Fueron Promovidas por la Coalici\u00f3n de Apoy\u00f3 A Guilherme Boulos, El Candidato de la Izquierda a la Alcald\u00eda de S\u00e3o Paulo.<\/p>\n<p>Durante la Campa\u00f1a municipal, Mar\u00e7al acus\u00f3 a boulos en repetidas ocasas de ser usuario de coca\u00edna y lleg\u00f3 un divulgar en redes sociales un atestado m\u00e9dico que supuestamento lo probaba y de luego result\u00f3 ser un falso.<\/p>\n<p>El Candidato Fue Derrotado en Primera Vuelta, Aunque Logr\u00f3 28,1 % de los Votos, Muy Cerca del N\u00famero Conseguido por Boulos y Por Ricardo Nunes, Quien Acab\u00f3 Ganando Los Comicios en Seguna vuelta.<\/p>\n<p>Desde Entonces, Mar\u00e7al, Quien se Dedica, un vendedor aulas de Emprendimiento por Internet, ha insistido en que se presentara a las eleciones de las presidenciales de 2026 con el objetivo de \u00abfomentar el desarrollo econ\u00f3mico\u00bb y de \u00abliberar\u00bb al pueblo brasile\u00f1o\u00f1o\u00f1o.<\/p>\n<p>\u00abNo vas a Vivir una Vida pr\u00edspera con una mentalidad de escasez\u00bb, dec\u00eda una de sus recientes publicaciones en instagram, donde roza los 13 milones de seguidores.<\/p>\n<p>MG (Efe, Correio Brasiliense)<\/p>\n<div class=\"vjs-wrapper embed big\">\n<h2 aria-label=\"Video integrado \u2014 Epidemia de dengue en Brasil\" class=\"headline\"><svg xmlns=\"http:\/\/www.w3.org\/2000\/svg\" viewbox=\"0 0 20 20\"><g fill-rule=\"evenodd\"><path d=\"M14.114 7.599H13.5l.002 4.706h.601l4.582 3.25-.005-11.11zM11.084 4.444l-9.007.002-1.336.797.002 9.514 1.334.793 9.007.006 1.509-.799-.004-9.516z\"\/><\/g><\/svg>Epidemia de dengue en Brasil<\/h2>\n<p><video id=\"video-71451147\" controls=\"\" playsinline=\"\" preload=\"none\" poster=\"data:image\/png;base64,iVBORw0KGgoAAAANSUhEUgAAAAEAAAABCAQAAAC1HAwCAAAAC0lEQVR42mNkYAAAAAYAAjCB0C8AAAAASUVORK5CYII=\" data-id=\"71451147\" data-posterurl=\"https:\/\/tvdownloaddw-a.akamaihd.net\/stills\/images\/js\/js20250129_xdengue_image_512x288_3.jpg\" data-duration=\"03:11\"><source src=\"https:\/\/hlsvod.dw.com\/i\/dwtv_video\/flv\/js\/js20250129_xdengue_,AVC_480x270,AVC_512x288,AVC_640x360,AVC_960x540,AVC_1280x720,AVC_1920x1080,.mp4.csmil\/master.m3u8\" type=\"application\/x-mpegURL\"><source src=\"https:\/\/tvdownloaddw-a.akamaihd.net\/dwtv_video\/flv\/js\/js20250129_xdengue_AVC_1920x1080.mp4\" type=\"video\/mp4\"><track src=\"https:\/\/www.dw.com\/media\/subtitles\/71512934\" srclang=\"es\" label=\"SPANISH\" default=\"\"><p class=\"vjs-no-js\">Para ver este video, habilite JavaScript y considere actualizar a un navegador web que admite el video HTML5<\/p>\n<\/track><\/source><\/source><\/video><\/div>\n<\/div>\n\n","protected":false},"excerpt":{"rendered":"<p>La Justicia de Brasil Conden\u00f3 Este Viernes (21.02.2025) Al Influenciador de Ultraderecha Pablo Mar\u00e7al, Quien Ha expresado Su inter\u00e9s en Presenttarse como Candidato en Las Pr\u00f3ximas Eleciones Presidenciales, A Una de InleegibiliDad de Ocho, Que -Puere Puere Puered. El Tribunal Regional Electoral de S\u00e3o Paulo Hall\u00f3 A Mar\u00e7al Culpable de Abuso de PODER POL\u00cdTICO Y &hellip;<\/p>\n","protected":false},"author":1,"featured_media":15715,"comment_status":"open","ping_status":"open","sticky":false,"template":"","format":"standard","meta":{"fifu_image_url":"https:\/\/static.dw.com\/image\/70426475_6.jpg","fifu_image_alt":"","footnotes":""},"categories":[13],"tags":[],"class_list":["post-15714","post","type-post","status-publish","format-standard","has-post-thumbnail","","category-mundo"],"_links":{"self":[{"href":"https:\/\/noticiasveraces.com\/index.php?rest_route=\/wp\/v2\/posts\/15714","targetHints":{"allow":["GET"]}}],"collection":[{"href":"https:\/\/noticiasveraces.com\/index.php?rest_route=\/wp\/v2\/posts"}],"about":[{"href":"https:\/\/noticiasveraces.com\/index.php?rest_route=\/wp\/v2\/types\/post"}],"author":[{"embeddable":true,"href":"https:\/\/noticiasveraces.com\/index.php?rest_route=\/wp\/v2\/users\/1"}],"replies":[{"embeddable":true,"href":"https:\/\/noticiasveraces.com\/index.php?rest_route=%2Fwp%2Fv2%2Fcomments&post=15714"}],"version-history":[{"count":0,"href":"https:\/\/noticiasveraces.com\/index.php?rest_route=\/wp\/v2\/posts\/15714\/revisions"}],"wp:featuredmedia":[{"embeddable":true,"href":"https:\/\/noticiasveraces.com\/index.php?rest_route=\/wp\/v2\/media\/15715"}],"wp:attachment":[{"href":"https:\/\/noticiasveraces.com\/index.php?rest_route=%2Fwp%2Fv2%2Fmedia&parent=15714"}],"wp:term":[{"taxonomy":"category","embeddable":true,"href":"https:\/\/noticiasveraces.com\/index.php?rest_route=%2Fwp%2Fv2%2Fcategories&post=15714"},{"taxonomy":"post_tag","embeddable":true,"href":"https:\/\/noticiasveraces.com\/index.php?rest_route=%2Fwp%2Fv2%2Ftags&post=15714"}],"curies":[{"name":"wp","href":"https:\/\/api.w.org\/{rel}","templated":true}]}}