{"id":15709,"date":"2025-02-21T23:30:13","date_gmt":"2025-02-22T03:30:13","guid":{"rendered":"https:\/\/noticiasveraces.com\/?p=15709"},"modified":"2025-02-21T23:30:13","modified_gmt":"2025-02-22T03:30:13","slug":"es-incremento-lo-que-estan-haciendo-con-los-arbitros-en-espana-hay-que-pensar-en-sus-familias","status":"publish","type":"post","link":"https:\/\/noticiasveraces.com\/?p=15709","title":{"rendered":"\u00abEs incremento lo que Est\u00e1n Haciendo con los \u00c1rbitros en Espa\u00f1a, Hay Que Pensar en Sus Familias\u00bb"},"content":{"rendered":"<p> \n<\/p>\n<div id=\"intext\">\n<p>El atrenador del Barcelona, \u200b\u200bHansi Flick, HA Defendido Este Viernes A los \u00c1rbitros y Ha Calificado de \u00abIncre\u00cdble\u00bb lo que Est\u00e1 sucediendo \u00daltimamete en Espa\u00f1a, con <b>La Carta del Real Madrid Pidiendo Un Cambio en El Arbitraje<\/b> o lo ocurrido con munuera montero, un quien <b>Acusaron de tener un conflicto de intereses<\/b> Tras <b>Sacar la Roja A Un Jude Bellingham Que Dijo &#8216;Fuck Off&#8217;<\/b>.<\/p>\n<p>\u00abQuiero Decir que para la Compiceti\u00f3n es Muy IMPORTANTE ALGRESS A LOS \u00c1RBITROS. Y LO QUIERO DEFIRS EN ESTE MOMENTO LO QUE EST\u00c1N HACIENTO AQU\u00cd EN ESPA\u00d1A De Nosotros Puede Cometer Errores y, Si este Suced, Creo Que la Responsabilidad de los Abrenadores y de Todos los Jugadores es Protegerlos \u00ab, Ha Dicho El Alem\u00e1n en Rueda de Prensa.<\/p>\n<blockquote class=\"blockquote \">\n<p class=\"blockquote__quote\">\u00abSi Perdemos, \u00bfEs Culpa del \u00c1rbitro?<\/p>\n<\/blockquote>\n<p>Flick Dice que no Quiere Gastar Energ\u00eda Hablando de Los Colegiados: \u00abNo me gusta se gaste Energ\u00eda para Discutir Con El -Rbitro. No, El -El -Toma su decisi\u00f3n. En el Pasado no Ten\u00edamos var, Ahora S\u00ed Tenemos Var Y Hay Confiar Enfiar Enfiar Enfiar Enfiar Enfiar Enfiar en Ellos. Tiene Que Demostrar lo fuerte que es y que los \u00e1rbitros tienen una laborista importante;<\/p>\n<p>\u00abTenemos que Cambiar un Poco Estas Cosas Sobre Ellos (Los Colegiados), porque Humanos. Y es Normal que cometas Algunos errores. Tambi\u00e9n Cada Jugador, Cada Agrrenador, Cada Uno de Nosotros Comete Errores. Y Tenemosos Cuidarlos, porque Los \u00e1cidos de los \u00c1nbito Humanos y Tenemos que Protegerlos y Proteger la Labor Arbitral \u00ab, HA Abundado El Preparador Germano.<\/p>\n<h2 class=\"title-h2\">\u00abPara m\u00ed lo importante es proteger al \u00e1rbitro\u00bb<\/h2>\n<p>No Quiere Poner excusas Escud\u00e1nDosa en los Colegiados: \u00abSiempre Vamos un buscar excusas y, si perdemos, \u00bfEs Culpa Delbitro? No. TODOS PODEMOS COMETER ERROR Lo importante es proteger al \u00e1rbitro.<\/p>\n<p>Tampoco Quiso Envertar a Valorar <b>Los dos Partidos de Sanci\u00f3n que Ha Recibido Bellingham<\/b>: \u00abNo hay tengo que se trate nada de la sanci\u00f3n un bellingham (respet\u00f3 una sanci\u00f3n, que fue de <b>DOS Partidos Igual Sin Decirle Nada Al \u00c1rbitro<\/b>). Bellingham es Buen\u00edsmo, Uno de los Mejores en su Posici\u00f3nica. Pero no es mi Jugador y No Tengo que se defirora nada de \u00e9l, Primero. Yo Espero que Mi Funciones de Equipo Como quiero en el terreno de juego, eSo es todo \u00ab.<\/p>\n<h2 class=\"title-h2\">Benfica, rival en octavos de campeones<\/h2>\n<p>Hansi Flick Tambi\u00e9n Ha Comentado Que El <b>Partido de Octavos de Final Contra El Benfica en Champions League<\/b> No SER\u00c1 \u00abf\u00e1cil para nada\u00bb y ha avisado de que los portugueses, un quienes Ganaron 4-5 en la pasada fase de Clasificaci\u00f3, hijo rival rival rival.<\/p>\n<p>\u00abVa a ser un partido dif\u00edcil porque ellos juegan muy bien. El Benfica estuvo fuerte en aquel partido, vemos que preparan y conocen muy bien a los rivales y no es f\u00e1cil jugar contra ellos. Este cruce no va a ser f\u00e1cil para nada\u00bb, ha comentado en rueda de prensa.<\/p>\n<p>A este respeto, haco hecho suyo el mantra &#8216;partido a partido&#8217; de simeone: \u00ablo importante para m\u00ed es ir partido un grupo de diferencia en cada uno lo Buenos que somos. Ahora Estamos en un buen Momento pero falta Larga recorrido Hasta el final de la temporada \u00ab.<\/p>\n<h2 class=\"title-h2\">\u00bfUn cl\u00e1sico en la final de campeones?<\/h2>\n<p>\u00abPrimero tenderr\u00edamos que Alcanzar la final, ESE es nuestro objetivo. Todo lo dem\u00e1s no s\u00e9, Hay un Largo recorrido. Tenemos que Enfrentarnos primero al benf\u00e9tica, que es un buen eopoquero\u00bb, Una final contra el Real Madrid, que va por el el oto\u00f1o lado del cuadro.<\/p>\n<p>Pregunto por triplete unengestoso, Flick son; \u00abUf, no es f\u00e1cil hacer un triplete. Es muy dif\u00edcil. Pero no hay heno excusa, si Queremos lo mejor Hay que dar lo mejor. El f\u00fatbol es fant\u00e1sstico y lo es poder jugar Partidos de alto Nivel que nos Esperan. Nosotros Poder Medirnos a Los Mejores, es por lo jugamos a f\u00fatbol y es bonito ver partidos de alto nivel \u00ab.<\/p>\n<p><i>S\u00edguenos en nuestro canal de whatsapp y no te Pierdas la \u00daLtima Hora y Toda la actualidad de antena3noticias.com<\/i><\/p>\n<div class=\"recirculation-video\" data-mod=\"a3mod_recirculation_video\">\n<div class=\"recirculation-video-wrapper\">\n<div>\n<div class=\"video-wrapper\">\n  <picture class=\"video-main-picture\"><source media=\"(min-width: 481px)\" srcset=\"https:\/\/fotografias.antena3.com\/clipping\/cmsimages01\/2025\/02\/20\/FF6D32BA-3A82-436C-9529-B8E2624FC590\/ivan-garcia-bicicleta_94.jpg?crop=1600,900,x0,y0&amp;width=800&amp;height=450&amp;optimize=medium&amp;format=webply\" width=\"800\" height=\"450\"><source media=\"(min-width: 391px) and (max-width: 480px)\" srcset=\"https:\/\/fotografias.antena3.com\/clipping\/cmsimages01\/2025\/02\/20\/FF6D32BA-3A82-436C-9529-B8E2624FC590\/ivan-garcia-bicicleta_70.jpg?crop=1600,900,x0,y0&amp;width=480&amp;height=270&amp;optimize=high&amp;format=webply\" width=\"480\" height=\"270\"><source media=\"(min-width: 321px) and (max-width: 390px)\" srcset=\"https:\/\/fotografias.antena3.com\/clipping\/cmsimages01\/2025\/02\/20\/FF6D32BA-3A82-436C-9529-B8E2624FC590\/ivan-garcia-bicicleta_92.jpg?crop=1600,898,x0,y0&amp;width=390&amp;height=219&amp;optimize=high&amp;format=webply\" width=\"390\" height=\"219\"><source media=\"(max-width: 320px)\" srcset=\"https:\/\/fotografias.antena3.com\/clipping\/cmsimages01\/2025\/02\/20\/FF6D32BA-3A82-436C-9529-B8E2624FC590\/ivan-garcia-bicicleta_52.jpg?crop=1600,900,x0,y0&amp;width=320&amp;height=180&amp;optimize=high&amp;format=webply\" width=\"320\" height=\"180\"><img decoding=\"async\" title=\"Iv\u00e1n Garc\u00eda, Sobre su bicicleta\" alt=\"Iv\u00e1n Garc\u00eda, Sobre su bicicleta\" width=\"480\" height=\"270\" src=\"https:\/\/fotografias.antena3.com\/clipping\/cmsimages01\/2025\/02\/20\/FF6D32BA-3A82-436C-9529-B8E2624FC590\/ivan-garcia-bicicleta_70.jpg?crop=1600,900,x0,y0&amp;width=480&amp;height=270&amp;optimize=high&amp;format=webply\" loading=\"lazy\" class=\"lazy\"\/><br \/>\n  <\/source><\/source><\/source><\/source><\/picture>\n <\/div>\n<\/div><\/div>\n<\/p><\/div>\n<\/div>\n\n","protected":false},"excerpt":{"rendered":"<p>El atrenador del Barcelona, \u200b\u200bHansi Flick, HA Defendido Este Viernes A los \u00c1rbitros y Ha Calificado de \u00abIncre\u00cdble\u00bb lo que Est\u00e1 sucediendo \u00daltimamete en Espa\u00f1a, con La Carta del Real Madrid Pidiendo Un Cambio en El Arbitraje o lo ocurrido con munuera montero, un quien Acusaron de tener un conflicto de intereses Tras Sacar la &hellip;<\/p>\n","protected":false},"author":1,"featured_media":15711,"comment_status":"open","ping_status":"open","sticky":false,"template":"","format":"standard","meta":{"fifu_image_url":"https:\/\/fotografias.antena3.com\/clipping\/cmsimages01\/2025\/02\/21\/62DDCA65-BC7B-4674-93CE-EF20CA76F280\/hansi-flick-rueda-prensa_69.jpg?crop=1920,1080,x0,y0&width=1280&height=720&optimize=low&format=jpg","fifu_image_alt":"","footnotes":""},"categories":[6],"tags":[],"class_list":["post-15709","post","type-post","status-publish","format-standard","has-post-thumbnail","","category-deportes"],"_links":{"self":[{"href":"https:\/\/noticiasveraces.com\/index.php?rest_route=\/wp\/v2\/posts\/15709","targetHints":{"allow":["GET"]}}],"collection":[{"href":"https:\/\/noticiasveraces.com\/index.php?rest_route=\/wp\/v2\/posts"}],"about":[{"href":"https:\/\/noticiasveraces.com\/index.php?rest_route=\/wp\/v2\/types\/post"}],"author":[{"embeddable":true,"href":"https:\/\/noticiasveraces.com\/index.php?rest_route=\/wp\/v2\/users\/1"}],"replies":[{"embeddable":true,"href":"https:\/\/noticiasveraces.com\/index.php?rest_route=%2Fwp%2Fv2%2Fcomments&post=15709"}],"version-history":[{"count":0,"href":"https:\/\/noticiasveraces.com\/index.php?rest_route=\/wp\/v2\/posts\/15709\/revisions"}],"wp:featuredmedia":[{"embeddable":true,"href":"https:\/\/noticiasveraces.com\/index.php?rest_route=\/wp\/v2\/media\/15711"}],"wp:attachment":[{"href":"https:\/\/noticiasveraces.com\/index.php?rest_route=%2Fwp%2Fv2%2Fmedia&parent=15709"}],"wp:term":[{"taxonomy":"category","embeddable":true,"href":"https:\/\/noticiasveraces.com\/index.php?rest_route=%2Fwp%2Fv2%2Fcategories&post=15709"},{"taxonomy":"post_tag","embeddable":true,"href":"https:\/\/noticiasveraces.com\/index.php?rest_route=%2Fwp%2Fv2%2Ftags&post=15709"}],"curies":[{"name":"wp","href":"https:\/\/api.w.org\/{rel}","templated":true}]}}