{"id":15702,"date":"2025-02-21T22:07:53","date_gmt":"2025-02-22T02:07:53","guid":{"rendered":"https:\/\/noticiasveraces.com\/?p=15702"},"modified":"2025-02-21T22:07:53","modified_gmt":"2025-02-22T02:07:53","slug":"trump-anuncia-el-reemplazo-del-jefe-del-ejercito-de-ee-uu-dw-22-02-2025","status":"publish","type":"post","link":"https:\/\/noticiasveraces.com\/?p=15702","title":{"rendered":"Trump Anuncia El Reemplazo del Jefe del Ej\u00e9rcito de Ee.uu. &#8211; DW &#8211; 22\/02\/2025"},"content":{"rendered":"<p> \n<\/p>\n<div>\n<p>El Presidente de Estados Unidos, Donald Trump, Anunci\u00f3 Este Viernes (21.02.2025) La Sustituci\u00f3n del Jefe del Estado Alcalde Estadounidense, El General Charles Brown, El Oficial de Alcalde Rango de Las Fuerzas Armadas del Pa\u00eds. <\/p>\n<p>El General Brown, Quien Fue Nombrado por Trump al Final de Su Primer Mandato y Se convirti\u00f3 as\u00ed en el Primer Afroestadounidense en Ocupar ESe PUESTO CLAVE DEL PENT\u00c1GONO, SER\u00c1 REEMPLAZADO POR DAN CAINE, \u00abUN PILLO CUALIFADO Y EXPERMO EN SEGURADAD NACional\u00bb, Indic\u00f3 El El Ind\u00f3 Mandatario en Su Red Truth Social.<\/p>\n<p>\u00abEs un honor anunciar que nominando al teniente general de la fuerza a\u00e9rea dan &#8216;raazin&#8217; caine para ser el pr\u00f3xmo jefe del estado alcalde Conjunto, precis\u00f3 El L\u00edder Republicano.<\/p>\n<p>\u00abCaine es un piloto consumado, experto en seguridad nacional, empresario de \u00e9xito y un &#8216;combatiente de guerra&#8217; con una importante experiencia intergencial y operaciones especiales\u00bb, Cribi\u00f3 Trump.<\/p>\n<p>Una Biograf\u00eda de Caine en la Web de la Fuerza a\u00e9rea estadounidense dice que sirvi\u00f3 en puestos como el de director asociado para asuntos militares en la cia, as\u00ed como varias funciones operativas, oper\u00e1ticas, incluyendo maniobras de combate piloteo de un f-16.<\/p>\n<p>Trump Agradeci\u00f3 en Su Mensaje A marr\u00f3n por \u00abSus m\u00e1s de 40 A\u00f1os de Servicio\u00bb Al Pa\u00eds. El General Saliente Fue El Segundo Oficial Negro que Ocup\u00f3 El Cargo de Jefe del Estado Alcalde Conjunto, Dispu\u00e9s de Colin Powell de 1989 A 1993.<\/p>\n<p>Fue Nombrado Oficial en 1984 y Tambi\u00e9n es un PILLO PILLO EXPERIMINADO CON M\u00c1S DE 3.000 HORAS DE VOLO, 130 de Ellas en combate. <\/p>\n<p>M\u00c1S TEMPRANO, EL DEFENTO DE DEFENSA DE ESTADOS UNIDOS TAMBI\u00c9N ANUNCI\u00d3 QE REDUCIR\u00c1 SUS EFECTIVOS CIVIENTES EN AL MENOS 5 POR CENTO, COMO PARTE DEL OBJETIVO DE GOBIERNO DE RECORDAR EL N\u00daMERO DE FURCONARIOS. <\/p>\n<p><span data-slot-id=\"Article_InContent-1\" class=\"rich-text-ad\"\/><\/p>\n<h2>Hegseth: \u00abVamos a Ser Agresivos\u00bb<\/h2>\n<p>Los recortes Tienen como meta \u00abPermitir una alcalde Eficiencia y Reorientar El Departamento Hacia las Prioridadas del Presidente\u00bb Donald Trump, Explic\u00f3 Darin Selnick, Un Alto Cargo del Pent\u00e1cono, en Un Comunicado.<\/p>\n<p>Selnick Afirm\u00f3 Querer Despedir la Pr\u00f3xima Semana A Unos 5.400 Empleados que Todav\u00eda Est\u00e1n en Per\u00edodo de Prueba y Luego Congelar Las Contrataciones.<\/p>\n<p>El Secretario de Defensa, Pete Hegseth, consider\u00f3 el Jueves que \u00abNo era la era de inter\u00e9s p\u00fablico\u00bb Mantener a Esos Emleados y QUER\u00cdA CENTRARSE EN \u00abAquellos con un Bajo RendiMiento entre los que a\u00dan Est\u00e1n en Per\u00edodo de PrueBa\u00bb. <\/p>\n<p>\u00abVamos a Estar Atentos, Pero Tambi\u00e9n Vamos a Ser Agresivos\u00bb, Insisti\u00f3 el expresentador de Fox News, Partidario, Seg\u00fan \u00c9l, de Contratar por \u00abM\u00e9ritos\u00bb.<\/p>\n<p>Seg\u00fan Hegseth, los miembros de la comisi\u00f3n de eficiencia gubernamental (DOGE) de Elon Musk trabajan en su departamento para \u00abidentificar los \u00faltimos vestigios de las prioridades\u00bb del expresidente dem\u00f3crata Joe Biden, incluidos los programas de diversidad, porque \u00abno son fundamentales\u00bb para El Pent\u00e1cono.<\/p>\n<p>Trump Prometi\u00f3 Durante Su Campa\u00f1a Reducir El Peso del Gobierno y recortador federal El Gasto. Para ello nombr\u00f3 a su aliado almizcle a la Cabeza de la comisi\u00f3n de recorte del gasto.<\/p>\n<p>Criticada por Sus M\u00e9todos Brutales, ESTA OFENSIVA ES CONSIDERADA ILEGAL POR LOS DEM\u00d3CRATAS, DEBIDO A QUE MUSK NO TIENE UNA CARTERA GUBERNAMENTAL NI HA SIDO ELEGIDO EN Comicios. Se Han presentado numerosos recursos judiciales contra Ella.<\/p>\n<p>Mg (AFP, Efe)<\/p>\n<div class=\"vjs-wrapper embed big\">\n<h2 aria-label=\"Video integrado \u2014 A fondo - Trump y Putin: \u00bfuna alianza que desaf\u00eda a Europa?\" class=\"headline\"><svg xmlns=\"http:\/\/www.w3.org\/2000\/svg\" viewbox=\"0 0 20 20\"><g fill-rule=\"evenodd\"><path d=\"M14.114 7.599H13.5l.002 4.706h.601l4.582 3.25-.005-11.11zM11.084 4.444l-9.007.002-1.336.797.002 9.514 1.334.793 9.007.006 1.509-.799-.004-9.516z\"\/><\/g><\/svg>Un fondo &#8211; Trump y Putin: \u00bfuna alianza que desaf\u00eda a europa?<\/h2>\n<p><video id=\"video-71672094\" controls=\"\" playsinline=\"\" preload=\"none\" poster=\"data:image\/png;base64,iVBORw0KGgoAAAANSUhEUgAAAAEAAAABCAQAAAC1HAwCAAAAC0lEQVR42mNkYAAAAAYAAjCB0C8AAAAASUVORK5CYII=\" data-id=\"71672094\" data-posterurl=\"https:\/\/static.dw.com\/image\/50130757_605.webp\" data-duration=\"42:34\"><source src=\"https:\/\/hlsvod.dw.com\/i\/dwtv_video\/flv\/cua\/cua250220_gesamt_,AVC_480x270,AVC_512x288,AVC_640x360,AVC_960x540,AVC_1280x720,AVC_1920x1080,.mp4.csmil\/master.m3u8\" type=\"application\/x-mpegURL\"><source src=\"https:\/\/tvdownloaddw-a.akamaihd.net\/dwtv_video\/flv\/cua\/cua250220_gesamt_AVC_1920x1080.mp4\" type=\"video\/mp4\"><p class=\"vjs-no-js\">Para ver este video, habilite JavaScript y considere actualizar a un navegador web que admite el video HTML5<\/p>\n<p><\/source><\/source><\/video><\/div>\n<\/div>\n\n","protected":false},"excerpt":{"rendered":"<p>El Presidente de Estados Unidos, Donald Trump, Anunci\u00f3 Este Viernes (21.02.2025) La Sustituci\u00f3n del Jefe del Estado Alcalde Estadounidense, El General Charles Brown, El Oficial de Alcalde Rango de Las Fuerzas Armadas del Pa\u00eds. El General Brown, Quien Fue Nombrado por Trump al Final de Su Primer Mandato y Se convirti\u00f3 as\u00ed en el Primer &hellip;<\/p>\n","protected":false},"author":1,"featured_media":15703,"comment_status":"open","ping_status":"open","sticky":false,"template":"","format":"standard","meta":{"fifu_image_url":"https:\/\/static.dw.com\/image\/69454246_6.jpg","fifu_image_alt":"","footnotes":""},"categories":[13],"tags":[],"class_list":["post-15702","post","type-post","status-publish","format-standard","has-post-thumbnail","","category-mundo"],"_links":{"self":[{"href":"https:\/\/noticiasveraces.com\/index.php?rest_route=\/wp\/v2\/posts\/15702","targetHints":{"allow":["GET"]}}],"collection":[{"href":"https:\/\/noticiasveraces.com\/index.php?rest_route=\/wp\/v2\/posts"}],"about":[{"href":"https:\/\/noticiasveraces.com\/index.php?rest_route=\/wp\/v2\/types\/post"}],"author":[{"embeddable":true,"href":"https:\/\/noticiasveraces.com\/index.php?rest_route=\/wp\/v2\/users\/1"}],"replies":[{"embeddable":true,"href":"https:\/\/noticiasveraces.com\/index.php?rest_route=%2Fwp%2Fv2%2Fcomments&post=15702"}],"version-history":[{"count":0,"href":"https:\/\/noticiasveraces.com\/index.php?rest_route=\/wp\/v2\/posts\/15702\/revisions"}],"wp:featuredmedia":[{"embeddable":true,"href":"https:\/\/noticiasveraces.com\/index.php?rest_route=\/wp\/v2\/media\/15703"}],"wp:attachment":[{"href":"https:\/\/noticiasveraces.com\/index.php?rest_route=%2Fwp%2Fv2%2Fmedia&parent=15702"}],"wp:term":[{"taxonomy":"category","embeddable":true,"href":"https:\/\/noticiasveraces.com\/index.php?rest_route=%2Fwp%2Fv2%2Fcategories&post=15702"},{"taxonomy":"post_tag","embeddable":true,"href":"https:\/\/noticiasveraces.com\/index.php?rest_route=%2Fwp%2Fv2%2Ftags&post=15702"}],"curies":[{"name":"wp","href":"https:\/\/api.w.org\/{rel}","templated":true}]}}