{"id":15696,"date":"2025-02-21T20:50:24","date_gmt":"2025-02-22T00:50:24","guid":{"rendered":"https:\/\/noticiasveraces.com\/?p=15696"},"modified":"2025-02-21T20:50:24","modified_gmt":"2025-02-22T00:50:24","slug":"sospechoso-arrestado-despues-de-apunalar-en-alemania-en-el-memorial-del-holocausto","status":"publish","type":"post","link":"https:\/\/noticiasveraces.com\/?p=15696","title":{"rendered":"Sospechoso arrestado despu\u00e9s de apu\u00f1alar en Alemania en el Memorial del Holocausto"},"content":{"rendered":"<p> \n<\/p>\n<div>\n<p class=\"speakable\">La polic\u00eda alemana arrest\u00f3 a un sospechoso despu\u00e9s de un apu\u00f1alamiento en el monumento al Holocausto del Berl\u00edn dej\u00f3 a una persona gravemente herida el viernes por la noche, hora local.<\/p>\n<p class=\"speakable\">La polic\u00eda a\u00fan no ha dado un motivo ni ha hecho ninguna conexi\u00f3n entre el apu\u00f1alamiento y el monumento al Holocausto, conocido como el monumento a los jud\u00edos asesinados de Europa, o la embajada de los Estados Unidos ubicada cerca. <\/p>\n<p>El apu\u00f1alamiento tambi\u00e9n se produjo dos d\u00edas antes de las elecciones nacionales de Alemania el domingo. <\/p>\n<p><strong>2 personas son asesinadas en un ataque de cuchillo en Alemania; Scholz dice que debe haber consecuencias<\/strong><\/p>\n<div class=\"image-ct inline\">\n<div class=\"m\"><picture><source media=\"(max-width: 767px)\" srcset=\"https:\/\/a57.foxnews.com\/static.foxnews.com\/foxnews.com\/content\/uploads\/2025\/02\/343\/192\/holocaust-memorial-stabbing.jpg?ve=1&amp;tl=1, https:\/\/a57.foxnews.com\/static.foxnews.com\/foxnews.com\/content\/uploads\/2025\/02\/686\/384\/holocaust-memorial-stabbing.jpg?ve=1&amp;tl=1 2x\" height=\"192\" width=\"343\"><source media=\"(min-width: 768px) and (max-width: 1023px)\" srcset=\"https:\/\/a57.foxnews.com\/static.foxnews.com\/foxnews.com\/content\/uploads\/2025\/02\/672\/378\/holocaust-memorial-stabbing.jpg?ve=1&amp;tl=1, https:\/\/a57.foxnews.com\/static.foxnews.com\/foxnews.com\/content\/uploads\/2025\/02\/1344\/756\/holocaust-memorial-stabbing.jpg?ve=1&amp;tl=1 2x\" height=\"378\" width=\"672\"><source media=\"(min-width: 1024px) and (max-width: 1279px)\" srcset=\"https:\/\/a57.foxnews.com\/static.foxnews.com\/foxnews.com\/content\/uploads\/2025\/02\/931\/523\/holocaust-memorial-stabbing.jpg?ve=1&amp;tl=1, https:\/\/a57.foxnews.com\/static.foxnews.com\/foxnews.com\/content\/uploads\/2025\/02\/1862\/1046\/holocaust-memorial-stabbing.jpg?ve=1&amp;tl=1 2x\" height=\"523\" width=\"931\"><source media=\"(min-width: 1280px)\" srcset=\"https:\/\/a57.foxnews.com\/static.foxnews.com\/foxnews.com\/content\/uploads\/2025\/02\/720\/405\/holocaust-memorial-stabbing.jpg?ve=1&amp;tl=1, https:\/\/a57.foxnews.com\/static.foxnews.com\/foxnews.com\/content\/uploads\/2025\/02\/1440\/810\/holocaust-memorial-stabbing.jpg?ve=1&amp;tl=1 2x\" height=\"405\" width=\"720\"><img loading=\"lazy\" decoding=\"async\" src=\"https:\/\/a57.foxnews.com\/static.foxnews.com\/foxnews.com\/content\/uploads\/2025\/02\/1200\/675\/holocaust-memorial-stabbing.jpg?ve=1&amp;tl=1\" alt=\"Escena del apu\u00f1alamiento en Berl\u00edn\" width=\"1200\" height=\"675\"\/><\/source><\/source><\/source><\/source><\/picture><\/div>\n<div class=\"info\">\n<div class=\"caption\">\n<p><span>La polic\u00eda y los primeros en responder llegan al Memorial del Holocausto en Berl\u00edn despu\u00e9s de un presunto ataque de cuchillo el viernes.<\/span> <span>(Reuters\/Fabrizio Bensch)<\/span><\/p>\n<\/div>\n<\/div>\n<\/div>\n<p>La v\u00edctima, cuyas lesiones no son potencialmente mortales, fue identificada como un turista espa\u00f1ol de 30 a\u00f1os, seg\u00fan The Associated Press. <\/p>\n<p>\u00abNuestras fuerzas han detenido a un sospechoso en las cercan\u00edas de la escena del crimen\u00bb, public\u00f3 la polic\u00eda de Berl\u00edn en X. \u00abLas investigaciones contin\u00faan\u00bb.<\/p>\n<p><strong>Spree de apu\u00f1alamiento &#8216;aleatorio&#8217; en el festival en Alemania deja 3 muertos, otros heridos: Informe<\/strong><\/p>\n<div class=\"image-ct inline\">\n<div class=\"m\"><picture><source media=\"(max-width: 767px)\" srcset=\"https:\/\/a57.foxnews.com\/static.foxnews.com\/foxnews.com\/content\/uploads\/2025\/02\/343\/192\/berlin-stabbing-scaled.jpg?ve=1&amp;tl=1, https:\/\/a57.foxnews.com\/static.foxnews.com\/foxnews.com\/content\/uploads\/2025\/02\/686\/384\/berlin-stabbing-scaled.jpg?ve=1&amp;tl=1 2x\" height=\"192\" width=\"343\"><source media=\"(min-width: 768px) and (max-width: 1023px)\" srcset=\"https:\/\/a57.foxnews.com\/static.foxnews.com\/foxnews.com\/content\/uploads\/2025\/02\/672\/378\/berlin-stabbing-scaled.jpg?ve=1&amp;tl=1, https:\/\/a57.foxnews.com\/static.foxnews.com\/foxnews.com\/content\/uploads\/2025\/02\/1344\/756\/berlin-stabbing-scaled.jpg?ve=1&amp;tl=1 2x\" height=\"378\" width=\"672\"><source media=\"(min-width: 1024px) and (max-width: 1279px)\" srcset=\"https:\/\/a57.foxnews.com\/static.foxnews.com\/foxnews.com\/content\/uploads\/2025\/02\/931\/523\/berlin-stabbing-scaled.jpg?ve=1&amp;tl=1, https:\/\/a57.foxnews.com\/static.foxnews.com\/foxnews.com\/content\/uploads\/2025\/02\/1862\/1046\/berlin-stabbing-scaled.jpg?ve=1&amp;tl=1 2x\" height=\"523\" width=\"931\"><source media=\"(min-width: 1280px)\" srcset=\"https:\/\/a57.foxnews.com\/static.foxnews.com\/foxnews.com\/content\/uploads\/2025\/02\/720\/405\/berlin-stabbing-scaled.jpg?ve=1&amp;tl=1, https:\/\/a57.foxnews.com\/static.foxnews.com\/foxnews.com\/content\/uploads\/2025\/02\/1440\/810\/berlin-stabbing-scaled.jpg?ve=1&amp;tl=1 2x\" height=\"405\" width=\"720\"><img loading=\"lazy\" decoding=\"async\" src=\"https:\/\/a57.foxnews.com\/static.foxnews.com\/foxnews.com\/content\/uploads\/2025\/02\/1200\/675\/berlin-stabbing-scaled.jpg?ve=1&amp;tl=1\" alt=\"Sospechoso de apu\u00f1alamiento es arrestado en Berl\u00edn\" width=\"1200\" height=\"675\"\/><\/source><\/source><\/source><\/source><\/picture><\/div>\n<div class=\"info\">\n<div class=\"caption\">\n<p><span>Los oficiales de polic\u00eda detienen a un sospechoso en el Memorial del Holocausto en Berl\u00edn despu\u00e9s de que otro hombre result\u00f3 gravemente herido el viernes.<\/span> <span>(AP Photo\/Ebrahim Noroozi)<\/span><\/p>\n<\/div>\n<\/div>\n<\/div>\n<p>Durante una conferencia de prensa, el portavoz de la polic\u00eda, Florian Nath, dijo que el ataque ocurri\u00f3 alrededor de las 6 pm, \u00abprobablemente con un cuchillo. Tal vez con algo m\u00e1s\u00bb. <\/p>\n<p>El sospechoso fue arrestado alrededor de tres horas despu\u00e9s despu\u00e9s de que lo vieron cerca del monumento. <\/p>\n<p>\u00abTen\u00eda sangre en las manos, y esto lo hizo sospechar\u00bb, dijo Nath.<\/p>\n<div class=\"image-ct inline\">\n<div class=\"m\"><picture><source media=\"(max-width: 767px)\" srcset=\"https:\/\/a57.foxnews.com\/static.foxnews.com\/foxnews.com\/content\/uploads\/2025\/02\/343\/192\/police-after-stabbing-attack-scaled.jpg?ve=1&amp;tl=1, https:\/\/a57.foxnews.com\/static.foxnews.com\/foxnews.com\/content\/uploads\/2025\/02\/686\/384\/police-after-stabbing-attack-scaled.jpg?ve=1&amp;tl=1 2x\" height=\"192\" width=\"343\"><source media=\"(min-width: 768px) and (max-width: 1023px)\" srcset=\"https:\/\/a57.foxnews.com\/static.foxnews.com\/foxnews.com\/content\/uploads\/2025\/02\/672\/378\/police-after-stabbing-attack-scaled.jpg?ve=1&amp;tl=1, https:\/\/a57.foxnews.com\/static.foxnews.com\/foxnews.com\/content\/uploads\/2025\/02\/1344\/756\/police-after-stabbing-attack-scaled.jpg?ve=1&amp;tl=1 2x\" height=\"378\" width=\"672\"><source media=\"(min-width: 1024px) and (max-width: 1279px)\" srcset=\"https:\/\/a57.foxnews.com\/static.foxnews.com\/foxnews.com\/content\/uploads\/2025\/02\/931\/523\/police-after-stabbing-attack-scaled.jpg?ve=1&amp;tl=1, https:\/\/a57.foxnews.com\/static.foxnews.com\/foxnews.com\/content\/uploads\/2025\/02\/1862\/1046\/police-after-stabbing-attack-scaled.jpg?ve=1&amp;tl=1 2x\" height=\"523\" width=\"931\"><source media=\"(min-width: 1280px)\" srcset=\"https:\/\/a57.foxnews.com\/static.foxnews.com\/foxnews.com\/content\/uploads\/2025\/02\/720\/405\/police-after-stabbing-attack-scaled.jpg?ve=1&amp;tl=1, https:\/\/a57.foxnews.com\/static.foxnews.com\/foxnews.com\/content\/uploads\/2025\/02\/1440\/810\/police-after-stabbing-attack-scaled.jpg?ve=1&amp;tl=1 2x\" height=\"405\" width=\"720\"><img loading=\"lazy\" decoding=\"async\" src=\"https:\/\/a57.foxnews.com\/static.foxnews.com\/foxnews.com\/content\/uploads\/2025\/02\/1200\/675\/police-after-stabbing-attack-scaled.jpg?ve=1&amp;tl=1\" alt=\"Oficial de polic\u00eda que protege la escena de apu\u00f1alamiento en Berl\u00edn\" width=\"1200\" height=\"675\"\/><\/source><\/source><\/source><\/source><\/picture><\/div>\n<div class=\"info\">\n<div class=\"caption\">\n<p><span>Un oficial de polic\u00eda se encuentra frente al Memorial del Holocausto despu\u00e9s de que un hombre fue atacado en el sitio en Berl\u00edn el viernes.<\/span> <span>(AP Photo\/Ebrahim Noroozi)<\/span><\/p>\n<\/div>\n<\/div>\n<\/div>\n<p><strong>Haga clic aqu\u00ed para obtener la aplicaci\u00f3n Fox News<\/strong><\/p>\n<p>En una actualizaci\u00f3n, la polic\u00eda dijo en X que un \u00e1rea m\u00e1s grande alrededor de la escena del crimen estaba siendo registrada \u00abpor los servicios de emergencia adicionales, los perros policiales y el helic\u00f3ptero policial\u00bb. <\/p>\n<p><i>Benjamin Weinthal, Reuters y Associated Press contribuyeron a este informe. <\/i><\/p>\n<p> <!----> <\/div>\n\n","protected":false},"excerpt":{"rendered":"<p>La polic\u00eda alemana arrest\u00f3 a un sospechoso despu\u00e9s de un apu\u00f1alamiento en el monumento al Holocausto del Berl\u00edn dej\u00f3 a una persona gravemente herida el viernes por la noche, hora local. La polic\u00eda a\u00fan no ha dado un motivo ni ha hecho ninguna conexi\u00f3n entre el apu\u00f1alamiento y el monumento al Holocausto, conocido como el &hellip;<\/p>\n","protected":false},"author":1,"featured_media":15698,"comment_status":"open","ping_status":"open","sticky":false,"template":"","format":"standard","meta":{"fifu_image_url":"https:\/\/static.foxnews.com\/foxnews.com\/content\/uploads\/2025\/02\/sus_arrest_berlin_stabbing.jpg","fifu_image_alt":"","footnotes":""},"categories":[13],"tags":[],"class_list":["post-15696","post","type-post","status-publish","format-standard","has-post-thumbnail","","category-mundo"],"_links":{"self":[{"href":"https:\/\/noticiasveraces.com\/index.php?rest_route=\/wp\/v2\/posts\/15696","targetHints":{"allow":["GET"]}}],"collection":[{"href":"https:\/\/noticiasveraces.com\/index.php?rest_route=\/wp\/v2\/posts"}],"about":[{"href":"https:\/\/noticiasveraces.com\/index.php?rest_route=\/wp\/v2\/types\/post"}],"author":[{"embeddable":true,"href":"https:\/\/noticiasveraces.com\/index.php?rest_route=\/wp\/v2\/users\/1"}],"replies":[{"embeddable":true,"href":"https:\/\/noticiasveraces.com\/index.php?rest_route=%2Fwp%2Fv2%2Fcomments&post=15696"}],"version-history":[{"count":0,"href":"https:\/\/noticiasveraces.com\/index.php?rest_route=\/wp\/v2\/posts\/15696\/revisions"}],"wp:featuredmedia":[{"embeddable":true,"href":"https:\/\/noticiasveraces.com\/index.php?rest_route=\/wp\/v2\/media\/15698"}],"wp:attachment":[{"href":"https:\/\/noticiasveraces.com\/index.php?rest_route=%2Fwp%2Fv2%2Fmedia&parent=15696"}],"wp:term":[{"taxonomy":"category","embeddable":true,"href":"https:\/\/noticiasveraces.com\/index.php?rest_route=%2Fwp%2Fv2%2Fcategories&post=15696"},{"taxonomy":"post_tag","embeddable":true,"href":"https:\/\/noticiasveraces.com\/index.php?rest_route=%2Fwp%2Fv2%2Ftags&post=15696"}],"curies":[{"name":"wp","href":"https:\/\/api.w.org\/{rel}","templated":true}]}}