{"id":15619,"date":"2025-02-21T07:47:56","date_gmt":"2025-02-21T11:47:56","guid":{"rendered":"https:\/\/noticiasveraces.com\/?p=15619"},"modified":"2025-02-21T07:47:56","modified_gmt":"2025-02-21T11:47:56","slug":"suecia-investigan-otra-rotura-de-cable-submarino-dw-21-02-2025","status":"publish","type":"post","link":"https:\/\/noticiasveraces.com\/?p=15619","title":{"rendered":"Suecia Investigan Otra Rotura de Cable Submarino &#8211; DW &#8211; 21\/02\/2025"},"content":{"rendered":"<p> \n<\/p>\n<div>\n<p><em>\u00daltima Actualizaci\u00f3n A Las 11:52 CET.<\/em><\/p>\n<p>SE Trata del C-Lion1, Un Cable de Fibra \u00f3ptica de Alta Capacidad Inaugurado en 2016, Que Une Helsinki, en Finlandia, y la Ciudad de Rostock, en el Norte de Alemania, A Trav\u00e9s del Fondo del Mar B\u00e1lico y Tiene Una Longitud de de 1.173 Kil\u00f3metros.<\/p>\n<p>La Guardia Costera de suecia envi\u00f3 un barco a la zona para apoyar la investigaci\u00f3n preliminar preliminar Abierta por Las Autoridadas Suecas por la Aver\u00eda de Este Cable de Telecomuniciones Submarino, Este Viernes (21.02.2025), Cerca de la Isla de Gotland, en La Zona de de Influencia Econ\u00f3mica sueca en el Mar B\u00e1ltico.<\/p>\n<h2>Cable Da\u00f1ado Pero no Roto<\/h2>\n<p>La Compa\u00f1\u00eda Finlandesa Cinia Oy, Propietaria del Cable, Afirm\u00f3 que Est\u00e1 Da\u00f1ado Pero no Roto, Por Lo Que Sigue en Funcionamiento, Seg\u00fan Publicaron Medios Locales. \u00abSe Han Detectado Da\u00f1os, Pero por el Momento no Afectan en Modo Alguno Al Tr\u00e1fico Por El Cable\u00bb, Se\u00f1al\u00f3 a la Televisi\u00f3n Finlandesa <em>Yle<\/em> Hannu Muikku, Directivo de Cinia.<\/p>\n<p>Seg\u00fan Muikku, La Compa\u00f1\u00eda Est\u00e1 Investigando El Incidente para Tratar de determinar el Momento exacta en el que se produjo la Aver\u00eda, Un Dato que por Ahora se desconocece al no hable producido una Interrupci\u00f3n del Trafo de Datos. ESTA INFORMACI\u00d3N ES INVERVIR INVESTIGO DE PARDER CRUCAL SI LA AVEN\u00cdA FUE CAUSADA POR ALG\u00daN BUQUE DE QUE NAVEGABA ESE Momento Cerca del Cable Averiado.<\/p>\n<p><span data-slot-id=\"Article_InContent-1\" class=\"rich-text-ad\"\/><\/p>\n<h2>Tercera Averia en Tres Meses<\/h2>\n<p>Es la tercera Vez en Tres Meses que el Cable Resultado Da\u00f1ado en Extra\u00f1os Circunstancias, Tras Sufrir dos Aver\u00edas Similares en Noviembre y Diciembre Pasados \u200b\u200batribuidas al Carguero Chino yi Peng 3 y Al Petrolero Eagle S, Bandera de LAS Islas Cook, Respetivamatere.<\/p>\n<p>\u00abTengo Conocimento desde hace un tiempo de las informaciones en los medios SOBRE UNA ENVANTUAL NUEVA ROTURA DE CABLE EN EL MAR B\u00e1lico. El Gobierno Est\u00e1 Informado de Forma Continua Por Las Autoridades Corresponsales, Investigan lo ocurrido\u00bb, \u00e9ncroni en su c\u00faento en la las autores, los correspondientes, los correspondientes, el investigador, lo ocurido \u00ab, escron Red Social X El Primer Ministro Sueco, Ulf Kristersson.<\/p>\n<p>Kristersson Resalt\u00f3 que Todas Las informaciones Sobre este Tipo de Eventos Tomadas \u00abMuy en serio\u00bb y aludi\u00f3 a la \u00abtumba situaci\u00f3n de seguridad\u00bb en la que se Encuentra la regi\u00f3n.<\/p>\n<p>El Hecho de Que Varios Cables de Comunicaciones Hayan resultado Da\u00f1ados en Los \u00c1ltimos Meses en el B\u00e1lico ha Motivado la Aperta de Investigaciones en Suecia, Finlandia, Lituania y Letonia.<\/p>\n<blockquote class=\"tweet embed\" data-id=\"1892851095531139238\"\/>\n<h2>Misi\u00f3n \u00abCentinela B\u00e1ltica\u00bb<\/h2>\n<p>Las sospechas se dirigen a la denominada \u00abflota fantasma rusa\u00bb, formada por barcos que rusia usa para eludir las sanciones occidentalas contra las exportaciones de petr\u00f3tleo por la invasi\u00f3n de Ucrania.<\/p>\n<p>La otana y nueve pa\u00edses ribere\u00f1os del b\u00e1lico acordaron hace unas semanas en helsinki lanza una nueva misi\u00f3n Zona.<\/p>\n<p>La fiscal\u00eda sueca descart\u00f3 a Principios de este Mes la Posibilidad de un Sabotaje en Los Dados Sufridos D\u00edas Antes por un cable Submarino Entre suecia y Letonia en el Mar B\u00e1lico y Levant\u00f3 la orden de confiscion\u00f3n de Un Barco qu\u00e9 Permaneciar retenido COSECHECHECHECHECHECHECHECHECHECHECHECHOSO.<\/p>\n<p>RML (Efe, Reuters)<\/p>\n<\/div>\n\n","protected":false},"excerpt":{"rendered":"<p>\u00daltima Actualizaci\u00f3n A Las 11:52 CET. SE Trata del C-Lion1, Un Cable de Fibra \u00f3ptica de Alta Capacidad Inaugurado en 2016, Que Une Helsinki, en Finlandia, y la Ciudad de Rostock, en el Norte de Alemania, A Trav\u00e9s del Fondo del Mar B\u00e1lico y Tiene Una Longitud de de 1.173 Kil\u00f3metros. La Guardia Costera de &hellip;<\/p>\n","protected":false},"author":1,"featured_media":15620,"comment_status":"open","ping_status":"open","sticky":false,"template":"","format":"standard","meta":{"fifu_image_url":"https:\/\/static.dw.com\/image\/71695543_6.jpg","fifu_image_alt":"","footnotes":""},"categories":[13],"tags":[],"class_list":["post-15619","post","type-post","status-publish","format-standard","has-post-thumbnail","","category-mundo"],"_links":{"self":[{"href":"https:\/\/noticiasveraces.com\/index.php?rest_route=\/wp\/v2\/posts\/15619","targetHints":{"allow":["GET"]}}],"collection":[{"href":"https:\/\/noticiasveraces.com\/index.php?rest_route=\/wp\/v2\/posts"}],"about":[{"href":"https:\/\/noticiasveraces.com\/index.php?rest_route=\/wp\/v2\/types\/post"}],"author":[{"embeddable":true,"href":"https:\/\/noticiasveraces.com\/index.php?rest_route=\/wp\/v2\/users\/1"}],"replies":[{"embeddable":true,"href":"https:\/\/noticiasveraces.com\/index.php?rest_route=%2Fwp%2Fv2%2Fcomments&post=15619"}],"version-history":[{"count":0,"href":"https:\/\/noticiasveraces.com\/index.php?rest_route=\/wp\/v2\/posts\/15619\/revisions"}],"wp:featuredmedia":[{"embeddable":true,"href":"https:\/\/noticiasveraces.com\/index.php?rest_route=\/wp\/v2\/media\/15620"}],"wp:attachment":[{"href":"https:\/\/noticiasveraces.com\/index.php?rest_route=%2Fwp%2Fv2%2Fmedia&parent=15619"}],"wp:term":[{"taxonomy":"category","embeddable":true,"href":"https:\/\/noticiasveraces.com\/index.php?rest_route=%2Fwp%2Fv2%2Fcategories&post=15619"},{"taxonomy":"post_tag","embeddable":true,"href":"https:\/\/noticiasveraces.com\/index.php?rest_route=%2Fwp%2Fv2%2Ftags&post=15619"}],"curies":[{"name":"wp","href":"https:\/\/api.w.org\/{rel}","templated":true}]}}