{"id":15589,"date":"2025-02-21T02:38:07","date_gmt":"2025-02-21T06:38:07","guid":{"rendered":"https:\/\/noticiasveraces.com\/?p=15589"},"modified":"2025-02-21T02:38:07","modified_gmt":"2025-02-21T06:38:07","slug":"esta-en-peligro-el-modelo-economico-de-alemania-dw-20-02-2025","status":"publish","type":"post","link":"https:\/\/noticiasveraces.com\/?p=15589","title":{"rendered":"\u00bfEst\u00e1 en Peligro el Modelo Econ\u00f3mico de Alemania? &#8211; DW &#8211; 20\/02\/2025"},"content":{"rendered":"<p> \n<\/p>\n<div>\n<p>En el Per\u00edodo Previo a Las Elecciones anticipadas al Parlamento Alem\u00e1n del Domingo, 23 de febrero, Gran parte de la atenci\u00f3n se ha centrado en la migraci\u00f3nis, pero alcalde econom\u00eda de europa ha estado en recesi\u00f3ni durante los \u00daculos dos a\u00edm. El probable Ganador de Las Elecciones, Friedrich Merz, L\u00edder de la Conservadora Uni\u00f3n Dem\u00f3crata Cristiana (CDU), Enfrenta Grandes Desaf\u00edos.<\/p>\n<p>LA SEMANA PASADA, Porsche Anunci\u00f3 Que Desprecedir\u00eda A 1.900 Trabajadores Cuando la Garant\u00eda de Empleso Expirara, Y El Fabricante de Porcelana Rosenthal Anunci\u00f3 Que Cererrar\u00eda Una de SUS F\u00e1bricas A Finales del Pr\u00f3ximo A\u00f1o.<\/p>\n<p>EN GENERAL, DESDE EL INICIO DE LA PANDEMIA DE COVID-19, Alemania ha Perdido Casi un Cuarto de Mill\u00f3n de Empleos en el Sector Fabric\u00e1n, Seg\u00fan El <em>Financial Times<\/em>.<\/p>\n<p>\u00abEl Desemploso Lleva Meses Aumentando y Esta Evoluci\u00f3n Continuar\u00e1 en los Pr\u00f3xos Meses, por Lo Que, Probablemente, Superaremos la Barrera de Los Tres Millones de Desempleados\u00bb, afirma klaus wohlrabe, Investigador del centro de Centro ifo de Macroeconom\u00ed y Enc\u00fates Entrevista con dw.<\/p>\n<h2>\u00bfPor Qu\u00e9 Est\u00e1 Estancada la Econom\u00eda Alemana?<\/h2>\n<p>Las Empresas Almasas Tienen Muchos problemas. \u00abUno de Los Mayores Problemas en Este Momento es la incertidumbre\u00bb, precisa wohlrabe, de ifo. El Pa\u00eds se Encuentra en Medio de Una Transici\u00f3n de Gobierno y Nieie Sabe C\u00f3mo Ser\u00e1 la Pr\u00f3xima Agenda Econ\u00f3mica. Las Inversiones de LAS Compa\u00f1\u00edas Han Tempendido SUS Inversiones, y Los Consumidass hijo m\u00e1s cuidadosos con sus gastos, explicaci\u00f3n el experto.<\/p>\n<figure class=\"placeholder-image master_landscape big\"><img data-format=\"MASTER_LANDSCAPE\" data-id=\"71603716\" data-url=\"https:\/\/static.dw.com\/image\/71603716_${formatId}.jpg\" data-aspect-ratio=\"16\/9\" alt=\"Friedrich Merz, Candidato de la Uni\u00f3n Conservadora CDU\/CSU de Alemania.\" style=\"padding-bottom: 56.25%; height: 0; max-height: 0;\"\/><figcaption class=\"img-caption\">Friedrich Merz, Candidato de la Uni\u00f3n Conservadora CDU\/CSU EN LAS ELECCIONES ALMANAS DEL 23 DE FEBRERO.<small class=\"copyright\">Imagen: Michael Kappeler\/DPA\/Picture-Alliance<\/small><\/figcaption><\/figure>\n<p>Aunque El Pr\u00f3ximo Gobierno Alem\u00e1n Pueda Reflotar la econom\u00eda, Las Alianas Pol\u00cdticas Globales Sufren Cambios Profundos. Nieie Sabe lo que est\u00e1 Planeando el Presidente de Estados Unidos, Donald Trump, Con su pol\u00edtica de \u00abEstados Unidos Primero\u00bb. \u00bfImpondr\u00e1 aranceles un todo lo que ingr\u00e9s al pa\u00eds para golpear a determinados pa\u00edses o industrias, coo al sector automovil\u00edn alstico alem\u00e1n?<\/p>\n<h2>M\u00e1s que s\u00f3lo incertidumbre<\/h2>\n<p>La productaci\u00f3n industrial Alemana Alcanz\u00f3 Su Punto M\u00e1ximo en 2018, Mucho Antes de Crisis Recentes, Como la Pandemia, Los problemas en la cadena de suministro y la crisis energ\u00e9tica europea, Dice a dw klaus-j\u00fcrgen Gern, Investigador del Instituto de Econom\u00ed Mundial Mundial de Kiele Kiele de Kiele Kiel. . El A\u00f1o Pasado, LA Producci\u00f3 Industrial Alemana Cay\u00f3 un 4,5 por ciento.<\/p>\n<p>SE TRATA DE UNA DEBILIDAD \u00abparticular pronunciada en las principales industrias exportadoras almasas, autom\u00f3viles y maquinaria\u00bb, prosigue gern. Los productos Farmac\u00e9uticos, Los Aviones y Los Barcos Hijo Algunas de Las Excepciones Positivas A ESTA CA\u00cdDA.<\/p>\n<p>Gern Dice que Las Cargas Regulatorias, La Decadencia de la Infraestructura P\u00fablica y la incertidumbre general en torno a la pol\u00edtica eCon\u00f3mica son de origen local. Pero Sedala Un problema adicional: La Demografia. La Generaci\u00f3n de los<em> \u00abBaby Boomers\u00bb<\/em> -Personas que tienen entre 56 y 73 A\u00f1os- Que Est\u00e1 Dejando el Mercado Laboral, Con Lo Cual, La Falta Real de Trabajadores Cualificados empeorar\u00e1, Explica. Si Alemania no Puede Atraer A Trabajadores Cualificados Extranjeros, ESTA DESACELERACI\u00d3N DEMOGRAF\u00c1FICA PODRIA \u00abREDUCIR EL CRECIMIENTO POTENCIAL DE LA PROCCIRON EN ALEMANIA\u00bb, Advierte.<\/p>\n<p>A TODO ESTO, SE SUMAN LOS COSTOS DE LA LA ENERGIA PARA LA PRODUCCI\u00d3N, Especialme la electricidad y el gas. Durante A\u00f1os, La Industria Alemana dependi\u00f3 del Gas Ruso Barato, Pero, Desde la Invasi\u00f3n Rusa de Ucrania, EN 2022, Alemania dej\u00f3 de compro Gas Natural de Rusia, y El Pa\u00eds se vio obligado un buscar Energ\u00eda en ootra y los precios subieron.<\/p>\n<p>\u00abEl Aumento de los Precios del Gas Tambi\u00e9n Hace Subir Los Precios de la Electricidad, Ya que el Gas Sigue Sido un Componente Clave en la Generaci\u00f3nica de Electricidad\u00bb, Explica a Dw Conals Heussaff, Analista de Investigaci\u00f3n del Grupo de Expertos Bruegel, Con Sede en Bruselas.<\/p>\n<p><span data-slot-id=\"Article_InContent-1\" class=\"rich-text-ad\"\/><\/p>\n<h2>Dura competencia directa desde China<\/h2>\n<p>La otra Gran Dispaci\u00f3n en el Modelo Industrial Alem\u00e1n es El Crecimiento Econ\u00f3mico de China. Al Inicio de Este Siglo, China Todav\u00eda Produc\u00eda y Exportaba Principalmento Productos Elect\u00f3nicos, ROPA y Electrodomisisicos, y era un importante comprador de la ingenier\u00eda alemana. Para muchas m\u00e1s Empresas Almasas, El Mercado Chino era la Fuente M\u00e1s IMPORTANTE DE CRECIMIENTO.<\/p>\n<p>Pero Ahora China Est\u00e1 Fabricando sus propios Veh\u00edculos y OTROS Bienes que Compiten Directameo Con Alemania. Los productos Fabricados en China Est\u00e1n Apoder\u00e1ndosa de Su Mercado Interno y Extendi\u00e9ndosa Mucho M\u00c1S ALL\u00c1.<\/p>\n<p>Sin embargo, alemania Puede Aumar su competitividad, Opina Klaus Wohlrabe. El Pa\u00eds Deber\u00eda \u00abPriorizar Las Inversiones en Educaci\u00f3n, Infraestructura, Protecci\u00f3n del Clima y Defensa, Al Tiempo que reduzca los subsidios y las transferencias sociales de los ineficientes\u00bb, Dice. Asimismo, ONU Suministro Energ\u00e9tico Diversificado y seguro esencial.<\/p>\n<p>Es importante reforzar las infraestructuras p\u00fablicas y garantizar un suministro energ\u00e9tico fialo fondado de un precio razonable, coincide klaus-j\u00fcrgen gern. \u00abReducir Los Impuestos Corporativos y Mejorar Los Incentivos a la Inversi\u00f3n es S\u00f3lo unemento Aqu\u00ed\u00bb, afirma. Reducir la Burocracia, Los Obst\u00e1culos Burocrafos y los requisitos de presente de presente de informes Hijo Otras Formas de Volver a Encarrilar A Las Industrias Almasas.<\/p>\n<p>(CP\/MS)<\/p>\n<\/div>\n\n","protected":false},"excerpt":{"rendered":"<p>En el Per\u00edodo Previo a Las Elecciones anticipadas al Parlamento Alem\u00e1n del Domingo, 23 de febrero, Gran parte de la atenci\u00f3n se ha centrado en la migraci\u00f3nis, pero alcalde econom\u00eda de europa ha estado en recesi\u00f3ni durante los \u00daculos dos a\u00edm. El probable Ganador de Las Elecciones, Friedrich Merz, L\u00edder de la Conservadora Uni\u00f3n Dem\u00f3crata &hellip;<\/p>\n","protected":false},"author":1,"featured_media":15590,"comment_status":"open","ping_status":"open","sticky":false,"template":"","format":"standard","meta":{"fifu_image_url":"https:\/\/static.dw.com\/image\/71642761_6.jpg","fifu_image_alt":"","footnotes":""},"categories":[13],"tags":[],"class_list":["post-15589","post","type-post","status-publish","format-standard","has-post-thumbnail","","category-mundo"],"_links":{"self":[{"href":"https:\/\/noticiasveraces.com\/index.php?rest_route=\/wp\/v2\/posts\/15589","targetHints":{"allow":["GET"]}}],"collection":[{"href":"https:\/\/noticiasveraces.com\/index.php?rest_route=\/wp\/v2\/posts"}],"about":[{"href":"https:\/\/noticiasveraces.com\/index.php?rest_route=\/wp\/v2\/types\/post"}],"author":[{"embeddable":true,"href":"https:\/\/noticiasveraces.com\/index.php?rest_route=\/wp\/v2\/users\/1"}],"replies":[{"embeddable":true,"href":"https:\/\/noticiasveraces.com\/index.php?rest_route=%2Fwp%2Fv2%2Fcomments&post=15589"}],"version-history":[{"count":0,"href":"https:\/\/noticiasveraces.com\/index.php?rest_route=\/wp\/v2\/posts\/15589\/revisions"}],"wp:featuredmedia":[{"embeddable":true,"href":"https:\/\/noticiasveraces.com\/index.php?rest_route=\/wp\/v2\/media\/15590"}],"wp:attachment":[{"href":"https:\/\/noticiasveraces.com\/index.php?rest_route=%2Fwp%2Fv2%2Fmedia&parent=15589"}],"wp:term":[{"taxonomy":"category","embeddable":true,"href":"https:\/\/noticiasveraces.com\/index.php?rest_route=%2Fwp%2Fv2%2Fcategories&post=15589"},{"taxonomy":"post_tag","embeddable":true,"href":"https:\/\/noticiasveraces.com\/index.php?rest_route=%2Fwp%2Fv2%2Ftags&post=15589"}],"curies":[{"name":"wp","href":"https:\/\/api.w.org\/{rel}","templated":true}]}}