{"id":15541,"date":"2025-02-20T18:27:18","date_gmt":"2025-02-20T22:27:18","guid":{"rendered":"https:\/\/noticiasveraces.com\/?p=15541"},"modified":"2025-02-20T18:27:18","modified_gmt":"2025-02-20T22:27:18","slug":"el-embajador-de-la-onu-de-israel-condena-la-exhibicion-malvada-y-depravada-de-hamas-de-ataudes-de-rehenes","status":"publish","type":"post","link":"https:\/\/noticiasveraces.com\/?p=15541","title":{"rendered":"El embajador de la ONU de Israel condena la exhibici\u00f3n &#8216;malvada y depravada&#8217; de Hamas de ata\u00fades de rehenes"},"content":{"rendered":"<p> \n<\/p>\n<div>\n<p class=\"speakable\">Los cuerpos de Shiri, Kfir y Ariel Bibas y Oded Lifshitz fueron devueltos a Israel m\u00e1s de 500 d\u00edas despu\u00e9s de que los cuatro fueron tomados como rehenes. Sin embargo, Hamas no hab\u00eda terminado de faltarle el respeto y usar los rehenes. <\/p>\n<p class=\"speakable\">Los ata\u00fades que contienen los restos de los cuatro rehenes israel\u00edes asesinados se exhibieron en una ceremonia que ha sido condenado casi universalmente. Los cuatro ata\u00fades fueron dise\u00f1ados en el escenario frente a una caricatura grotesca del primer ministro israel\u00ed Benjamin Netanyahu y una pancarta que dec\u00eda en ingl\u00e9s: \u00abEl criminal de guerra Netanyahu y su ej\u00e9rcito nazi los mataron con misiles de aviones de combate sionistas\u00bb.<\/p>\n<p>En el ata\u00fad supuestamente conten\u00eda a Shiri Bibas hab\u00eda una foto de la joven madre junto a las palabras \u00abfecha de arresto\u00bb y la fecha de los ataques del 7 de octubre. En el momento de este escrito, Israel solo ha confirmado la identidad de Lifshitz. <\/p>\n<div class=\"image-ct inline\">\n<div class=\"m\"><picture><source media=\"(max-width: 767px)\" srcset=\"https:\/\/a57.foxnews.com\/static.foxnews.com\/foxnews.com\/content\/uploads\/2025\/02\/343\/192\/israel-4-split.png?ve=1&amp;tl=1, https:\/\/a57.foxnews.com\/static.foxnews.com\/foxnews.com\/content\/uploads\/2025\/02\/686\/384\/israel-4-split.png?ve=1&amp;tl=1 2x\" height=\"192\" width=\"343\"><source media=\"(min-width: 768px) and (max-width: 1023px)\" srcset=\"https:\/\/a57.foxnews.com\/static.foxnews.com\/foxnews.com\/content\/uploads\/2025\/02\/672\/378\/israel-4-split.png?ve=1&amp;tl=1, https:\/\/a57.foxnews.com\/static.foxnews.com\/foxnews.com\/content\/uploads\/2025\/02\/1344\/756\/israel-4-split.png?ve=1&amp;tl=1 2x\" height=\"378\" width=\"672\"><source media=\"(min-width: 1024px) and (max-width: 1279px)\" srcset=\"https:\/\/a57.foxnews.com\/static.foxnews.com\/foxnews.com\/content\/uploads\/2025\/02\/931\/523\/israel-4-split.png?ve=1&amp;tl=1, https:\/\/a57.foxnews.com\/static.foxnews.com\/foxnews.com\/content\/uploads\/2025\/02\/1862\/1046\/israel-4-split.png?ve=1&amp;tl=1 2x\" height=\"523\" width=\"931\"><source media=\"(min-width: 1280px)\" srcset=\"https:\/\/a57.foxnews.com\/static.foxnews.com\/foxnews.com\/content\/uploads\/2025\/02\/720\/405\/israel-4-split.png?ve=1&amp;tl=1, https:\/\/a57.foxnews.com\/static.foxnews.com\/foxnews.com\/content\/uploads\/2025\/02\/1440\/810\/israel-4-split.png?ve=1&amp;tl=1 2x\" height=\"405\" width=\"720\"><img loading=\"lazy\" decoding=\"async\" src=\"https:\/\/a57.foxnews.com\/static.foxnews.com\/foxnews.com\/content\/uploads\/2025\/02\/1200\/675\/israel-4-split.png?ve=1&amp;tl=1\" alt=\"Rehenes israel\u00edes asesinados publicados por Hamas el 20 de febrero\" width=\"1200\" height=\"675\"\/><\/source><\/source><\/source><\/source><\/picture><\/div>\n<div class=\"info\">\n<div class=\"caption\">\n<p><span>LR: Shiri Bibas, Kfir Bibas, Ariel Bibas y Oded Lifshitz.<\/span> <span>(Foro familiar de rehenes a trav\u00e9s de AP)<\/span><\/p>\n<\/div>\n<\/div>\n<\/div>\n<p><strong>Hamas entrega cuerpos de 4 israel\u00edes asesinados, incluidos Shiri Bibas y sus dos ni\u00f1os peque\u00f1os<\/strong><\/p>\n<p>\u00abSeg\u00fan el derecho internacional, cualquier entrega de los restos de [the] El fallecido debe cumplir con la prohibici\u00f3n de un tratamiento cruel, inhumano o degradante, asegurando el respeto por la dignidad de los fallecidos y sus familias \u00ab, tuite\u00f3 las Naciones Unidas Ginebra, atribuyendo la cita al Alto Comisionado de los Derechos Humanos Volker T\u00fcrk.<\/p>\n<p>Sin embargo, la condena de T\u00fcrk a la ceremonia de Hamas llam\u00f3 a Hollow para muchos que se\u00f1alaron la renuencia de la ONU a condenar a la organizaci\u00f3n terrorista por su nombre.<\/p>\n<p>\u00abHamas desfilando cuatro ata\u00fades en el escenario de la m\u00fasica es malvado y depravado\u00bb, dijo el embajador de la ONU israel\u00ed, Danny Danon, en un comunicado a Fox News Digital. <\/p>\n<p>\u00abDurante 16 meses, Israel ha estado luchando contra una organizaci\u00f3n terrorista trastornada que no da valor a la vida humana, especialmente si es israel\u00ed o jud\u00edo, todo mientras que las instituciones internacionales como la ONU se abstienen de condenar a Hamas y exigir formalmente el retorno inmediato de nuestros rehenes. \u00ab<\/p>\n<div class=\"image-ct inline\">\n<div class=\"m\"><picture><source media=\"(max-width: 767px)\" srcset=\"https:\/\/a57.foxnews.com\/static.foxnews.com\/foxnews.com\/content\/uploads\/2024\/08\/343\/192\/PHOTO-2024-08-27-15-56-07.jpg?ve=1&amp;tl=1, https:\/\/a57.foxnews.com\/static.foxnews.com\/foxnews.com\/content\/uploads\/2024\/08\/686\/384\/PHOTO-2024-08-27-15-56-07.jpg?ve=1&amp;tl=1 2x\" height=\"192\" width=\"343\"><source media=\"(min-width: 768px) and (max-width: 1023px)\" srcset=\"https:\/\/a57.foxnews.com\/static.foxnews.com\/foxnews.com\/content\/uploads\/2024\/08\/672\/378\/PHOTO-2024-08-27-15-56-07.jpg?ve=1&amp;tl=1, https:\/\/a57.foxnews.com\/static.foxnews.com\/foxnews.com\/content\/uploads\/2024\/08\/1344\/756\/PHOTO-2024-08-27-15-56-07.jpg?ve=1&amp;tl=1 2x\" height=\"378\" width=\"672\"><source media=\"(min-width: 1024px) and (max-width: 1279px)\" srcset=\"https:\/\/a57.foxnews.com\/static.foxnews.com\/foxnews.com\/content\/uploads\/2024\/08\/931\/523\/PHOTO-2024-08-27-15-56-07.jpg?ve=1&amp;tl=1, https:\/\/a57.foxnews.com\/static.foxnews.com\/foxnews.com\/content\/uploads\/2024\/08\/1862\/1046\/PHOTO-2024-08-27-15-56-07.jpg?ve=1&amp;tl=1 2x\" height=\"523\" width=\"931\"><source media=\"(min-width: 1280px)\" srcset=\"https:\/\/a57.foxnews.com\/static.foxnews.com\/foxnews.com\/content\/uploads\/2024\/08\/720\/405\/PHOTO-2024-08-27-15-56-07.jpg?ve=1&amp;tl=1, https:\/\/a57.foxnews.com\/static.foxnews.com\/foxnews.com\/content\/uploads\/2024\/08\/1440\/810\/PHOTO-2024-08-27-15-56-07.jpg?ve=1&amp;tl=1 2x\" height=\"405\" width=\"720\"><img loading=\"lazy\" decoding=\"async\" src=\"https:\/\/a57.foxnews.com\/static.foxnews.com\/foxnews.com\/content\/uploads\/2024\/08\/1200\/675\/PHOTO-2024-08-27-15-56-07.jpg?ve=1&amp;tl=1\" alt=\"Asamblea de las Naciones Unidas\" width=\"1200\" height=\"675\"\/><\/source><\/source><\/source><\/source><\/picture><\/div>\n<div class=\"info\">\n<div class=\"caption\">\n<p><span>Miembro permanente israel\u00ed de las Naciones Unidas, Danny Danon, habla durante una sesi\u00f3n del Consejo de Seguridad en la sede de la ciudad de Nueva York.<\/span> <span>(Misi\u00f3n de las Naciones Unidas de Israel)<\/span><\/p>\n<\/div>\n<\/div>\n<\/div>\n<p><strong>Danny Danon reacciona a los rehenes israel\u00edes que se liberan en mala salud: \u00abEliminar a Hamas es la \u00fanica soluci\u00f3n\u00bb<\/strong><\/p>\n<p>El 7 de octubre de 2023, T\u00fcrk present\u00f3 una declaraci\u00f3n que parec\u00eda equiparar los ataques de Hamas con la respuesta de Israel, diciendo que estaba \u00abconmocionado y horrorizado\u00bb por los violentos ataques y condenando la respuesta de Israel.<\/p>\n<p>La directora del Instituto Touro sobre Derechos Humanos y el Holocausto y el Presidente y Voz de Derechos Humanos, Anne Bayefsky, acus\u00f3 a T\u00fcrk de ser \u00abuno de los principales impulsores del terrorismo palestino y el antisemitismo global en el mundo de hoy\u00bb.<\/p>\n<p>\u00ab\u00c9l [T\u00fcrk] Personifica el uso y el abuso de los &#8216;derechos humanos&#8217; como un frente para perpetrar el mal. Tiene sangre en sus manos \u00ab, dijo Bayefsky a Fox News Digital.\u00bb Volker T\u00fcrk, el principal funcionario de los derechos humanos de la ONU, es un fraude de derechos humanos que tiene m\u00e1s preocupaci\u00f3n por los jud\u00edos despu\u00e9s de la muerte que salvar la vida jud\u00eda del salvajismo palestino antes de que se hayan perecido. \u00ab<\/p>\n<div class=\"image-ct inline\">\n<div class=\"m\"><picture><source media=\"(max-width: 767px)\" srcset=\"https:\/\/a57.foxnews.com\/static.foxnews.com\/foxnews.com\/content\/uploads\/2025\/02\/343\/192\/volker-turk.jpg?ve=1&amp;tl=1, https:\/\/a57.foxnews.com\/static.foxnews.com\/foxnews.com\/content\/uploads\/2025\/02\/686\/384\/volker-turk.jpg?ve=1&amp;tl=1 2x\" height=\"192\" width=\"343\"><source media=\"(min-width: 768px) and (max-width: 1023px)\" srcset=\"https:\/\/a57.foxnews.com\/static.foxnews.com\/foxnews.com\/content\/uploads\/2025\/02\/672\/378\/volker-turk.jpg?ve=1&amp;tl=1, https:\/\/a57.foxnews.com\/static.foxnews.com\/foxnews.com\/content\/uploads\/2025\/02\/1344\/756\/volker-turk.jpg?ve=1&amp;tl=1 2x\" height=\"378\" width=\"672\"><source media=\"(min-width: 1024px) and (max-width: 1279px)\" srcset=\"https:\/\/a57.foxnews.com\/static.foxnews.com\/foxnews.com\/content\/uploads\/2025\/02\/931\/523\/volker-turk.jpg?ve=1&amp;tl=1, https:\/\/a57.foxnews.com\/static.foxnews.com\/foxnews.com\/content\/uploads\/2025\/02\/1862\/1046\/volker-turk.jpg?ve=1&amp;tl=1 2x\" height=\"523\" width=\"931\"><source media=\"(min-width: 1280px)\" srcset=\"https:\/\/a57.foxnews.com\/static.foxnews.com\/foxnews.com\/content\/uploads\/2025\/02\/720\/405\/volker-turk.jpg?ve=1&amp;tl=1, https:\/\/a57.foxnews.com\/static.foxnews.com\/foxnews.com\/content\/uploads\/2025\/02\/1440\/810\/volker-turk.jpg?ve=1&amp;tl=1 2x\" height=\"405\" width=\"720\"><img loading=\"lazy\" decoding=\"async\" src=\"https:\/\/a57.foxnews.com\/static.foxnews.com\/foxnews.com\/content\/uploads\/2025\/02\/1200\/675\/volker-turk.jpg?ve=1&amp;tl=1\" alt=\"Volker T\u00fcrk, Alto Comisionado de los Derechos Humanos\" width=\"1200\" height=\"675\"\/><\/source><\/source><\/source><\/source><\/picture><\/div>\n<div class=\"info\">\n<div class=\"caption\">\n<p><span>El Alto Comisionado de las Naciones Unidas para los Derechos Humanos Volker T\u00fcrk celebra una conferencia de prensa en Damasco, Siria, el 15 de enero de 2025. <\/span> <span>(Reuters\/Yamam Al Shaar)<\/span><\/p>\n<\/div>\n<\/div>\n<\/div>\n<p><strong>&#8216;Ning\u00fan pa\u00eds sensato representar\u00eda esto&#8217;: los legisladores lanzan un esfuerzo para retirarnos de la ONU<\/strong><\/p>\n<p>La Organizaci\u00f3n de los Vigilizadores de las Naciones Unidas, Un Watch, pidi\u00f3 la renuncia de T\u00fcrk en su informe de diciembre de 2024 que muestra que el comisionado de derechos humanos conden\u00f3 a los Estados Unidos m\u00e1s que en China, Corea del Norte, Cuba, Arabia Saudita y Qatar combinados. La organizaci\u00f3n tambi\u00e9n acus\u00f3 a T\u00fcrk de centrarse en el estado jud\u00edo.<\/p>\n<p>\u00abT\u00fcrk estaba obsesionado con condenar a Israel, la \u00fanica democracia en el Medio Oriente, haciendo 58 condenas durante los \u00faltimos dos a\u00f1os, con 49 en la guerra de Hamas-Israel. Para poner esto en perspectiva, durante los mismos dos a\u00f1os, el r\u00e9gimen de Maduro Venezuela fue criticada solo 4 veces \u00ab, dice el informe.<\/p>\n<p><strong><u>Haga clic aqu\u00ed para obtener la aplicaci\u00f3n Fox News<\/u><\/strong><\/p>\n<p>Despu\u00e9s de los ataques del 7 de octubre, Shiri Bibas y sus hijos, Kfir y Ariel, se convirtieron en s\u00edmbolos de la brutalidad de Hamas. La imagen de una madre aterrorizada sosteniendo a su hijo de 4 y 9 meses se extendi\u00f3 r\u00e1pidamente por todo el mundo. Yarden Bibas, el esposo de Shiri y el padre de Kfir y Ariel, fue tomado cautivo por separado y finalmente fue liberado de Gaza el 1 de febrero.<\/p>\n<p>Adem\u00e1s de los cuerpos de la familia Bibas y Lifshitz, Israel se est\u00e1 preparando para recibir seis rehenes vivos el s\u00e1bado como parte de su acuerdo de alto el fuego en curso con Hamas.<\/p>\n<p>Fox News Digital se comunic\u00f3 con la Oficina del Alto Comisionado de Derechos Humanos, pero no recibi\u00f3 una respuesta a tiempo para su publicaci\u00f3n. <\/p>\n<p> <!----> <\/p>\n<div class=\"article-meta\">\n<div class=\"author-bio\">\n<p>Rachel Wolf es una escritora de noticias de Fox News Digital y Fox Business.<\/p>\n<\/div>\n<\/div>\n<\/div>\n\n","protected":false},"excerpt":{"rendered":"<p>Los cuerpos de Shiri, Kfir y Ariel Bibas y Oded Lifshitz fueron devueltos a Israel m\u00e1s de 500 d\u00edas despu\u00e9s de que los cuatro fueron tomados como rehenes. Sin embargo, Hamas no hab\u00eda terminado de faltarle el respeto y usar los rehenes. Los ata\u00fades que contienen los restos de los cuatro rehenes israel\u00edes asesinados se &hellip;<\/p>\n","protected":false},"author":1,"featured_media":15543,"comment_status":"open","ping_status":"open","sticky":false,"template":"","format":"standard","meta":{"fifu_image_url":"https:\/\/static.foxnews.com\/foxnews.com\/content\/uploads\/2025\/02\/israel-4-split.png","fifu_image_alt":"","footnotes":""},"categories":[13],"tags":[],"class_list":["post-15541","post","type-post","status-publish","format-standard","has-post-thumbnail","","category-mundo"],"_links":{"self":[{"href":"https:\/\/noticiasveraces.com\/index.php?rest_route=\/wp\/v2\/posts\/15541","targetHints":{"allow":["GET"]}}],"collection":[{"href":"https:\/\/noticiasveraces.com\/index.php?rest_route=\/wp\/v2\/posts"}],"about":[{"href":"https:\/\/noticiasveraces.com\/index.php?rest_route=\/wp\/v2\/types\/post"}],"author":[{"embeddable":true,"href":"https:\/\/noticiasveraces.com\/index.php?rest_route=\/wp\/v2\/users\/1"}],"replies":[{"embeddable":true,"href":"https:\/\/noticiasveraces.com\/index.php?rest_route=%2Fwp%2Fv2%2Fcomments&post=15541"}],"version-history":[{"count":0,"href":"https:\/\/noticiasveraces.com\/index.php?rest_route=\/wp\/v2\/posts\/15541\/revisions"}],"wp:featuredmedia":[{"embeddable":true,"href":"https:\/\/noticiasveraces.com\/index.php?rest_route=\/wp\/v2\/media\/15543"}],"wp:attachment":[{"href":"https:\/\/noticiasveraces.com\/index.php?rest_route=%2Fwp%2Fv2%2Fmedia&parent=15541"}],"wp:term":[{"taxonomy":"category","embeddable":true,"href":"https:\/\/noticiasveraces.com\/index.php?rest_route=%2Fwp%2Fv2%2Fcategories&post=15541"},{"taxonomy":"post_tag","embeddable":true,"href":"https:\/\/noticiasveraces.com\/index.php?rest_route=%2Fwp%2Fv2%2Ftags&post=15541"}],"curies":[{"name":"wp","href":"https:\/\/api.w.org\/{rel}","templated":true}]}}