{"id":15528,"date":"2025-02-20T17:21:02","date_gmt":"2025-02-20T21:21:02","guid":{"rendered":"https:\/\/noticiasveraces.com\/?p=15528"},"modified":"2025-02-20T17:21:02","modified_gmt":"2025-02-20T21:21:02","slug":"yo-parece-llamativo-y-raro-que-no-haya-sentencia-por-las-coacciones","status":"publish","type":"post","link":"https:\/\/noticiasveraces.com\/?p=15528","title":{"rendered":"\u00abYo Parece Llamativo y Raro que no Haya Sentencia por Las Coacciones\u00bb"},"content":{"rendered":"<p> \n<\/p>\n<div id=\"intext\">\n<p>Irene Paredes, Central de la Selecci\u00f3n y Una de las Capitanas, Dice Que le Parece \u00abLlamativo o Raro\u00bb Que en El Juicio Por El &#8216;Cano Rubiales&#8217; <b>No Haya una Sentencia por Las Coacciones A Jenni Hermoso<\/b>.<\/p>\n<p>Tanto Luis Rubiales Como el exentrenador de la selecci\u00f3n femenina jorge vilda, el exdirector de f\u00fatbol masculina albert luque y el exdirector de marketing de la federaci\u00f3n Rub\u00e9nn Rivera Han Sido Absueltos delitos de Coacciones A Hermoso del Estaban ACUSADOS.<\/p>\n<blockquote class=\"blockquote \">\n<p class=\"blockquote__quote\">\u00abNosotras que se vamos, respetamos a la justicia y lo dem\u00e1s es estar centradas en el partido de b\u00e9lgica\u00bb<\/p>\n<\/blockquote>\n<p>\u00abParece la Noticia del D\u00eda, lo que Puedo Defir es Que <b>me parece acertada la condena por agesi\u00f3n sexual<\/b>pero me parece llameLantivo o raro que no Haya sentencia por las coacciones. Lo que tuve que decir lo dije en el Juicio, es el Juez el Que Ha dictado sentencia y en Eso no me Puedo Meter \u00ab, Dijo Paredes.<\/p>\n<p>En la Rueda de Prensa Previa al debut de Espa\u00f1a en la Liga de las Naciones en el Ciutat de Val\u00e8ncia, La Central Vasca Expres\u00f3 que sus Palabras hijo \u00abEl Resumen del Sentir del Vestuario\u00bb.<\/p>\n<p>\u00abNosotras que se vamos, un respetamos a la justicia y lo dem\u00e1s es estar centradas en el Partido de B\u00e9lgica de Este Viernes\u00bb, Dijo.<\/p>\n<p>Asimismo, paredes confes\u00f3 que justamento ha salido un habar en un d\u00eda comogo Hoy porque es una de las capitana: \u00absab\u00eda, porque nos conocemos unpoco, que tender tendr\u00eda muchas bases preenguntas, peticiones &#8230; considerar un buen momento salir en rueda de prensa y responderos a a au TODO LO QUER QUERAIS \u00ab, dijo.<\/p>\n<p>Por \u00daltimo, la zaguera azulgrana tambi\u00e9n indic\u00f3 que no ha podido hablar con jenni Hermoso Todav\u00eda, Pero que lo har\u00e1 Pronto: \u00abNo S\u00e9 C\u00d3MO Est\u00e1, Pero Hay Ciertas que se quedar\u00e1n Entre nosotras\u00bb, Aposill\u00f3.<\/p>\n<h2 class=\"title-h2\">IgualDad: \u00abCuando no hay consentimento, heno agresi\u00f3n\u00bb<\/h2>\n<p>Por su parte, la Ministra de Igualdad, Ana Redondo, Ha subrayado Que la Condena A Luis Rubiales por Agresi\u00f3n Contra Sexual la Futbolista Jennifer Hermoso Certificado de que \u00abCuando No hay consentimiento de heno de heno Agresi\u00f3no\u00bb Y Ha Defendido Que la Palabra de la V\u00edcima respetar.<\/p>\n<p>\u00abCuando no hay consentimiento de heno de heno agresi\u00f3n y eSo es lo que certificado el juez en la sentencia. Con Independendend de que se recurra por parte de la fiscal\u00eda, la palabra de la v\u00edctima se respeta, tal como marca marca laa ley, sin retrato cuestario\u00bb \u00bb , Ha Escrito Redondo Este Jueves en la Red Social X.<\/p>\n<p>\u00abLo importante es destacar que un beso no consentido es una agresi\u00f3n sexual. (&#8230;) la aplicacia de la ley espernza de libertad de permanencia sexual decir con contenencia que las mujeres no se cuestionan, que la la palabra de la v\u00edctima tinee ser entendida entendi , tiene que ser escuchada y no Cuestionada, no se pude revictimizar a la V\u00edcima.<\/p>\n<p><i>S\u00edguenos en nuestro canal de whatsapp y no te Pierdas la \u00daLtima Hora y Toda la actualidad de antena3noticias.com<\/i><\/p>\n<div class=\"recirculation-video\" data-mod=\"a3mod_recirculation_video\">\n<div class=\"recirculation-video-wrapper\">\n<div>\n<div class=\"video-wrapper\">\n  <picture class=\"video-main-picture\"><source media=\"(min-width: 481px)\" srcset=\"https:\/\/fotografias.antena3.com\/clipping\/cmsimages01\/2025\/02\/19\/C86272EB-6E7A-484A-B00A-ED0ED8992602\/carlos-soria-1000-metros-cumbre-aconcagua-sus-86-anos_94.jpg?crop=640,360,x0,y0&amp;width=800&amp;height=450&amp;optimize=medium&amp;format=webply\" width=\"800\" height=\"450\"><source media=\"(min-width: 391px) and (max-width: 480px)\" srcset=\"https:\/\/fotografias.antena3.com\/clipping\/cmsimages01\/2025\/02\/19\/C86272EB-6E7A-484A-B00A-ED0ED8992602\/carlos-soria-1000-metros-cumbre-aconcagua-sus-86-anos_70.jpg?crop=640,360,x0,y0&amp;width=480&amp;height=270&amp;optimize=high&amp;format=webply\" width=\"480\" height=\"270\"><source media=\"(min-width: 321px) and (max-width: 390px)\" srcset=\"https:\/\/fotografias.antena3.com\/clipping\/cmsimages01\/2025\/02\/19\/C86272EB-6E7A-484A-B00A-ED0ED8992602\/carlos-soria-1000-metros-cumbre-aconcagua-sus-86-anos_92.jpg?crop=640,359,x0,y0&amp;width=390&amp;height=219&amp;optimize=high&amp;format=webply\" width=\"390\" height=\"219\"><source media=\"(max-width: 320px)\" srcset=\"https:\/\/fotografias.antena3.com\/clipping\/cmsimages01\/2025\/02\/19\/C86272EB-6E7A-484A-B00A-ED0ED8992602\/carlos-soria-1000-metros-cumbre-aconcagua-sus-86-anos_52.jpg?crop=640,360,x0,y0&amp;width=320&amp;height=180&amp;optimize=high&amp;format=webply\" width=\"320\" height=\"180\"><img decoding=\"async\" title=\"Carlos Soria, un 1.000 Metro de la Cumbre del Aconcagua A SUS 86 A\u00f1os\" alt=\"Carlos Soria, un 1.000 Metro de la Cumbre del Aconcagua A SUS 86 A\u00f1os\" width=\"480\" height=\"270\" src=\"https:\/\/fotografias.antena3.com\/clipping\/cmsimages01\/2025\/02\/19\/C86272EB-6E7A-484A-B00A-ED0ED8992602\/carlos-soria-1000-metros-cumbre-aconcagua-sus-86-anos_70.jpg?crop=640,360,x0,y0&amp;width=480&amp;height=270&amp;optimize=high&amp;format=webply\" loading=\"lazy\" class=\"lazy\"\/><br \/>\n  <\/source><\/source><\/source><\/source><\/picture>\n <\/div>\n<\/div><\/div>\n<\/p><\/div>\n<\/div>\n\n","protected":false},"excerpt":{"rendered":"<p>Irene Paredes, Central de la Selecci\u00f3n y Una de las Capitanas, Dice Que le Parece \u00abLlamativo o Raro\u00bb Que en El Juicio Por El &#8216;Cano Rubiales&#8217; No Haya una Sentencia por Las Coacciones A Jenni Hermoso. Tanto Luis Rubiales Como el exentrenador de la selecci\u00f3n femenina jorge vilda, el exdirector de f\u00fatbol masculina albert luque &hellip;<\/p>\n","protected":false},"author":1,"featured_media":15530,"comment_status":"open","ping_status":"open","sticky":false,"template":"","format":"standard","meta":{"fifu_image_url":"https:\/\/fotografias.antena3.com\/clipping\/cmsimages02\/2023\/09\/22\/90B6D383-4A62-4280-BA95-C6F3D5AB567E\/jenni-hermoso-junto-alexia-putellas-irene-paredes_69.jpg?crop=4273,2404,x0,y264&width=1280&height=720&optimize=low&format=jpg","fifu_image_alt":"","footnotes":""},"categories":[6],"tags":[],"class_list":["post-15528","post","type-post","status-publish","format-standard","has-post-thumbnail","","category-deportes"],"_links":{"self":[{"href":"https:\/\/noticiasveraces.com\/index.php?rest_route=\/wp\/v2\/posts\/15528","targetHints":{"allow":["GET"]}}],"collection":[{"href":"https:\/\/noticiasveraces.com\/index.php?rest_route=\/wp\/v2\/posts"}],"about":[{"href":"https:\/\/noticiasveraces.com\/index.php?rest_route=\/wp\/v2\/types\/post"}],"author":[{"embeddable":true,"href":"https:\/\/noticiasveraces.com\/index.php?rest_route=\/wp\/v2\/users\/1"}],"replies":[{"embeddable":true,"href":"https:\/\/noticiasveraces.com\/index.php?rest_route=%2Fwp%2Fv2%2Fcomments&post=15528"}],"version-history":[{"count":0,"href":"https:\/\/noticiasveraces.com\/index.php?rest_route=\/wp\/v2\/posts\/15528\/revisions"}],"wp:featuredmedia":[{"embeddable":true,"href":"https:\/\/noticiasveraces.com\/index.php?rest_route=\/wp\/v2\/media\/15530"}],"wp:attachment":[{"href":"https:\/\/noticiasveraces.com\/index.php?rest_route=%2Fwp%2Fv2%2Fmedia&parent=15528"}],"wp:term":[{"taxonomy":"category","embeddable":true,"href":"https:\/\/noticiasveraces.com\/index.php?rest_route=%2Fwp%2Fv2%2Fcategories&post=15528"},{"taxonomy":"post_tag","embeddable":true,"href":"https:\/\/noticiasveraces.com\/index.php?rest_route=%2Fwp%2Fv2%2Ftags&post=15528"}],"curies":[{"name":"wp","href":"https:\/\/api.w.org\/{rel}","templated":true}]}}