{"id":15524,"date":"2025-02-20T16:20:27","date_gmt":"2025-02-20T20:20:27","guid":{"rendered":"https:\/\/noticiasveraces.com\/?p=15524"},"modified":"2025-02-20T16:20:27","modified_gmt":"2025-02-20T20:20:27","slug":"canada-declara-terroristas-a-los-carteles-mexicanos-dw-20-02-2025","status":"publish","type":"post","link":"https:\/\/noticiasveraces.com\/?p=15524","title":{"rendered":"Canad\u00e1 Declara \u00abTerroristas\u00bb A Los C\u00e1rteles mexicanos &#8211; DW &#8211; 20\/02\/2025"},"content":{"rendered":"<p> \n<\/p>\n<div>\n<p>Canad\u00e1 anunci\u00f3 Este Jueves (20.02.2025) La inclusi\u00f3n de las organizaciones de Siete Criminales, incluidos c\u00e1rteles del narcotr\u00e1fico la droga de M\u00e9xico. El Ministro de Seguridad P\u00fablica de Canad\u00e1, David McGuinty, Anunci\u00f3 la Medida Hoy en Ottawa, Un D\u00eda Despu\u00e9s de Que la Administraci\u00f3n del Del Presidente Estadounidense, Donald Trump, Formalizara la inclusi\u00f3n de los C\u00e1rteles en Su Listado de Terrupos Terroristas, CoSoLOLOA, SEDALOA, Jalisco Nueva Generaci\u00f3n, Noroeste, Golfo, Nueva Familia Michoacana y Unidos.<\/p>\n<p>McGuinty Neg\u00f3 que la Medida Haya Sido Coordinada Con el Gobierno Estadounidense A Pesar de Que se Produjo un D\u00eda Despu\u00e9s. \u00abCanad\u00e1 es un pa\u00eds Soberano e Independiente. La Decisi\u00f3n de incluir (LAS Organizaciones Criminales) Es Soberana E Independiente. La Raz\u00f3n es Mantener Nuestras Comunidades Seguras\u00bb, Dijo.<\/p>\n<p>\u00abESTAS Entidadas incluidas en la lista hijo Grupos del Crimen Organizado que siembran el Miedo en Las Poblosas Medianito El Uso de M\u00e9todos de Extreme Violencia y Son Conocidos por el Tr\u00e1fico de Drogas, El Tr\u00e1fico de Personas y El de Armasgales\u00bb, Dijo A Los periodistas en la capital canadiense. \u00abLas Medidas que Estamos Tomando Mantendr\u00e1n El Fentanilo Fuer de Las Calles y Evitar\u00e1n de Ingrese A Los Estados Unidos\u00bb, A\u00f1adi\u00f3.<\/p>\n<p>Precisam\u00e9 Este Jueves, LA Presidente de M\u00e9xico, Claudia Sheinbaum, Anunci\u00f3 dos Reformas a la Constituci\u00f3n para protegerger al Pa\u00eds contra la intromisi\u00f3n de<\/p>\n<p>LGC (Efe, Reuters)<\/p>\n<\/div>\n\n","protected":false},"excerpt":{"rendered":"<p>Canad\u00e1 anunci\u00f3 Este Jueves (20.02.2025) La inclusi\u00f3n de las organizaciones de Siete Criminales, incluidos c\u00e1rteles del narcotr\u00e1fico la droga de M\u00e9xico. El Ministro de Seguridad P\u00fablica de Canad\u00e1, David McGuinty, Anunci\u00f3 la Medida Hoy en Ottawa, Un D\u00eda Despu\u00e9s de Que la Administraci\u00f3n del Del Presidente Estadounidense, Donald Trump, Formalizara la inclusi\u00f3n de los C\u00e1rteles &hellip;<\/p>\n","protected":false},"author":1,"featured_media":15525,"comment_status":"open","ping_status":"open","sticky":false,"template":"","format":"standard","meta":{"fifu_image_url":"https:\/\/static.dw.com\/image\/71693071_6.jpg","fifu_image_alt":"","footnotes":""},"categories":[13],"tags":[],"class_list":["post-15524","post","type-post","status-publish","format-standard","has-post-thumbnail","","category-mundo"],"_links":{"self":[{"href":"https:\/\/noticiasveraces.com\/index.php?rest_route=\/wp\/v2\/posts\/15524","targetHints":{"allow":["GET"]}}],"collection":[{"href":"https:\/\/noticiasveraces.com\/index.php?rest_route=\/wp\/v2\/posts"}],"about":[{"href":"https:\/\/noticiasveraces.com\/index.php?rest_route=\/wp\/v2\/types\/post"}],"author":[{"embeddable":true,"href":"https:\/\/noticiasveraces.com\/index.php?rest_route=\/wp\/v2\/users\/1"}],"replies":[{"embeddable":true,"href":"https:\/\/noticiasveraces.com\/index.php?rest_route=%2Fwp%2Fv2%2Fcomments&post=15524"}],"version-history":[{"count":0,"href":"https:\/\/noticiasveraces.com\/index.php?rest_route=\/wp\/v2\/posts\/15524\/revisions"}],"wp:featuredmedia":[{"embeddable":true,"href":"https:\/\/noticiasveraces.com\/index.php?rest_route=\/wp\/v2\/media\/15525"}],"wp:attachment":[{"href":"https:\/\/noticiasveraces.com\/index.php?rest_route=%2Fwp%2Fv2%2Fmedia&parent=15524"}],"wp:term":[{"taxonomy":"category","embeddable":true,"href":"https:\/\/noticiasveraces.com\/index.php?rest_route=%2Fwp%2Fv2%2Fcategories&post=15524"},{"taxonomy":"post_tag","embeddable":true,"href":"https:\/\/noticiasveraces.com\/index.php?rest_route=%2Fwp%2Fv2%2Ftags&post=15524"}],"curies":[{"name":"wp","href":"https:\/\/api.w.org\/{rel}","templated":true}]}}