{"id":15495,"date":"2025-02-20T11:20:13","date_gmt":"2025-02-20T15:20:13","guid":{"rendered":"https:\/\/noticiasveraces.com\/?p=15495"},"modified":"2025-02-20T11:20:13","modified_gmt":"2025-02-20T15:20:13","slug":"martin-fiz-analiza-el-estratosferico-record-de-jacob-kiplimo-en-la-media-maraton-de-barcelona","status":"publish","type":"post","link":"https:\/\/noticiasveraces.com\/?p=15495","title":{"rendered":"Mart\u00edn Fiz Analiza el Estratosf\u00e9rico R\u00e9cord de Jacob Kiplimo en La Media Marat\u00f3n de Barcelona"},"content":{"rendered":"<p> \n<\/p>\n<div id=\"intext\">\n<p><b>Jacob Kiplimo<\/b> Lleg\u00f3 a la <b>Medios Marat\u00f3n de Barcelona<\/b> Con la Misi\u00f3n de Batir El R\u00e9cord Mundial en la Distancia. El Real R\u00e9cord, Hasta El Pasado Domingo 16 de Febero, Lo Ostentaba El Et\u00edope Yomif Kejelcha, Quien Hab\u00eda Parado El Crono en 57:30 en El Medio Marat\u00f3n de Valencia en 2024. Pero el el <b>Atleta Ugand\u00e9s Pulveriz\u00f3 Esa Marca<\/b> en la Ciudad Condal, Rebajando la Plusmarca Mundial en Casi un minuto (<b>56:42<\/b>). UNA AUT\u00c9NTICA SALVAJADA Y QUE REPLITEA LOS L\u00cdUTITES DE LOS CORREDORES DE FONDO.<\/p>\n<p>En Barcelona Algunos Pensar\u00eda Que Estaban Viendo A Extraterryre o incluso un s\u00faper h\u00e9roe Pero se trataba de un disco de un ten\u00eda Clar\u00edsimo su objetivo, Cribir su nombre en los bibliotecos de histia del Atletismo Mundial.<\/p>\n<p>Desatado <b>Velocidad Media de 22,6 km\/h<\/b> durante <b>21 kil\u00f3metros <\/b>Hizo que un Partir del Kil\u00f3metro 3 Tuviese Que Correr en Solitario. Solo el Coche Con El Cron\u00f3metro de la Carrera Pudo Sostener Su Ritmo. Las Condiciones Climatol\u00f3gicas aCompaa\u00f1aron Durante Toda la Carrera: Una Ma\u00f1ana Templada, Sin Demaasiado Sol y sin viento que Pudiese Frenar al Corredor.<\/p>\n<p>Kiplimo, R\u00e1pido como el viento, Mant\u00fa su ritmo de 2:41 El Kil\u00f3metro para as\u00ed como coronaria el mejor. El Atleta se Mostr\u00f3 Feliz Cuando Acab\u00f3 la Carrera: \u00abEstoy Muy Agradecido y Muy EMOCIDADO POR Lo Que Hice Hoy. No Esperaba Compper El R\u00e9cord. Solo Quer\u00eda Correr Carrera una casa\u00bb.<\/p>\n<h2 class=\"title-h2\">R\u00e9cord en duda<\/h2>\n<p>Esta Marca Desorbitada Ha Hecho Malpensar A Muchos. Heno muchas dudas con la posici\u00f3tica del coche respet\u00f3 al acredor, ya se. Aunque TODO Apunta A Que Finalme Ser\u00e1 Homologado. No hay una normativo al respeto que limite la distancia que debe existir en entre ee coche y la Cabeza de Carrera.<\/p>\n<p>Seg\u00fan el Reglamento T\u00e9cnico y de Compicici\u00f3n de World Athletics, en el apartado 6.3 SOBRE ASISTENCIA SIN PERMITIDA, SE Recoge Que no SE Autorizar\u00e1 \u00abMarcar el Paso en Carreras por persona no participantes en la Misma, Atletas Oa Pungo de Ser doblados o poro Cualquier Clase de Aparato T\u00e9cnico \u00ab.<\/p>\n<h2 class=\"title-h2\">\u00bfQue Significa Este R\u00e9cord?<\/h2>\n<p>\u00abVan a Lo que Van. El D\u00eda d a la Hora H, Este Fin de Semana A Batir El R\u00e9cord Del Mundo en Barcelona, \u200b\u200bEste Fin de Semana en Castell\u00f3n A por Ootro R\u00e9cord Del Mundo\u00bb, Explica Mart\u00edn Fiz, Atleta Espa\u00f1ol Campe\u00f3n Del Mundo en Marat\u00f3n, Quien Se\u00f1ala que Estos Atletas Funcionan Como AUT\u00c9NTICAS M\u00c1QUINAS.<\/p>\n<p>EL 2025 PUEDE SER UN A\u00f1o HIST\u00d3RICO PARA EL ATLETISMO PORQUE KIPLIMO DEBUTAR\u00c1N EN DOS MESES EN EL MARAT\u00d3N DE LONDRES, DONDE TIENE EL CLARO OBJETIVO DE BAJAR DE DOS HORAS. Algo que Hasta Ahora <b>solo puudo consseguir eliud kipchoge<\/b>Corri\u00f3 El 12 de octubre de 2019 en Viena la Distancia de los 42,19 Kil\u00f3metros en un tiempo de 1:59:40, un registro que no pudo ser hom\u00f3logo por las ayudas que recibi\u00f3 durante la carrera.<\/p>\n<p>\u00abEste A\u00f1o Podremos ver Uno o dos Atletas que Bajar\u00e1n de las dos horas en el Marat\u00f3n\u00bb Asegura Martin Fiz.<\/p>\n<p><i>S\u00edguenos en nuestro canal de whatsapp y no te Pierdas la \u00daLtima Hora y Toda la actualidad de antena3noticias.com<\/i><\/p>\n<div class=\"recirculation-video\" data-mod=\"a3mod_recirculation_video\">\n<div class=\"recirculation-video-wrapper\">\n<div>\n<div class=\"video-wrapper\">\n  <picture class=\"video-main-picture\"><source media=\"(min-width: 481px)\" srcset=\"https:\/\/fotografias.antena3.com\/clipping\/cmsimages01\/2025\/02\/13\/0B2627A5-B7E6-42B7-9118-7797AD37967C\/luis-rubiales-abogada-olga-tubau-saliendo-sede-audiencia-nacional-san-fernando-henares_94.jpg?crop=4386,2467,x0,y0&amp;width=800&amp;height=450&amp;optimize=medium&amp;format=webply\" width=\"800\" height=\"450\"><source media=\"(min-width: 391px) and (max-width: 480px)\" srcset=\"https:\/\/fotografias.antena3.com\/clipping\/cmsimages01\/2025\/02\/13\/0B2627A5-B7E6-42B7-9118-7797AD37967C\/luis-rubiales-abogada-olga-tubau-saliendo-sede-audiencia-nacional-san-fernando-henares_70.jpg?crop=4386,2467,x0,y0&amp;width=480&amp;height=270&amp;optimize=high&amp;format=webply\" width=\"480\" height=\"270\"><source media=\"(min-width: 321px) and (max-width: 390px)\" srcset=\"https:\/\/fotografias.antena3.com\/clipping\/cmsimages01\/2025\/02\/13\/0B2627A5-B7E6-42B7-9118-7797AD37967C\/luis-rubiales-abogada-olga-tubau-saliendo-sede-audiencia-nacional-san-fernando-henares_92.jpg?crop=4386,2463,x0,y0&amp;width=390&amp;height=219&amp;optimize=high&amp;format=webply\" width=\"390\" height=\"219\"><source media=\"(max-width: 320px)\" srcset=\"https:\/\/fotografias.antena3.com\/clipping\/cmsimages01\/2025\/02\/13\/0B2627A5-B7E6-42B7-9118-7797AD37967C\/luis-rubiales-abogada-olga-tubau-saliendo-sede-audiencia-nacional-san-fernando-henares_52.jpg?crop=4386,2467,x0,y0&amp;width=320&amp;height=180&amp;optimize=high&amp;format=webply\" width=\"320\" height=\"180\"><img decoding=\"async\" title=\"Luis Rubiales y Su Abogada, Olga Tubau, Salido de la Sede de la Audios Nacional en San Fernando de Henares\" alt=\"Luis Rubiales y Su Abogada, Olga Tubau, Salido de la Sede de la Audios Nacional en San Fernando de Henares\" width=\"480\" height=\"270\" src=\"https:\/\/fotografias.antena3.com\/clipping\/cmsimages01\/2025\/02\/13\/0B2627A5-B7E6-42B7-9118-7797AD37967C\/luis-rubiales-abogada-olga-tubau-saliendo-sede-audiencia-nacional-san-fernando-henares_70.jpg?crop=4386,2467,x0,y0&amp;width=480&amp;height=270&amp;optimize=high&amp;format=webply\" loading=\"lazy\" class=\"lazy\"\/><br \/>\n  <\/source><\/source><\/source><\/source><\/picture>\n <\/div>\n<\/div><\/div>\n<\/p><\/div>\n<\/div>\n\n","protected":false},"excerpt":{"rendered":"<p>Jacob Kiplimo Lleg\u00f3 a la Medios Marat\u00f3n de Barcelona Con la Misi\u00f3n de Batir El R\u00e9cord Mundial en la Distancia. El Real R\u00e9cord, Hasta El Pasado Domingo 16 de Febero, Lo Ostentaba El Et\u00edope Yomif Kejelcha, Quien Hab\u00eda Parado El Crono en 57:30 en El Medio Marat\u00f3n de Valencia en 2024. Pero el el Atleta &hellip;<\/p>\n","protected":false},"author":1,"featured_media":15497,"comment_status":"open","ping_status":"open","sticky":false,"template":"","format":"standard","meta":{"fifu_image_url":"https:\/\/fotografias.antena3.com\/clipping\/cmsimages01\/2025\/02\/20\/088B7182-6536-4FD1-9E47-773B96840C7A\/ugandes-jacob-kiplimo-cruza-meta-media-maraton-barcelona_69.jpg?crop=2398,1349,x0,y0&width=1280&height=720&optimize=low&format=jpg","fifu_image_alt":"","footnotes":""},"categories":[6],"tags":[],"class_list":["post-15495","post","type-post","status-publish","format-standard","has-post-thumbnail","","category-deportes"],"_links":{"self":[{"href":"https:\/\/noticiasveraces.com\/index.php?rest_route=\/wp\/v2\/posts\/15495","targetHints":{"allow":["GET"]}}],"collection":[{"href":"https:\/\/noticiasveraces.com\/index.php?rest_route=\/wp\/v2\/posts"}],"about":[{"href":"https:\/\/noticiasveraces.com\/index.php?rest_route=\/wp\/v2\/types\/post"}],"author":[{"embeddable":true,"href":"https:\/\/noticiasveraces.com\/index.php?rest_route=\/wp\/v2\/users\/1"}],"replies":[{"embeddable":true,"href":"https:\/\/noticiasveraces.com\/index.php?rest_route=%2Fwp%2Fv2%2Fcomments&post=15495"}],"version-history":[{"count":0,"href":"https:\/\/noticiasveraces.com\/index.php?rest_route=\/wp\/v2\/posts\/15495\/revisions"}],"wp:featuredmedia":[{"embeddable":true,"href":"https:\/\/noticiasveraces.com\/index.php?rest_route=\/wp\/v2\/media\/15497"}],"wp:attachment":[{"href":"https:\/\/noticiasveraces.com\/index.php?rest_route=%2Fwp%2Fv2%2Fmedia&parent=15495"}],"wp:term":[{"taxonomy":"category","embeddable":true,"href":"https:\/\/noticiasveraces.com\/index.php?rest_route=%2Fwp%2Fv2%2Fcategories&post=15495"},{"taxonomy":"post_tag","embeddable":true,"href":"https:\/\/noticiasveraces.com\/index.php?rest_route=%2Fwp%2Fv2%2Ftags&post=15495"}],"curies":[{"name":"wp","href":"https:\/\/api.w.org\/{rel}","templated":true}]}}