{"id":15485,"date":"2025-02-20T10:09:44","date_gmt":"2025-02-20T14:09:44","guid":{"rendered":"https:\/\/noticiasveraces.com\/?p=15485"},"modified":"2025-02-20T10:09:44","modified_gmt":"2025-02-20T14:09:44","slug":"papa-francisco-para-desayunar-fuera-de-la-cama-el-septimo-dia-de-hospitalizacion","status":"publish","type":"post","link":"https:\/\/noticiasveraces.com\/?p=15485","title":{"rendered":"Papa Francisco para desayunar fuera de la cama el s\u00e9ptimo d\u00eda de hospitalizaci\u00f3n"},"content":{"rendered":"<p> \n<\/p>\n<div>\n<p class=\"speakable\">El Papa Francisco est\u00e1 alerta y pudo salir de la cama para el desayuno, a pesar de permanecer hospitalizado durante siete d\u00edas debido a un episodio de neumon\u00eda, inform\u00f3 Vatican News.<\/p>\n<p class=\"speakable\">Despu\u00e9s del desayuno, seg\u00fan los informes, el Papa ley\u00f3 peri\u00f3dicos e hizo un trabajo antes de recibir la Eucarist\u00eda antes del almuerzo. El personal m\u00e9dico aparentemente ha visto una \u00abligera mejora\u00bb, seg\u00fan Vatican News.<\/p>\n<div class=\"image-ct inline\">\n<div class=\"m\"><picture><source media=\"(max-width: 767px)\" srcset=\"https:\/\/a57.foxnews.com\/static.foxnews.com\/foxnews.com\/content\/uploads\/2025\/02\/343\/192\/untitled-design-30.png?ve=1&amp;tl=1, https:\/\/a57.foxnews.com\/static.foxnews.com\/foxnews.com\/content\/uploads\/2025\/02\/686\/384\/untitled-design-30.png?ve=1&amp;tl=1 2x\" height=\"192\" width=\"343\"><source media=\"(min-width: 768px) and (max-width: 1023px)\" srcset=\"https:\/\/a57.foxnews.com\/static.foxnews.com\/foxnews.com\/content\/uploads\/2025\/02\/672\/378\/untitled-design-30.png?ve=1&amp;tl=1, https:\/\/a57.foxnews.com\/static.foxnews.com\/foxnews.com\/content\/uploads\/2025\/02\/1344\/756\/untitled-design-30.png?ve=1&amp;tl=1 2x\" height=\"378\" width=\"672\"><source media=\"(min-width: 1024px) and (max-width: 1279px)\" srcset=\"https:\/\/a57.foxnews.com\/static.foxnews.com\/foxnews.com\/content\/uploads\/2025\/02\/931\/523\/untitled-design-30.png?ve=1&amp;tl=1, https:\/\/a57.foxnews.com\/static.foxnews.com\/foxnews.com\/content\/uploads\/2025\/02\/1862\/1046\/untitled-design-30.png?ve=1&amp;tl=1 2x\" height=\"523\" width=\"931\"><source media=\"(min-width: 1280px)\" srcset=\"https:\/\/a57.foxnews.com\/static.foxnews.com\/foxnews.com\/content\/uploads\/2025\/02\/720\/405\/untitled-design-30.png?ve=1&amp;tl=1, https:\/\/a57.foxnews.com\/static.foxnews.com\/foxnews.com\/content\/uploads\/2025\/02\/1440\/810\/untitled-design-30.png?ve=1&amp;tl=1 2x\" height=\"405\" width=\"720\"><img loading=\"lazy\" decoding=\"async\" src=\"https:\/\/a57.foxnews.com\/static.foxnews.com\/foxnews.com\/content\/uploads\/2025\/02\/1200\/675\/untitled-design-30.png?ve=1&amp;tl=1\" alt=\"Velas del Papa Francisco\" width=\"1200\" height=\"675\"\/><\/source><\/source><\/source><\/source><\/picture><\/div>\n<div class=\"info\">\n<div class=\"caption\">\n<p><span>Una vela con un retrato del Papa Francisco se establece en la parte inferior de una estatua del Papa Juan Pablo II en el Hospital Gemelli, donde el Papa est\u00e1 hospitalizado el 17 de febrero de 2025.<\/span> <span>(Tiziana Fabi\/AFP a trav\u00e9s de Getty Images)<\/span><\/p>\n<\/div>\n<\/div>\n<\/div>\n<p><strong>Condici\u00f3n m\u00e9dica del Papa Francisco: qu\u00e9 saber sobre la neumon\u00eda bilateral<\/strong><\/p>\n<p>El Papa Francisco, que tiene 88 a\u00f1os, fue hospitalizado originalmente el 14 de febrero por la bronquitis y luego fue diagnosticado con neumon\u00eda bilateral. Todav\u00eda est\u00e1 recibiendo tratamiento en el Hospital Gemelli de Roma.<\/p>\n<p>\u00abLa infecci\u00f3n polimicrobiana, que surgi\u00f3 en una imagen de bronquiectasia y bronquitis asmatiforme, y que requiri\u00f3 el uso de la terapia con cortisona antibi\u00f3tica, hace que el tratamiento terap\u00e9utico sea m\u00e1s complejo\u00bb, dijo el Vaticano en un comunicado el mi\u00e9rcoles.<\/p>\n<div class=\"image-ct inline\">\n<div class=\"m\"><picture><source media=\"(max-width: 767px)\" srcset=\"https:\/\/a57.foxnews.com\/static.foxnews.com\/foxnews.com\/content\/uploads\/2025\/02\/343\/192\/pope-francis-2.jpg?ve=1&amp;tl=1, https:\/\/a57.foxnews.com\/static.foxnews.com\/foxnews.com\/content\/uploads\/2025\/02\/686\/384\/pope-francis-2.jpg?ve=1&amp;tl=1 2x\" height=\"192\" width=\"343\"><source media=\"(min-width: 768px) and (max-width: 1023px)\" srcset=\"https:\/\/a57.foxnews.com\/static.foxnews.com\/foxnews.com\/content\/uploads\/2025\/02\/672\/378\/pope-francis-2.jpg?ve=1&amp;tl=1, https:\/\/a57.foxnews.com\/static.foxnews.com\/foxnews.com\/content\/uploads\/2025\/02\/1344\/756\/pope-francis-2.jpg?ve=1&amp;tl=1 2x\" height=\"378\" width=\"672\"><source media=\"(min-width: 1024px) and (max-width: 1279px)\" srcset=\"https:\/\/a57.foxnews.com\/static.foxnews.com\/foxnews.com\/content\/uploads\/2025\/02\/931\/523\/pope-francis-2.jpg?ve=1&amp;tl=1, https:\/\/a57.foxnews.com\/static.foxnews.com\/foxnews.com\/content\/uploads\/2025\/02\/1862\/1046\/pope-francis-2.jpg?ve=1&amp;tl=1 2x\" height=\"523\" width=\"931\"><source media=\"(min-width: 1280px)\" srcset=\"https:\/\/a57.foxnews.com\/static.foxnews.com\/foxnews.com\/content\/uploads\/2025\/02\/720\/405\/pope-francis-2.jpg?ve=1&amp;tl=1, https:\/\/a57.foxnews.com\/static.foxnews.com\/foxnews.com\/content\/uploads\/2025\/02\/1440\/810\/pope-francis-2.jpg?ve=1&amp;tl=1 2x\" height=\"405\" width=\"720\"><img loading=\"lazy\" decoding=\"async\" src=\"https:\/\/a57.foxnews.com\/static.foxnews.com\/foxnews.com\/content\/uploads\/2025\/02\/1200\/675\/pope-francis-2.jpg?ve=1&amp;tl=1\" alt=\"El Papa Francisco ofrece su audiencia semanal en el Vaticano\" width=\"1200\" height=\"675\"\/><\/source><\/source><\/source><\/source><\/picture><\/div>\n<div class=\"info\">\n<div class=\"caption\">\n<p><span>El Papa Francisco sostiene su homil\u00eda durante la audiencia general semanal en el Pablo VI Hall el 12 de febrero de 2025 en la ciudad del Vaticano, Vaticano. <\/span> <span>(Medios del Vaticano a trav\u00e9s de Vatican Pool\/Getty Images)<\/span><\/p>\n<\/div>\n<\/div>\n<\/div>\n<p><strong><u>Papa Francisco diagnosticado con neumon\u00eda bilateral, dice el Vaticano<\/u><\/strong><\/p>\n<p>El primer ministro italiano, Giorgia Meloni, visit\u00f3 el Papa el mi\u00e9rcoles y dijo que estaba \u00abalerta y receptivo\u00bb, seg\u00fan Vatican News. Seg\u00fan los informes, tambi\u00e9n dijo que el Papa estaba bromeando con ella y no mostr\u00f3 signos de perder su sentido del humor.<\/p>\n<div class=\"image-ct inline\">\n<div class=\"m\"><picture><source media=\"(max-width: 767px)\" srcset=\"https:\/\/a57.foxnews.com\/static.foxnews.com\/foxnews.com\/content\/uploads\/2025\/02\/343\/192\/giorgia-meloni-pope-francis.jpg?ve=1&amp;tl=1, https:\/\/a57.foxnews.com\/static.foxnews.com\/foxnews.com\/content\/uploads\/2025\/02\/686\/384\/giorgia-meloni-pope-francis.jpg?ve=1&amp;tl=1 2x\" height=\"192\" width=\"343\"><source media=\"(min-width: 768px) and (max-width: 1023px)\" srcset=\"https:\/\/a57.foxnews.com\/static.foxnews.com\/foxnews.com\/content\/uploads\/2025\/02\/672\/378\/giorgia-meloni-pope-francis.jpg?ve=1&amp;tl=1, https:\/\/a57.foxnews.com\/static.foxnews.com\/foxnews.com\/content\/uploads\/2025\/02\/1344\/756\/giorgia-meloni-pope-francis.jpg?ve=1&amp;tl=1 2x\" height=\"378\" width=\"672\"><source media=\"(min-width: 1024px) and (max-width: 1279px)\" srcset=\"https:\/\/a57.foxnews.com\/static.foxnews.com\/foxnews.com\/content\/uploads\/2025\/02\/931\/523\/giorgia-meloni-pope-francis.jpg?ve=1&amp;tl=1, https:\/\/a57.foxnews.com\/static.foxnews.com\/foxnews.com\/content\/uploads\/2025\/02\/1862\/1046\/giorgia-meloni-pope-francis.jpg?ve=1&amp;tl=1 2x\" height=\"523\" width=\"931\"><source media=\"(min-width: 1280px)\" srcset=\"https:\/\/a57.foxnews.com\/static.foxnews.com\/foxnews.com\/content\/uploads\/2025\/02\/720\/405\/giorgia-meloni-pope-francis.jpg?ve=1&amp;tl=1, https:\/\/a57.foxnews.com\/static.foxnews.com\/foxnews.com\/content\/uploads\/2025\/02\/1440\/810\/giorgia-meloni-pope-francis.jpg?ve=1&amp;tl=1 2x\" height=\"405\" width=\"720\"><img loading=\"lazy\" decoding=\"async\" src=\"https:\/\/a57.foxnews.com\/static.foxnews.com\/foxnews.com\/content\/uploads\/2025\/02\/1200\/675\/giorgia-meloni-pope-francis.jpg?ve=1&amp;tl=1\" alt=\"PM italiano Meloni y Papa Frsancis\" width=\"1200\" height=\"675\"\/><\/source><\/source><\/source><\/source><\/picture><\/div>\n<div class=\"info\">\n<div class=\"caption\">\n<p><span>El primer ministro italiano, Giorgia Meloni, saluda al Papa Francisco mientras asiste a la Cumbre del G7, en el Borgo Egnazia Resort, en Savelletri, Italia, el 14 de junio de 2024.<\/span> <span>(Vaticano Media\/folleto a trav\u00e9s de Reuters)<\/span><\/p>\n<\/div>\n<\/div>\n<\/div>\n<p>El Papa Francisco ha sufrido problemas respiratorios durante muchos a\u00f1os. Cuando ten\u00eda 21 a\u00f1os, le quitaron parte de su pulm\u00f3n despu\u00e9s de desarrollar pleurisy, que es una inflamaci\u00f3n de las membranas que amortiguan los pulmones.<\/p>\n<p><strong><u>Haga clic aqu\u00ed para obtener la aplicaci\u00f3n Fox News<\/u><\/strong><\/p>\n<p>El pont\u00edfice tambi\u00e9n cay\u00f3 en diciembre y en enero. Despu\u00e9s de la segunda ca\u00edda, que ocurri\u00f3 en su residencia, el brazo del Papa Francisco fue puesto en una honda para inmovilizarla. El Vaticano dijo en ese momento que esto se hizo como \u00abuna medida de precauci\u00f3n\u00bb.<\/p>\n<p><i>Melissa Rudy y Angelica Stabile de Fox News contribuyeron a este informe.<\/i><\/p>\n<p> <!----> <\/p>\n<div class=\"article-meta\">\n<div class=\"author-bio\">\n<p>Rachel Wolf es una escritora de noticias de Fox News Digital y Fox Business.<\/p>\n<\/div>\n<\/div>\n<\/div>\n\n","protected":false},"excerpt":{"rendered":"<p>El Papa Francisco est\u00e1 alerta y pudo salir de la cama para el desayuno, a pesar de permanecer hospitalizado durante siete d\u00edas debido a un episodio de neumon\u00eda, inform\u00f3 Vatican News. Despu\u00e9s del desayuno, seg\u00fan los informes, el Papa ley\u00f3 peri\u00f3dicos e hizo un trabajo antes de recibir la Eucarist\u00eda antes del almuerzo. El personal &hellip;<\/p>\n","protected":false},"author":1,"featured_media":15487,"comment_status":"open","ping_status":"open","sticky":false,"template":"","format":"standard","meta":{"fifu_image_url":"https:\/\/static.foxnews.com\/foxnews.com\/content\/uploads\/2025\/02\/pope-francis-2.jpg","fifu_image_alt":"","footnotes":""},"categories":[13],"tags":[],"class_list":["post-15485","post","type-post","status-publish","format-standard","has-post-thumbnail","","category-mundo"],"_links":{"self":[{"href":"https:\/\/noticiasveraces.com\/index.php?rest_route=\/wp\/v2\/posts\/15485","targetHints":{"allow":["GET"]}}],"collection":[{"href":"https:\/\/noticiasveraces.com\/index.php?rest_route=\/wp\/v2\/posts"}],"about":[{"href":"https:\/\/noticiasveraces.com\/index.php?rest_route=\/wp\/v2\/types\/post"}],"author":[{"embeddable":true,"href":"https:\/\/noticiasveraces.com\/index.php?rest_route=\/wp\/v2\/users\/1"}],"replies":[{"embeddable":true,"href":"https:\/\/noticiasveraces.com\/index.php?rest_route=%2Fwp%2Fv2%2Fcomments&post=15485"}],"version-history":[{"count":0,"href":"https:\/\/noticiasveraces.com\/index.php?rest_route=\/wp\/v2\/posts\/15485\/revisions"}],"wp:featuredmedia":[{"embeddable":true,"href":"https:\/\/noticiasveraces.com\/index.php?rest_route=\/wp\/v2\/media\/15487"}],"wp:attachment":[{"href":"https:\/\/noticiasveraces.com\/index.php?rest_route=%2Fwp%2Fv2%2Fmedia&parent=15485"}],"wp:term":[{"taxonomy":"category","embeddable":true,"href":"https:\/\/noticiasveraces.com\/index.php?rest_route=%2Fwp%2Fv2%2Fcategories&post=15485"},{"taxonomy":"post_tag","embeddable":true,"href":"https:\/\/noticiasveraces.com\/index.php?rest_route=%2Fwp%2Fv2%2Ftags&post=15485"}],"curies":[{"name":"wp","href":"https:\/\/api.w.org\/{rel}","templated":true}]}}