{"id":15475,"date":"2025-02-20T09:06:54","date_gmt":"2025-02-20T13:06:54","guid":{"rendered":"https:\/\/noticiasveraces.com\/?p=15475"},"modified":"2025-02-20T09:06:54","modified_gmt":"2025-02-20T13:06:54","slug":"china-iran-y-rusia-condenados-por-disidentes-en-la-cumbre-de-ginebra-de-watchdog-de-la-onu","status":"publish","type":"post","link":"https:\/\/noticiasveraces.com\/?p=15475","title":{"rendered":"China, Ir\u00e1n y Rusia condenados por disidentes en la cumbre de Ginebra de Watchdog de la ONU"},"content":{"rendered":"<p> \n<\/p>\n<div>\n<p class=\"speakable\">Los disidentes de todo el mundo se reunieron en Ginebra, Suiza, para contar las historias de su supervivencia y escape de los reg\u00edmenes autoritarios. En solo unos d\u00edas, el Consejo de Derechos Humanos de las Naciones Unidas (ANHRC) comenzar\u00e1 con su 58\u00aa sesi\u00f3n en esa misma ciudad.<\/p>\n<p class=\"speakable\">En sus comentarios de apertura en la Cumbre de los Derechos Humanos y la Democracia de Ginebra, el Director Ejecutivo de ONU Watch Hillel Neuer aclar\u00f3 el r\u00e9cord en el ANCRC.<\/p>\n<p>\u00abSabes, cuando la mayor\u00eda de las personas escuchan las palabras &#8216;Consejo de Derechos Humanos de la ONU&#8217;, imaginan en sus mentes hombres con largas barbas blancas, vestidas con t\u00fanicas blancas que caminan a lo largo del Monte Olimpo, basando sus decisiones en hechos, l\u00f3gica y moralidad, cuando Nada podr\u00eda estar m\u00e1s lejos de la verdad \u00ab, dijo Neuer.<\/p>\n<p>\u00abSentados alrededor de la mesa en el Consejo de Derechos Humanos de la ONU al otro lado de la calle no son Arist\u00f3teles, S\u00f3crates o Plat\u00f3n, sino muchos de los peores infractores del mundo de los derechos humanos. Utilizan su membres\u00eda como una falsa insignia de legitimidad internacional para ganar impunidad por sus Registros de abuso \u00ab.<\/p>\n<div class=\"image-ct inline\">\n<div class=\"m\"><picture><source media=\"(max-width: 767px)\" srcset=\"https:\/\/a57.foxnews.com\/static.foxnews.com\/foxnews.com\/content\/uploads\/2025\/02\/343\/192\/geneva-un-watch-2025.jpg?ve=1&amp;tl=1, https:\/\/a57.foxnews.com\/static.foxnews.com\/foxnews.com\/content\/uploads\/2025\/02\/686\/384\/geneva-un-watch-2025.jpg?ve=1&amp;tl=1 2x\" height=\"192\" width=\"343\"><source media=\"(min-width: 768px) and (max-width: 1023px)\" srcset=\"https:\/\/a57.foxnews.com\/static.foxnews.com\/foxnews.com\/content\/uploads\/2025\/02\/672\/378\/geneva-un-watch-2025.jpg?ve=1&amp;tl=1, https:\/\/a57.foxnews.com\/static.foxnews.com\/foxnews.com\/content\/uploads\/2025\/02\/1344\/756\/geneva-un-watch-2025.jpg?ve=1&amp;tl=1 2x\" height=\"378\" width=\"672\"><source media=\"(min-width: 1024px) and (max-width: 1279px)\" srcset=\"https:\/\/a57.foxnews.com\/static.foxnews.com\/foxnews.com\/content\/uploads\/2025\/02\/931\/523\/geneva-un-watch-2025.jpg?ve=1&amp;tl=1, https:\/\/a57.foxnews.com\/static.foxnews.com\/foxnews.com\/content\/uploads\/2025\/02\/1862\/1046\/geneva-un-watch-2025.jpg?ve=1&amp;tl=1 2x\" height=\"523\" width=\"931\"><source media=\"(min-width: 1280px)\" srcset=\"https:\/\/a57.foxnews.com\/static.foxnews.com\/foxnews.com\/content\/uploads\/2025\/02\/720\/405\/geneva-un-watch-2025.jpg?ve=1&amp;tl=1, https:\/\/a57.foxnews.com\/static.foxnews.com\/foxnews.com\/content\/uploads\/2025\/02\/1440\/810\/geneva-un-watch-2025.jpg?ve=1&amp;tl=1 2x\" height=\"405\" width=\"720\"><img loading=\"lazy\" decoding=\"async\" src=\"https:\/\/a57.foxnews.com\/static.foxnews.com\/foxnews.com\/content\/uploads\/2025\/02\/1200\/675\/geneva-un-watch-2025.jpg?ve=1&amp;tl=1\" alt=\"El jefe de vigilancia de la ONU, Hillel Neuer, habla en Ginebra\" width=\"1200\" height=\"675\"\/><\/source><\/source><\/source><\/source><\/picture><\/div>\n<div class=\"info\">\n<div class=\"caption\">\n<p><span>El director ejecutivo de ONU Watch, Hillel Neuer, se dirige a la cumbre de Ginebra de 2025 por los derechos humanos y la democracia.<\/span> <!----><\/p>\n<\/div>\n<\/div>\n<\/div>\n<p><strong>El jefe de vigilancia de la ONU dice que UNRWA contrat\u00f3 a personas que \u00abapoyaban el terrorismo\u00bb<\/strong><\/p>\n<p>Si bien varios disidentes tuvieron la oportunidad de contar sus historias, hubo muchos que no lo hicieron. Los amigos y familiares de disidentes y activistas hablaron, y los estudiantes locales contaron historias de aquellos que no estaban presentes. La cumbre us\u00f3 sillas vac\u00edas para representar a los disidentes ausentes.<\/p>\n<p>La Agencia de la ONU tiene 47 estados miembros que sirven durante tres a\u00f1os a la vez. Los disidentes de cuatro estados miembros actuales de la UNHRC, Sud\u00e1n, Cuba, Vietnam y China, contaron historias desgarradoras de asumir qui\u00e9n llama a \u00ablos peores abusadores del mundo\u00bb.<\/p>\n<div class=\"image-ct inline\">\n<div class=\"m\"><picture><source media=\"(max-width: 767px)\" srcset=\"https:\/\/a57.foxnews.com\/static.foxnews.com\/foxnews.com\/content\/uploads\/2025\/02\/343\/192\/geneva-times-wang-2025.jpg?ve=1&amp;tl=1, https:\/\/a57.foxnews.com\/static.foxnews.com\/foxnews.com\/content\/uploads\/2025\/02\/686\/384\/geneva-times-wang-2025.jpg?ve=1&amp;tl=1 2x\" height=\"192\" width=\"343\"><source media=\"(min-width: 768px) and (max-width: 1023px)\" srcset=\"https:\/\/a57.foxnews.com\/static.foxnews.com\/foxnews.com\/content\/uploads\/2025\/02\/672\/378\/geneva-times-wang-2025.jpg?ve=1&amp;tl=1, https:\/\/a57.foxnews.com\/static.foxnews.com\/foxnews.com\/content\/uploads\/2025\/02\/1344\/756\/geneva-times-wang-2025.jpg?ve=1&amp;tl=1 2x\" height=\"378\" width=\"672\"><source media=\"(min-width: 1024px) and (max-width: 1279px)\" srcset=\"https:\/\/a57.foxnews.com\/static.foxnews.com\/foxnews.com\/content\/uploads\/2025\/02\/931\/523\/geneva-times-wang-2025.jpg?ve=1&amp;tl=1, https:\/\/a57.foxnews.com\/static.foxnews.com\/foxnews.com\/content\/uploads\/2025\/02\/1862\/1046\/geneva-times-wang-2025.jpg?ve=1&amp;tl=1 2x\" height=\"523\" width=\"931\"><source media=\"(min-width: 1280px)\" srcset=\"https:\/\/a57.foxnews.com\/static.foxnews.com\/foxnews.com\/content\/uploads\/2025\/02\/720\/405\/geneva-times-wang-2025.jpg?ve=1&amp;tl=1, https:\/\/a57.foxnews.com\/static.foxnews.com\/foxnews.com\/content\/uploads\/2025\/02\/1440\/810\/geneva-times-wang-2025.jpg?ve=1&amp;tl=1 2x\" height=\"405\" width=\"720\"><img loading=\"lazy\" decoding=\"async\" src=\"https:\/\/a57.foxnews.com\/static.foxnews.com\/foxnews.com\/content\/uploads\/2025\/02\/1200\/675\/geneva-times-wang-2025.jpg?ve=1&amp;tl=1\" alt=\"Times Wang tiene una imagen de su padre, el prisionero chino Dr. Wang Bingzhang\" width=\"1200\" height=\"675\"\/><\/source><\/source><\/source><\/source><\/picture><\/div>\n<div class=\"info\">\n<div class=\"caption\">\n<p><span>Times Wang tiene una foto de su padre, el Dr. Wang Bingzhang, quien est\u00e1 siendo detenido en China, en la Cumbre de Ginebra de 2025 por los derechos humanos y la democracia.<\/span> <!----><\/p>\n<\/div>\n<\/div>\n<\/div>\n<p>Times Wang, un abogado de derechos humanos con sede en los Estados Unidos, habl\u00f3 sobre el encarcelamiento de su padre en China. El Dr. Wang Bingzhang, que fue secuestrado por las autoridades chinas en 2002, es el disidente pol\u00edtico chino m\u00e1s antiguo. \u00c9l permanece en confinamiento solitario hasta el d\u00eda de hoy.<\/p>\n<p>Adem\u00e1s, Sebastien Lai, hijo del fundador del Daily de Apple, Jimmy Lai, habl\u00f3 sobre la detenci\u00f3n de su padre por las autoridades chinas, que comenz\u00f3 en 2020. Apple Daily fue el peri\u00f3dico m\u00e1s grande de Hong Kong hasta 2021, cuando se cerr\u00f3 por la fuerza. Si es declarado culpable, Jimmy Lai podr\u00eda ser sentenciado a cadena perpetua. Actualmente est\u00e1 en confinamiento solitario y ha sido rechazado por m\u00faltiples apelaciones.<\/p>\n<div class=\"image-ct inline\">\n<div class=\"m\"><picture><source media=\"(max-width: 767px)\" srcset=\"https:\/\/a57.foxnews.com\/static.foxnews.com\/foxnews.com\/content\/uploads\/2025\/02\/343\/192\/sebastien-lai-geneva-2025.jpg?ve=1&amp;tl=1, https:\/\/a57.foxnews.com\/static.foxnews.com\/foxnews.com\/content\/uploads\/2025\/02\/686\/384\/sebastien-lai-geneva-2025.jpg?ve=1&amp;tl=1 2x\" height=\"192\" width=\"343\"><source media=\"(min-width: 768px) and (max-width: 1023px)\" srcset=\"https:\/\/a57.foxnews.com\/static.foxnews.com\/foxnews.com\/content\/uploads\/2025\/02\/672\/378\/sebastien-lai-geneva-2025.jpg?ve=1&amp;tl=1, https:\/\/a57.foxnews.com\/static.foxnews.com\/foxnews.com\/content\/uploads\/2025\/02\/1344\/756\/sebastien-lai-geneva-2025.jpg?ve=1&amp;tl=1 2x\" height=\"378\" width=\"672\"><source media=\"(min-width: 1024px) and (max-width: 1279px)\" srcset=\"https:\/\/a57.foxnews.com\/static.foxnews.com\/foxnews.com\/content\/uploads\/2025\/02\/931\/523\/sebastien-lai-geneva-2025.jpg?ve=1&amp;tl=1, https:\/\/a57.foxnews.com\/static.foxnews.com\/foxnews.com\/content\/uploads\/2025\/02\/1862\/1046\/sebastien-lai-geneva-2025.jpg?ve=1&amp;tl=1 2x\" height=\"523\" width=\"931\"><source media=\"(min-width: 1280px)\" srcset=\"https:\/\/a57.foxnews.com\/static.foxnews.com\/foxnews.com\/content\/uploads\/2025\/02\/720\/405\/sebastien-lai-geneva-2025.jpg?ve=1&amp;tl=1, https:\/\/a57.foxnews.com\/static.foxnews.com\/foxnews.com\/content\/uploads\/2025\/02\/1440\/810\/sebastien-lai-geneva-2025.jpg?ve=1&amp;tl=1 2x\" height=\"405\" width=\"720\"><img loading=\"lazy\" decoding=\"async\" src=\"https:\/\/a57.foxnews.com\/static.foxnews.com\/foxnews.com\/content\/uploads\/2025\/02\/1200\/675\/sebastien-lai-geneva-2025.jpg?ve=1&amp;tl=1\" alt=\"Sebastien Lai tiene una imagen de su padre, el fundador de Apple Daily Jimmy Lai\" width=\"1200\" height=\"675\"\/><\/source><\/source><\/source><\/source><\/picture><\/div>\n<div class=\"info\">\n<div class=\"caption\">\n<p><span>Sebastien Lai posee una foto de su padre, Jimmy Lai, en la Cumbre de Ginebra de 2025 para los Derechos Humanos y la Democracia.<\/span> <!----><\/p>\n<\/div>\n<\/div>\n<\/div>\n<p><strong>La ONS detiene el trabajo humanitario en la fortaleza hut\u00ed de Yemen despu\u00e9s de las detenciones del personal<\/strong><\/p>\n<p>La cumbre tambi\u00e9n cont\u00f3 con disidentes de antiguos estados miembros, incluidos Arabia Saudita, Venezuela, Eritrea, Afganist\u00e1n y Rusia.<\/p>\n<p>\u00abLas buenas personas en las naciones democr\u00e1ticas cuando se unen a sus esfuerzos, cuando se unen, cuando trabajan juntos, son m\u00e1s fuertes de lo que la dictadura puede esperar ser\u00bb, dijo Vladimir Kara-Murza a la cumbre.<\/p>\n<p>Kara-Murza, una activista rusa prodemocr\u00e1tica, fue encarcelada en abril de 2022 por hablar en contra de la guerra en Ucrania. Fue liberado en agosto de 2024. Antes de su reciente encarcelamiento, Kara-Murza sobrevivi\u00f3 a dos intentos de envenenamiento a manos de Rusia.<\/p>\n<p>El activista de los derechos humanos y cr\u00edtico abierto del presidente ruso Vladimir Putin, Garry Kas expres\u00f3 poca fe en la ONU. \u00c9l afirma que \u00abla podredumbre corre tan profunda\u00bb que la comunidad internacional est\u00e1 \u00ababordando la pregunta\u00bb de reemplazar la instituci\u00f3n \u00ab, en lugar de simplemente reformarla\u00bb.<\/p>\n<p>En su discurso de apertura, el Pr\u00edncipe Heredero iran\u00ed Reza Pahlavi exigi\u00f3 que la Ley Mundial derribara el r\u00e9gimen de la Rep\u00fablica Isl\u00e1mica. <\/p>\n<p>\u00abLo que causa la Rep\u00fablica Isl\u00e1mica puede resolverse mediante su eliminaci\u00f3n\u00bb, dijo Pahlavi.<\/p>\n<p>Pahlavi tambi\u00e9n habl\u00f3 sobre la lucha de las mujeres iran\u00edes por la libertad, y se\u00f1al\u00f3 que fue m\u00e1s all\u00e1 del requisito del hijab. \u00c9l dice que su pelea \u00abno se trata de una tela. Se trata de recuperar su igualdad y su pa\u00eds\u00bb.<\/p>\n<div class=\"image-ct inline\">\n<div class=\"m\"><picture><source media=\"(max-width: 767px)\" srcset=\"https:\/\/a57.foxnews.com\/static.foxnews.com\/foxnews.com\/content\/uploads\/2025\/02\/343\/192\/reza-pahlavi-geneva.jpg?ve=1&amp;tl=1, https:\/\/a57.foxnews.com\/static.foxnews.com\/foxnews.com\/content\/uploads\/2025\/02\/686\/384\/reza-pahlavi-geneva.jpg?ve=1&amp;tl=1 2x\" height=\"192\" width=\"343\"><source media=\"(min-width: 768px) and (max-width: 1023px)\" srcset=\"https:\/\/a57.foxnews.com\/static.foxnews.com\/foxnews.com\/content\/uploads\/2025\/02\/672\/378\/reza-pahlavi-geneva.jpg?ve=1&amp;tl=1, https:\/\/a57.foxnews.com\/static.foxnews.com\/foxnews.com\/content\/uploads\/2025\/02\/1344\/756\/reza-pahlavi-geneva.jpg?ve=1&amp;tl=1 2x\" height=\"378\" width=\"672\"><source media=\"(min-width: 1024px) and (max-width: 1279px)\" srcset=\"https:\/\/a57.foxnews.com\/static.foxnews.com\/foxnews.com\/content\/uploads\/2025\/02\/931\/523\/reza-pahlavi-geneva.jpg?ve=1&amp;tl=1, https:\/\/a57.foxnews.com\/static.foxnews.com\/foxnews.com\/content\/uploads\/2025\/02\/1862\/1046\/reza-pahlavi-geneva.jpg?ve=1&amp;tl=1 2x\" height=\"523\" width=\"931\"><source media=\"(min-width: 1280px)\" srcset=\"https:\/\/a57.foxnews.com\/static.foxnews.com\/foxnews.com\/content\/uploads\/2025\/02\/720\/405\/reza-pahlavi-geneva.jpg?ve=1&amp;tl=1, https:\/\/a57.foxnews.com\/static.foxnews.com\/foxnews.com\/content\/uploads\/2025\/02\/1440\/810\/reza-pahlavi-geneva.jpg?ve=1&amp;tl=1 2x\" height=\"405\" width=\"720\"><img loading=\"lazy\" decoding=\"async\" src=\"https:\/\/a57.foxnews.com\/static.foxnews.com\/foxnews.com\/content\/uploads\/2025\/02\/1200\/675\/reza-pahlavi-geneva.jpg?ve=1&amp;tl=1\" alt=\"Reza Pahlavi saluda a una multitud en Ginebra \" width=\"1200\" height=\"675\"\/><\/source><\/source><\/source><\/source><\/picture><\/div>\n<div class=\"info\">\n<div class=\"caption\">\n<p><span>El Pr\u00edncipe Heredero iran\u00ed Reza Pahlavi en el escenario en la Cumbre de Ginebra de 2025 por los Derechos Humanos y la Democracia.<\/span> <!----><\/p>\n<\/div>\n<\/div>\n<\/div>\n<p><strong><u>Haga clic aqu\u00ed para obtener la aplicaci\u00f3n Fox News<\/u><\/strong><\/p>\n<p>ANHRC no respondi\u00f3 de inmediato a la solicitud de comentarios de Fox News.<\/p>\n<p>Mientras que la 58\u00aa sesi\u00f3n del ANHRC a\u00fan est\u00e1 a d\u00edas de distancia, hay varios temas de discusi\u00f3n en su sitio web. China, Sud\u00e1n, Cuba, Vietnam y los otros miembros tendr\u00e1n la oportunidad de evaluar la \u00abAdvertencia temprana y la prevenci\u00f3n del genocidio\u00bb, \u00abla cuesti\u00f3n de la pena de muerte\u00bb y \u00abla eliminaci\u00f3n de todas las formas de discriminaci\u00f3n racial\u00bb, entre otras Temas.<\/p>\n<p>El presidente Donald Trump recientemente sac\u00f3 a los Estados Unidos de la UNHRC, algo que tambi\u00e9n hizo en su primer mandato. En su orden ejecutiva de 2025 sobre la retirada de la UNHRC, Trump expresa sentimientos similares a Neuer, diciendo que \u00abel UNHRC ha protegido a los abusadores de los derechos humanos al permitirles usar la organizaci\u00f3n para protegerse del escrutinio\u00bb.<\/p>\n<p> <!----> <\/p>\n<div class=\"article-meta\">\n<div class=\"author-bio\">\n<p>Rachel Wolf es una escritora de noticias de Fox News Digital y Fox Business.<\/p>\n<\/div>\n<\/div>\n<\/div>\n\n","protected":false},"excerpt":{"rendered":"<p>Los disidentes de todo el mundo se reunieron en Ginebra, Suiza, para contar las historias de su supervivencia y escape de los reg\u00edmenes autoritarios. En solo unos d\u00edas, el Consejo de Derechos Humanos de las Naciones Unidas (ANHRC) comenzar\u00e1 con su 58\u00aa sesi\u00f3n en esa misma ciudad. En sus comentarios de apertura en la Cumbre &hellip;<\/p>\n","protected":false},"author":1,"featured_media":15477,"comment_status":"open","ping_status":"open","sticky":false,"template":"","format":"standard","meta":{"fifu_image_url":"https:\/\/static.foxnews.com\/foxnews.com\/content\/uploads\/2025\/02\/geneva-2025-summit.jpg","fifu_image_alt":"","footnotes":""},"categories":[13],"tags":[],"class_list":["post-15475","post","type-post","status-publish","format-standard","has-post-thumbnail","","category-mundo"],"_links":{"self":[{"href":"https:\/\/noticiasveraces.com\/index.php?rest_route=\/wp\/v2\/posts\/15475","targetHints":{"allow":["GET"]}}],"collection":[{"href":"https:\/\/noticiasveraces.com\/index.php?rest_route=\/wp\/v2\/posts"}],"about":[{"href":"https:\/\/noticiasveraces.com\/index.php?rest_route=\/wp\/v2\/types\/post"}],"author":[{"embeddable":true,"href":"https:\/\/noticiasveraces.com\/index.php?rest_route=\/wp\/v2\/users\/1"}],"replies":[{"embeddable":true,"href":"https:\/\/noticiasveraces.com\/index.php?rest_route=%2Fwp%2Fv2%2Fcomments&post=15475"}],"version-history":[{"count":0,"href":"https:\/\/noticiasveraces.com\/index.php?rest_route=\/wp\/v2\/posts\/15475\/revisions"}],"wp:featuredmedia":[{"embeddable":true,"href":"https:\/\/noticiasveraces.com\/index.php?rest_route=\/wp\/v2\/media\/15477"}],"wp:attachment":[{"href":"https:\/\/noticiasveraces.com\/index.php?rest_route=%2Fwp%2Fv2%2Fmedia&parent=15475"}],"wp:term":[{"taxonomy":"category","embeddable":true,"href":"https:\/\/noticiasveraces.com\/index.php?rest_route=%2Fwp%2Fv2%2Fcategories&post=15475"},{"taxonomy":"post_tag","embeddable":true,"href":"https:\/\/noticiasveraces.com\/index.php?rest_route=%2Fwp%2Fv2%2Ftags&post=15475"}],"curies":[{"name":"wp","href":"https:\/\/api.w.org\/{rel}","templated":true}]}}