{"id":15456,"date":"2025-02-20T03:44:15","date_gmt":"2025-02-20T07:44:15","guid":{"rendered":"https:\/\/noticiasveraces.com\/?p=15456"},"modified":"2025-02-20T03:44:15","modified_gmt":"2025-02-20T07:44:15","slug":"el-catatumbo-huyendo-del-trueno-de-la-violencia","status":"publish","type":"post","link":"https:\/\/noticiasveraces.com\/?p=15456","title":{"rendered":"El Catatumbo: Huyendo del Trueno de la Violencia"},"content":{"rendered":"<p> \n<\/p>\n<div>\n<p>Miguel \u00c1ngel L\u00f3pez, Director de Una Funeraria de Tib\u00fa, SE Dedicaba A Recuperar Los Cadaverses que aparec\u00eda en Los Caminos de Una de las Regiones M\u00e1s Conflictivas de Colombia, El Catatumbo. El 15 de Enero, Fue Asesinado Junto A Su Esposa y Su Beb\u00e9 de 10 Meses Mientras Manejaban en El Carro F\u00fanEnebre Hacia C\u00facuta, Seg\u00fan los Medios Locales. Solo Sobrevivio Su Hijo de 10 A\u00f1os.<\/p>\n<p>Menos de 24 Horas Despu\u00e9s, Varios excombatientes que Firmaron el Acuerdo de Paz de 2016 Entre El Gobierno Colombiano y Las Farc Fueron Asesinados. OTROS Miles Han Huido desde entonces en un conflicto en conflicto<\/p>\n<p>\u201cTodos los L\u00edderes de Derechos Humanos Tuvieron que salir de la zona por las amenaza de los grupos armados y en Esa salida de la zona <strong>Hubo Masacres, Asesinatos Selectivos de L\u00edderes, Muertes de Familiares<\/strong><em>\u00bb <\/em>Explica Diego Andr\u00e9s Garc\u00eda, Que Trabaja en la Agencia de la Onu para los refugiados (Acnur) y Coordina la Respuesta de Las Agencias de Naciones Unidas y Otras Organizaciones.<\/p>\n<div class=\"context-un_news_large_credit type-entermedia_image media media--type-entermedia-image media--view-mode-un-news-large-credit\">\n<div class=\"field field--name-thumbnail field--type-image field--label-hidden field__item\"><img decoding=\"async\" src=\"https:\/\/global.unitednations.entermediadb.net\/assets\/mediadb\/services\/module\/asset\/downloads\/preset\/Libraries\/Production%20Library\/14-02-2025-UNHCR-Cucuta4.png\/image770x420cropped.jpg\" alt=\"REGISTRA DEL ACNUR PERSONAL A LOS DESPLAZADOS QUE LLEGAN AL ESTADIO GENERAL SANTANDER DE C\u00daCUTA.\" title=\"REGISTRA DEL ACNUR PERSONAL A LOS DESPLAZADOS QUE LLEGAN AL ESTADIO GENERAL SANTANDER DE C\u00daCUTA.\" loading=\"lazy\" width=\"770\" height=\"420\"\/>\n<\/div>\n<div class=\"field field--name-field-authors field--type-entity-reference field--label-hidden field__items\">\n<p>Acnur\/Cortes\u00eda Lucas Molet<\/p>\n<\/p><\/div>\n<\/div>\n<p><strong>M\u00e1s de 53.000 Personas SE Han Trasladado<\/strong> A Los N\u00facleos Urbanos, Como C\u00facuta, Oca\u00f1a y Tib\u00fa, Donde las Agencias de la Onu y Otras Organizaciones Est\u00e1 Ayudando A Los Ayuntamientos A Darles REGITO Y AYUDA DE EMERGENCIA.<\/p>\n<p><strong>\u201cLo perd\u00ed todo, tuve que salir sin nada. No Hubo TIempo \u201d, <\/strong>Cont\u00f3 Mar\u00eda*, Una Las Desplazadas A Acnur.<\/p>\n<p>V\u00eddeos que circulan en redes sociales ha cauturado el horror de la violencia. &#8216;Plomaceras&#8217; (Tiroteos), Vecinos que Escapan A Trav\u00e9s de Caminos, en Motocicletas, o en lanchas. Maestros de \u00e1reas remotas que abandonan sus puestos, dejando a 46,000 ni\u00f1os sin posibilidad de ir a la escuela.<\/p>\n<p>\u201cNosotros Nos Fuimos con granos miiedo. Mi Tierrita la Dej\u00e9 All\u00e1. Mi familia y yo quedamos separados \u201d,<em> <\/em>Dijo Sebasti\u00e1n*<em>.<\/em><\/p>\n<p>El Catatumbo, \u00abCasa del Trueno\u00bb en la Lengua del Pueblo Bar\u00ed, es una regio Remota y Pobre, Pero de Gran Diversidad Biol\u00f3gica y Riqueza Natural, Atravesado por Numerosos R\u00edos y Quebradas en El Noreste del Pa\u00eds, Que Hace Frontera con Venezuela. Es un <strong>territorio en disputa<\/strong> Entre Grupos Armados Debido A Su Importancia para la Miner\u00eda, La productaci\u00f3n de coca y el tr\u00e1fico il\u00edcito ya la escasa presencia del estado. En Los \u00daltimos Meses, Se Ha Pasado de Una Tensa Coexistencia Entre Grupos Armados A Una Guerra Abierta por el Control del Narcotr\u00e1fico.<\/p>\n<p>En Respuesta a la Crisis, El Presidente <strong>Gustavo Petro Declar\u00f3 El \u00abEstado de Conmoci\u00f3n\u00bb<\/strong> en Catatumbo y Despleg\u00f3 Unidades Militares de Reacci\u00f3n r\u00e1pida en Oca\u00f1a, Norte de Santander. El Presidente Colombiano Tambi\u00e9n decidi\u00f3 el romper las Negociaciones de Paz Con Eln Eln El Pasado 17 de Enero.<\/p>\n<p>\u00abAhora Hay Unos<strong> <\/strong>hostigamientos muy fuertos por parte del ej\u00e9rcito a los grupos armados y tenemos nuevos desplazamientos \u201d, A\u00f1ade Garc\u00eda.<\/p>\n<div class=\"context-un_news_large_credit type-entermedia_image media media--type-entermedia-image media--view-mode-un-news-large-credit\">\n<div class=\"field field--name-thumbnail field--type-image field--label-hidden field__item\"><img decoding=\"async\" src=\"https:\/\/global.unitednations.entermediadb.net\/assets\/mediadb\/services\/module\/asset\/downloads\/preset\/Libraries\/Production%20Library\/17-02-2025-NRC-CATATUMBO3.jpg\/image770x420cropped.jpg\" alt=\"Familia Desplazada en un centro de acogida temporal\" title=\"Familia Desplazada en un centro de acogida temporal\" loading=\"lazy\" width=\"770\" height=\"420\"\/>\n<\/div>\n<\/div>\n<p><strong>\u201cEstoy Emarazada, Tuve que salir r\u00e1pido de mi Casa y Estoy Sola Ac\u00e1<\/strong>\u00ab, Dijo Laura*. \u00abNos Fuimos Con mi Familia Juntos. Hab\u00eda un Se\u00f1or de 70 A\u00f1os Solo, Sin Familia, Cerca de Mi Casa. Nos Fuimos Con \u00c9l Porque No Pod\u00edamos Dejarlo Solo &#8230; Ahora es parte de Nuestra Familia\u00bb, A\u00f1ade Jos\u00e9*.<\/p>\n<p>\u00ab<strong>Heno Firmantes de Paz Asesinados, L\u00edderes Asesinados, Cuerpos que a\u00fan Siguen All\u00e1 Tirados y No se Han Recogido<\/strong>. Toda la Estrategia de los Grupos Armados es Minar Las Escuelas, Los Pueros de Salud &#8230; Y Posteriormento Quitarles Todas Las Tierras A Los L\u00edderes que Desplazaron \u201dDetall\u00f3 El Responsable de Acnur.<\/p>\n<h2>Respuesta humanitaria<\/h2>\n<div class=\"context-un_news_large_credit type-entermedia_image media media--type-entermedia-image media--view-mode-un-news-large-credit\">\n<div class=\"field field--name-thumbnail field--type-image field--label-hidden field__item\"><img decoding=\"async\" src=\"https:\/\/global.unitednations.entermediadb.net\/assets\/mediadb\/services\/module\/asset\/downloads\/preset\/Libraries\/Production%20Library\/14-02-2025-UNHCR-Cucuta7.png\/image770x420cropped.jpg\" alt=\"Del Acnur Asistido personal A Desplazados del Catatumbo Que Han Llegado A Albergue en C\u00facuta.\" title=\"Del Acnur Asistido personal A Desplazados del Catatumbo Que Han Llegado A Albergue en C\u00facuta.\" loading=\"lazy\" width=\"770\" height=\"420\"\/>\n<\/div>\n<div class=\"field field--name-field-authors field--type-entity-reference field--label-hidden field__items\">\n<p>Acnur\/ Cortes\u00eda de Lucas Molet<\/p>\n<\/p><\/div>\n<\/div>\n<p>Las Agencias de la Onu Ayudan A Las Personas Desplazadas, Entregando Agua y Alimentos, Kits de Higiene, Mantas y Colchonetas &#8230; en C\u00facuta (23.066 Personas Desplazadas), Tib\u00fa (13.541 Desplazados) y Ocena (10.285 Desplazadas).<\/p>\n<p>Pero Atr\u00e1s, en Las Monta\u00f1as, Miles de Personas Han Quedado Atrapadas en sus Casas. Casi 8500 Personas Est\u00e1n \u00abConfinadas\u00bb en Veredas de las Que no PUeden salir ya las que no lllega la ayuda y otras 19.000 restricciones de tienen para despl\u00e1zarse a otros n\u00facleos de poblaci\u00f3n.<\/p>\n<p>\u00abNieie Ha Podido Acceder a Esa Poblacia, Porque <strong>No Tenemos Garant\u00edas de Acceso Humanitario,<\/strong> porque Todav\u00eda hen Enfentamientos, porque heno Campos Minados y Porque Los Grupos Armados No nos deja Entero \u201d, Explic\u00f3 Garc\u00eda. \u00abEstamos Esperando que Lleguen Garant\u00edas del Acceso Humanitario para que con Los Socios podamos Desplegar Respuestas\u00bb.<\/p>\n<p>\u201cUna Pena Las Personas confinadas Puedan Salir, Dir\u00e1n &#8216;No Yo Aqu\u00ed no me quedo. <strong>\u00bfC\u00d3MO VOY A Quedar si la Escuela Est\u00e1 Minada? <\/strong>\u00bfC\u00f3mo Voy A Quedar Si Me Dijeron que si Sal\u00eda me Mataban? Seguramento Vuelvan un desplazarse \u201d, A\u00f1adi\u00f3.<\/p>\n<p>En la Primera Fase de la Emergencia, Las Agencias Deptaspieron Con los Fondos Locales para Norte de Santander.<\/p>\n<p>Pero una Emergencia de Esta Magnitud, Con 80.000 Afectados, \u00abDesborda la Capacidad de Los Socios, Instituciones de Las.<\/p>\n<p>\u201cSolo Pude Venir Con mis hijos porque mi esposo se qued\u00f3 cuidando un animalitos en la finca. Donde me estoy quedando me dieron unas s\u00e1banas, Pero estamos durmied donde podemos \u201d, Explic\u00f3 Sol*, Una de las Albergadas.<\/p>\n<p>El Coordinador Humanitario de la Onu, Tom Fletcher, \u00ab<strong>ha aprrobado la asignaci\u00f3n de 3,8 miles<\/strong><strong> <\/strong>de d\u00f3lares un colombia del<strong> <\/strong><strong>Fondo Central para la Acci\u00f3n en Camos de Emergencia<\/strong><strong> <\/strong>(Cerf) \u00ab, <strong>Que Permitir\u00e1n Ampliar la Respuesta A Los Confinados<\/strong>\u00abSincuidar lo que Tenemos ac\u00e1\u00bb, Dice Garc\u00eda Sobre Los Desplazados.<\/p>\n<p>Los Nuevos Fondos se Destinar\u00e1n un complementario la respuesta en Tema de Protecci\u00f3n, Refugio, Agua y Saneamiento, Educaci\u00f3n, Salud y SEGURIDAD ALIMIMARIA Y NUTRICINO<em>.<\/em><\/p>\n<div class=\"context-un_news_large_credit type-entermedia_image media media--type-entermedia-image media--view-mode-un-news-large-credit\">\n<div class=\"field field--name-thumbnail field--type-image field--label-hidden field__item\"><img decoding=\"async\" src=\"https:\/\/global.unitednations.entermediadb.net\/assets\/mediadb\/services\/module\/asset\/downloads\/preset\/Libraries\/Production%20Library\/14-02-2025-UNHCR-Cucuta6.png\/image770x420cropped.jpg\" alt=\"Desplazados del Catatumbo Reciben Ayuda en Un Albergue de C\u00facuta\" title=\"Desplazados del Catatumbo Reciben Ayuda en Un Albergue de C\u00facuta\" loading=\"lazy\" width=\"770\" height=\"420\"\/>\n<\/div>\n<div class=\"field field--name-field-authors field--type-entity-reference field--label-hidden field__items\">\n<p>Acnur\/Cortes\u00eda de Lucas Molet<\/p>\n<\/p><\/div>\n<\/div>\n<h2>Venezolanos \u00abSin Redes de Apoyo\u00bb<\/h2>\n<p>En Los \u00daltimos A\u00f1os, Miles de Venezolanos Cruzaron la Frontera Hacia Colombia y Muchos se Asentaron en el \u00e1rea de C\u00facuta.<\/p>\n<p>En el Catatumbo, Viven 42.023 Personas de Nacionalidad Venezolana Seg\u00fan Migraci\u00f3n Colombia de los que 4600 se Han Visto Desplazados.<\/p>\n<p>Algunos SE<strong> Ganan la Vida en Las Econom\u00edas il\u00edcitas, <\/strong>Trabajando en la Cadena de Estas econom\u00edas Raspando Coca, en las cocinas &#8230;<\/p>\n<div class=\"context-un_news_large_credit type-entermedia_image media media--type-entermedia-image media--view-mode-un-news-large-credit\">\n<div class=\"field field--name-thumbnail field--type-image field--label-hidden field__item\"><img decoding=\"async\" src=\"https:\/\/global.unitednations.entermediadb.net\/assets\/mediadb\/services\/module\/asset\/downloads\/preset\/Libraries\/Production%20Library\/14-02-205-UNHCR-Cucuta3.png\/image770x420cropped.jpg\" alt=\"Miles de Desplazados del Catatumbo Han Llegado Al Estadio General Santander, C\u00facuta\" title=\"Miles de Desplazados del Catatumbo Han Llegado Al Estadio General Santander, C\u00facuta\" loading=\"lazy\" width=\"770\" height=\"420\"\/>\n<\/div>\n<\/div>\n<p>Los Venezolanos no Van A REEMPRESAR AL CATATUMBO \u00abPorque no tienen un arraigo, no tienen sus redes de apoyo\u00bb, por lo que algunos optan por volver a venezuela y otros por quedarse en los centros urbanos colombianos.<\/p>\n<p>Hijo personal <strong>\u00abGrandes Carencias de Orientaci\u00f3n y Formaci\u00f3n\u00bb.<\/strong> \u201cEs una Poblacia que como estaba inmersa en el catatumbo, no sabe que el permiso especial de permanencia (pep), no sabe que hay una migraci\u00f3n colombia, no saben que tienen derecho a regularizaci\u00f3n, estr\u00e1 irregulares\u00bb, se\u00f1ala Garc\u00eda.<\/p>\n<h2>La Guerra por la Coca\u00edna<\/h2>\n<div class=\"context-un_news_large_credit type-entermedia_image media media--type-entermedia-image media--view-mode-un-news-large-credit\">\n<div class=\"field field--name-thumbnail field--type-image field--label-hidden field__item\"><img decoding=\"async\" src=\"https:\/\/global.unitednations.entermediadb.net\/assets\/mediadb\/services\/module\/asset\/downloads\/preset\/Libraries\/Production%20Library\/14-02-2025-Gobernacion%20Norte%20Santander-Catatumbo.png\/image770x420cropped.jpg\" alt=\"Imagen A\u00e9rea de la Regi\u00f3n del Catatumbo, Colombia.\" title=\"Imagen A\u00e9rea de la Regi\u00f3n del Catatumbo, Colombia.\" loading=\"lazy\" width=\"770\" height=\"420\"\/>\n<\/div>\n<div class=\"field field--name-field-authors field--type-entity-reference field--label-hidden field__items\">\n<p>Cortes\u00eda Gobernaci\u00f3n Norte de Santander<\/p>\n<\/p><\/div>\n<\/div>\n<p>SEIS D\u00e9cadas de Conforto en Colombia Han Matado A 450.000 Personas y Desplazado A Ocho Millones.<\/p>\n<p>Hace Ocho A\u00f1os El Gobierno y La Guerrilla de Las Farc-Ep <strong>Firmaron un Acuerdo de Paz<\/strong>Que Ha Alcanzado Progresos notables.<\/p>\n<p>Sin embargo, la retirada de las Farc de Regiones como Catatumbo Cre\u00f3 un vac\u00edo de Poder que llenaron otros Grupos Armados, como eln y las disidencias de las Farc.<\/p>\n<p>Este Cambio reaviv\u00f3 las disputas territoriales en el catatumbo, una de las zonas m\u00e1s complejas en el contexo del conflicto por trato de una regon\u00eda de los r\u00e9g al r\u00e9xidos y fronteriza con venezuela, que alberga Petr\u00f3leo en su subsuelo y mayor de cultivo de cultivo de coca coca y dondee presencia varios Grupos Armados.<\/p>\n<p><strong>Tib\u00fa,<\/strong> en la frontera con venezuela, es el municipio de colombia con m\u00e1s hect\u00e1reas de coca, con 23.030 seg\u00fan un estudio de la oficina de las naciones unidas contra la droga y el delito (Onudc).<em> <\/em>La Regi\u00f3n del Catatumbo es La Tercera del Pa\u00eds Con 43.867 hect\u00e1ras, por detr\u00e1s de Pac\u00edfico (107.078 hect\u00e1reas) Y Putumayo Caquet\u00e1 (56.933 hect\u00e1ras).<\/p>\n<p>EL 16 de Enero de 2025, Las tensiones de las eln y el Frente 33 Estallaron en Violencia Abierta. Seg\u00fan Diego Tovar, Uno de los Exguerrilleros los Firmantes del Acuerdo de Paz \u00ab, \u00e9sta es <strong>La alcalde crisis humanitaria a la que nos hemos enfrentado en Colombia desde que firmamos el Acuerdo \u00ab.<\/strong><\/p>\n<p>\u00abEl Catatumbo es como muchas regiones de Colombia, que <strong>a\u00fan esperan los dividendos del acuerdo de paz de 2016 en t\u00e9rminos de una presencia integral del estado<\/strong> Que Traiga Servicios P\u00fablicos, Econom\u00edas Legalas, Oportunidades de Desarrollo y Seguridad. Es en el Vac\u00edo de Presencia Estatal Donde Los Grupos Armados Ilegales Luchan por el Control Territorial Y Social \u201d, Dijo Recientse Carlos Ruiz Massieu, El Responsable de la Misi\u00f3n de la Onu Encargada de Verificar El Acuerdo de Paz, Al Consejo de Seguidad.<\/p>\n<h2>\u00abLa Mayor\u00eda no Quieren Regr\u00e9sar\u00bb<\/h2>\n<div class=\"context-un_news_large_credit type-entermedia_image media media--type-entermedia-image media--view-mode-un-news-large-credit\">\n<div class=\"field field--name-thumbnail field--type-image field--label-hidden field__item\"><img decoding=\"async\" src=\"https:\/\/global.unitednations.entermediadb.net\/assets\/mediadb\/services\/module\/asset\/downloads\/preset\/Libraries\/Production%20Library\/17-02-2025-NRC-CATATUMBO1.jpg\/image770x420cropped.jpg\" alt=\"Ni\u00f1os Desplazados a la Espera de Ayuda\" title=\"Ni\u00f1os Desplazados a la Espera de Ayuda\" loading=\"lazy\" width=\"770\" height=\"420\"\/>\n<\/div>\n<\/div>\n<p>Los Campesinos que Han Tenido Que Huir Pierden Adem\u00e1s de Su Casa, Su Forma de Ganarse La Vida: Los animales y la Tierra.<\/p>\n<p>\u00abHen Familias que Han intentado Regr\u00e9sar Porque Han Tenido Presiones de Que <strong>Les Van A Quitar Sus Tierras, Sus Animalitos, Sus Cultivos.<\/strong> Y Han Llegado y Han Tenido Que Volverse A Desplazar. O Hay Familias que cuando Llegaron otra vez se Encontraron con otro metido en la tierra \u201d, Cuenta Garc\u00eda Que Asegura que no se Dan las las Condicaciones para el retorno. \u00abLos Alcaldes Tienen una preocupacia muy grande y es que <strong>La Mayor\u00eda de Esa Poblacia Creo Que Va A Quedar Inserta en Los Cascos Urbanos<\/strong>. Lo que hist\u00f3rico pasa es que suben los \u00e9rdices de Pobreza Extreme Llegan A los Asentamientos Humanos informales &#8230; \u00ab<\/p>\n<p>UNOS <strong>46.900 Ni\u00f1os Se Han Quedado Sin Poder ir a la Escuela<\/strong> Y Est\u00e1n Retomando Las clases en Centros de Tib\u00fa, Oca\u00f1a y C\u00facuta. Unicef \u200b\u200by Otras Agencias Est\u00e1n Entregando Kits Educativos, Kits de apoyo en Salud Mental para Ni\u00f1os, Ni\u00f1as y Adolescentes<\/p>\n<p>El Coordinador Tambi\u00e9n Destaca que es Necesario Proteger A Los Ni\u00f1os y Mujeres Que Viven en Albergues. \u201cSE Exacerban Los Riesgos de Violencia Basadas en G\u00e9nero. Puede Haber situaciones delicadas de reclutamiento de Menores, infiltraci\u00f3n de los Grupos Armados en Estos Lugares &#8230; Hay que se indique que acompa\u00f1ando a las instituciones de las que esos albergue tengan el enfoque de proteci\u00d3n \u00ab.<\/p>\n<p>\u00abTenemos que<em> <\/em>Entender que Puede ser una emergencia que se extiende en el Tiempo \u201d, Se\u00f1ala Garc\u00eda.<\/p>\n<p><strong>\u00abLo \u00danico que Queremos es Volver, Pero no se puede\u00bb,<\/strong><em> <\/em>Concluy\u00f3 Santiago*.<\/p>\n<\/p>\n<p><em>*Los Nombres se Han Cambiado para proteger su identidad<\/em><\/p>\n<p><em>** El <\/em><em>Fondo Central para la Acci\u00f3n en Camos de Emergencia (Cerf)<\/em><em>  es una de las formas m\u00e1s r\u00e1spidas y eficaces de garantizar que la ayuda humanitaria que se necesita con urgencia llegue a las personas atrapadas en lasis.<\/em><\/p>\n<\/p>\n<h3>Escuche el reportaje <\/h3>\n<p><iframe loading=\"lazy\" src=\"https:\/\/w.soundcloud.com\/player\/?url=https%3A\/\/api.soundcloud.com\/tracks\/2037471832&amp;color=%23ff5500&amp;auto_play=false&amp;hide_related=false&amp;show_comments=true&amp;show_user=true&amp;show_reposts=false&amp;show_teaser=true&amp;visual=true\" width=\"100%\" height=\"300\" scrolling=\"no\" frameborder=\"no\"><\/iframe><\/p>\n<\/div>\n\n","protected":false},"excerpt":{"rendered":"<p>Miguel \u00c1ngel L\u00f3pez, Director de Una Funeraria de Tib\u00fa, SE Dedicaba A Recuperar Los Cadaverses que aparec\u00eda en Los Caminos de Una de las Regiones M\u00e1s Conflictivas de Colombia, El Catatumbo. El 15 de Enero, Fue Asesinado Junto A Su Esposa y Su Beb\u00e9 de 10 Meses Mientras Manejaban en El Carro F\u00fanEnebre Hacia C\u00facuta, &hellip;<\/p>\n","protected":false},"author":1,"featured_media":15458,"comment_status":"open","ping_status":"open","sticky":false,"template":"","format":"standard","meta":{"fifu_image_url":"https:\/\/global.unitednations.entermediadb.net\/assets\/mediadb\/services\/module\/asset\/downloads\/preset\/Libraries\/Production%20Library\/14-02-2025-UNHCR-Cucuta5.png\/image770x420cropped.jpg","fifu_image_alt":"","footnotes":""},"categories":[3],"tags":[],"class_list":["post-15456","post","type-post","status-publish","format-standard","has-post-thumbnail","","category-negocio"],"_links":{"self":[{"href":"https:\/\/noticiasveraces.com\/index.php?rest_route=\/wp\/v2\/posts\/15456","targetHints":{"allow":["GET"]}}],"collection":[{"href":"https:\/\/noticiasveraces.com\/index.php?rest_route=\/wp\/v2\/posts"}],"about":[{"href":"https:\/\/noticiasveraces.com\/index.php?rest_route=\/wp\/v2\/types\/post"}],"author":[{"embeddable":true,"href":"https:\/\/noticiasveraces.com\/index.php?rest_route=\/wp\/v2\/users\/1"}],"replies":[{"embeddable":true,"href":"https:\/\/noticiasveraces.com\/index.php?rest_route=%2Fwp%2Fv2%2Fcomments&post=15456"}],"version-history":[{"count":0,"href":"https:\/\/noticiasveraces.com\/index.php?rest_route=\/wp\/v2\/posts\/15456\/revisions"}],"wp:featuredmedia":[{"embeddable":true,"href":"https:\/\/noticiasveraces.com\/index.php?rest_route=\/wp\/v2\/media\/15458"}],"wp:attachment":[{"href":"https:\/\/noticiasveraces.com\/index.php?rest_route=%2Fwp%2Fv2%2Fmedia&parent=15456"}],"wp:term":[{"taxonomy":"category","embeddable":true,"href":"https:\/\/noticiasveraces.com\/index.php?rest_route=%2Fwp%2Fv2%2Fcategories&post=15456"},{"taxonomy":"post_tag","embeddable":true,"href":"https:\/\/noticiasveraces.com\/index.php?rest_route=%2Fwp%2Fv2%2Ftags&post=15456"}],"curies":[{"name":"wp","href":"https:\/\/api.w.org\/{rel}","templated":true}]}}