{"id":15437,"date":"2025-02-20T01:55:27","date_gmt":"2025-02-20T05:55:27","guid":{"rendered":"https:\/\/noticiasveraces.com\/?p=15437"},"modified":"2025-02-20T01:55:27","modified_gmt":"2025-02-20T05:55:27","slug":"yoon-comparece-en-primera-vista-del-juicio-por-insurrrecion-dw-20-02-2025","status":"publish","type":"post","link":"https:\/\/noticiasveraces.com\/?p=15437","title":{"rendered":"Yoon Comparece en Primera Vista del Juicio por Insurrreci\u00f3n &#8211; DW &#8211; 20\/02\/2025"},"content":{"rendered":"<p> \n<\/p>\n<div>\n<p>El Presidente de Corea del Sur, Yoon Suk-Yeol, Comparecio Este Jueves (20.02.2025) en la Primera Vista Preliminar del Juicio Penal al Que Ser\u00e1 Surdo por Supuesta Insurreci\u00f3n A ra\u00edz de su declaraci\u00f3n de la Ley Marcial El Pasado Diciembre, Qee hawe Sumido al Pa\u00eds ASI\u00c1TO EN UNA CRISIS POL\u00cdTICA.<\/p>\n<p>Yoon, que fue Inhabilitado por el parlamento nacional de Tras dicha Declaraci\u00f3n, Permanece formal en el carga Mientras Sigue abierto otro proceso pol\u00e9co en el tribunal constitucional, y cuya d\u00e9crima y \u00daltima vista prevista antes de las deibonales de la liberaci\u00f3n de la salina Lugar Tambi\u00e9n Hoy Mismo.<\/p>\n<p>El L\u00edder Conservador se Ha Convertido de Este Modo en el Primer Presidente del Pa\u00eds en Ser Aity A Un Juicio Penal Estando en El Cargo.<\/p>\n<p>El de Insurrecci\u00f3n Es El \u00fanico Cargo Ante El Que Un Mandatario de Corea del Sur no Tiene Inmunidad.<\/p>\n<p>La Audiencia de Este Jueves comenz\u00f3 a Las 10:00 Hora Local (02:00 CET) en el Tribunal del Distrito Central de Se\u00fal y Tiene como objetivo aclarar cu\u00e1les Son Los Hechos en disputa y planificar los procedimientos judiciales f\u00faticos.<\/p>\n<p>La Ley Surcoreana No Requiere que el Acusado Acuda A UNA Vista Preliminar, Pero Yoon decidi\u00f3 Asistir. El Mandatario Entr\u00f3 Al Tribunal Vestido Con Traje de Chaqueta Negro y Corbata Roja, Seg\u00fan Detalla Publicados por la Agencia Local de Noticias Yonhap.<\/p>\n<h2>Abogado justifica la fallida ley marcial<\/h2>\n<p>Al Comenzar El Juicio en Conta del Gobernante, El Abogado de Yoon Afirm\u00f3 El Jueves que su promulgaci\u00f3n de una Ley Marcial Busc\u00f3 Evitar UNA \u00abDictadura Legislativa\u00bb Impulsada por la Oposici\u00f3nica en Control Del Parlamento.<\/p>\n<p>Seg\u00fan El Abogado Kim Hong-il, \u00abLa Declaraci\u00f3n de Ley Marcial No Buscaba Paralizar El Estado\u00bb, Sino \u00abAlertar al P\u00daBlico Sobre la Crisis Nacional Nacionala Causa Causa Cause\u00bb.<\/p>\n<p>En su presente Ante el Tribunal, Kim Calific\u00f3 como \u00abIlegal\u00bb la imputaci\u00f3n de yoon y aleg\u00f3 que \u00abel \u00d3rgano Investigador no ten\u00eda jurisdicci\u00f3n para hacerlo\u00bb.<\/p>\n<p>Yoon, un exfiscal de 64 A\u00f1os, Permanece detenido desde su arresto en enero y enfrenta cargos de insurrreci\u00f3n por los cuales podr\u00eda sentenciado a prisi\u00f3n perpetua o la Pena de muerte.<\/p>\n<p>JC (Efe, AFP)<\/p>\n<\/p>\n<\/div>\n\n","protected":false},"excerpt":{"rendered":"<p>El Presidente de Corea del Sur, Yoon Suk-Yeol, Comparecio Este Jueves (20.02.2025) en la Primera Vista Preliminar del Juicio Penal al Que Ser\u00e1 Surdo por Supuesta Insurreci\u00f3n A ra\u00edz de su declaraci\u00f3n de la Ley Marcial El Pasado Diciembre, Qee hawe Sumido al Pa\u00eds ASI\u00c1TO EN UNA CRISIS POL\u00cdTICA. Yoon, que fue Inhabilitado por el &hellip;<\/p>\n","protected":false},"author":1,"featured_media":15438,"comment_status":"open","ping_status":"open","sticky":false,"template":"","format":"standard","meta":{"fifu_image_url":"https:\/\/static.dw.com\/image\/71678703_6.jpg","fifu_image_alt":"","footnotes":""},"categories":[13],"tags":[],"class_list":["post-15437","post","type-post","status-publish","format-standard","has-post-thumbnail","","category-mundo"],"_links":{"self":[{"href":"https:\/\/noticiasveraces.com\/index.php?rest_route=\/wp\/v2\/posts\/15437","targetHints":{"allow":["GET"]}}],"collection":[{"href":"https:\/\/noticiasveraces.com\/index.php?rest_route=\/wp\/v2\/posts"}],"about":[{"href":"https:\/\/noticiasveraces.com\/index.php?rest_route=\/wp\/v2\/types\/post"}],"author":[{"embeddable":true,"href":"https:\/\/noticiasveraces.com\/index.php?rest_route=\/wp\/v2\/users\/1"}],"replies":[{"embeddable":true,"href":"https:\/\/noticiasveraces.com\/index.php?rest_route=%2Fwp%2Fv2%2Fcomments&post=15437"}],"version-history":[{"count":0,"href":"https:\/\/noticiasveraces.com\/index.php?rest_route=\/wp\/v2\/posts\/15437\/revisions"}],"wp:featuredmedia":[{"embeddable":true,"href":"https:\/\/noticiasveraces.com\/index.php?rest_route=\/wp\/v2\/media\/15438"}],"wp:attachment":[{"href":"https:\/\/noticiasveraces.com\/index.php?rest_route=%2Fwp%2Fv2%2Fmedia&parent=15437"}],"wp:term":[{"taxonomy":"category","embeddable":true,"href":"https:\/\/noticiasveraces.com\/index.php?rest_route=%2Fwp%2Fv2%2Fcategories&post=15437"},{"taxonomy":"post_tag","embeddable":true,"href":"https:\/\/noticiasveraces.com\/index.php?rest_route=%2Fwp%2Fv2%2Ftags&post=15437"}],"curies":[{"name":"wp","href":"https:\/\/api.w.org\/{rel}","templated":true}]}}