{"id":15427,"date":"2025-02-19T23:14:45","date_gmt":"2025-02-20T03:14:45","guid":{"rendered":"https:\/\/noticiasveraces.com\/?p=15427"},"modified":"2025-02-19T23:14:45","modified_gmt":"2025-02-20T03:14:45","slug":"los-arbitros-denuncian-un-ambiente-de-odio-y-violencia-generalizada","status":"publish","type":"post","link":"https:\/\/noticiasveraces.com\/?p=15427","title":{"rendered":"Los \u00c1rbitros Denuncian Un Ambiente de \u00abOdio y Violencia Generalizada\u00bb"},"content":{"rendered":"<p> \n<\/p>\n<div id=\"intext\">\n<p>Los \u00c1rbitros y \u00c1rbitras profesionales de Todas las categor\u00edas del f\u00fatbol espa\u00f1ol ha denunciudo este mi\u00e9r\u00e9rcoles la \u00abalarmante e insostenible situaci\u00f3n\u00bb que atraviesa el colectivo y el ambiente de \u00abodo y violencia\u00bb que sufrena. Tambi\u00e9n Han Querido Expresar Su \u00abApoyo Total y Un\u00e1ne\u00bb A Su Compa\u00f1ero Jos\u00e9 Luis Munuera Montero, Al Que Esperan Ver \u00abCuanto Antes\u00bb Sobre Los Terrenos de Juego.<\/p>\n<p>Tras Mantener una Reuni\u00f3n Este Mi\u00e9rcoles en Madrid, emitieron un comunicado en el que, en nombre de Todos ellos, el colegiado jos\u00e9 mar\u00eda s\u00e1nchez mart\u00ednz mand\u00f3n un mensaje de uniDad y r\u00e9cord del es el es el hijo de los coressales. Trabajo \u00abde la Mejor Manera\u00bb.<\/p>\n<p>\u00abAnte un ambiente de odio y violencia generalizada contra nuestro colectivo, los \u00e1rbitros y \u00c1rbitras deseamos mostrar que estamos m\u00e1s unidos y fuertes que sean paraarrollar nuestra trabajador profesional, aunque cada dhina m\u00e1s dif\u00ed dicil ejercerla a aDos de los trabajadores todos de los z\u00fadas Espa\u00f1a \u00ab, Explica el Texto.<\/p>\n<p>Adem\u00e1s, considera que dicho trabajo ser\u00eda \u00abimposible\u00bb de ejercer \u00absin el respaldo y tutela profesional\u00bb del comit\u00e9 t\u00e9cnico de \u00e1lbitros de la rfef, que un su juicio \u00absufre el ambiente irrespirable\u00bb.<\/p>\n<h2 class=\"title-h2\">Defensa de Munuera Montero<\/h2>\n<p>El Colectivo arbitral Tambi\u00e9n reiter\u00f3 su \u00abapoyo Total y un\u00e1ne\u00bb A Jos\u00e9 Luis Munuera Montero, al Que Esperan ver \u00abCuanto antes\u00bb Sobre Los Terrenos de Juego.<\/p>\n<p>Este Martes se conoci\u00f3 que el Comit\u00e9 de Cumplimento Normacivo de la Real Federaci\u00f3n Espa\u00f1ola de F\u00fatbol (Rfef) Analiza una Informaci\u00f3n Relativa Al \u00c1rbitro Jiennense Internacional <b>Un Posible Conforto de Intereses<\/b>. S\u00e1nchez mart\u00ednez alert\u00f3 de que se est\u00e1n viviendo \u00abtiempos muy dif\u00edcilos en los que se est\u00e1n Traspasando l\u00ednas que nunca hab\u00edamos conocido\u00bb.<\/p>\n<p>\u00abQueremos Mandar Un Mensaje de \u00c1nimo, un Mensaje Fuerte y Sin Fisuras un nuestro componero Luis Munuero Montero, Que Sabemos que Est\u00e1 Viviendo Un Momento Un complicado, un Momento en el que las Atas de muntarle Nuestra Solidaridad, Estar Con El y Su Familia, Que Sabe Que est\u00e1 su Casa y Todos los Compa\u00f1eros le Queremos \u00ab, A\u00f1adi\u00f3 el Portavoz del Colectivo Arbitral.<\/p>\n<p>Munuera Montero, al Que no se le asignar\u00e1n Partidos Hasta que no acabe el procedimiento, anunci\u00f3 en un comunicado que eJercer\u00e1 \u00abLas Acciones civiles y correspondientes o informes contras -aquanos que de manera intencionada o temeraria hanhido falsedades o informes incorrectas\u00bb o sesas o ssespadas \u00abohalsectas\u00bb o sespadas \u00abo sespadas\u00bb ohelos o ssespadas \u00bb Sobre \u00e9l.<\/p>\n<p><i>S\u00edguenos en nuestro canal de whatsapp y no te Pierdas la \u00daLtima Hora y Toda la actualidad de antena3noticias.com<\/i><\/p>\n<div class=\"recirculation-video\" data-mod=\"a3mod_recirculation_video\">\n<div class=\"recirculation-video-wrapper\">\n<div>\n<div class=\"video-wrapper\">\n  <picture class=\"video-main-picture\"><source media=\"(min-width: 481px)\" srcset=\"https:\/\/fotografias.antena3.com\/clipping\/cmsimages01\/2025\/02\/19\/2A2E5CA0-4A05-4562-94D1-F9678CF8F2A3\/diablo-negro-grabado-aguas-tenerife_94.jpg?crop=1920,1080,x0,y0&amp;width=800&amp;height=450&amp;optimize=medium&amp;format=webply\" width=\"800\" height=\"450\"><source media=\"(min-width: 391px) and (max-width: 480px)\" srcset=\"https:\/\/fotografias.antena3.com\/clipping\/cmsimages01\/2025\/02\/19\/2A2E5CA0-4A05-4562-94D1-F9678CF8F2A3\/diablo-negro-grabado-aguas-tenerife_70.jpg?crop=1920,1080,x0,y0&amp;width=480&amp;height=270&amp;optimize=high&amp;format=webply\" width=\"480\" height=\"270\"><source media=\"(min-width: 321px) and (max-width: 390px)\" srcset=\"https:\/\/fotografias.antena3.com\/clipping\/cmsimages01\/2025\/02\/19\/2A2E5CA0-4A05-4562-94D1-F9678CF8F2A3\/diablo-negro-grabado-aguas-tenerife_92.jpg?crop=1920,1078,x0,y1&amp;width=390&amp;height=219&amp;optimize=high&amp;format=webply\" width=\"390\" height=\"219\"><source media=\"(max-width: 320px)\" srcset=\"https:\/\/fotografias.antena3.com\/clipping\/cmsimages01\/2025\/02\/19\/2A2E5CA0-4A05-4562-94D1-F9678CF8F2A3\/diablo-negro-grabado-aguas-tenerife_52.jpg?crop=1920,1080,x0,y0&amp;width=320&amp;height=180&amp;optimize=high&amp;format=webply\" width=\"320\" height=\"180\"><img decoding=\"async\" title=\"El Diablo Negro Grabado en Aguas de Tenerife\" alt=\"El Diablo Negro Grabado en Aguas de Tenerife\" width=\"480\" height=\"270\" src=\"https:\/\/fotografias.antena3.com\/clipping\/cmsimages01\/2025\/02\/19\/2A2E5CA0-4A05-4562-94D1-F9678CF8F2A3\/diablo-negro-grabado-aguas-tenerife_70.jpg?crop=1920,1080,x0,y0&amp;width=480&amp;height=270&amp;optimize=high&amp;format=webply\" loading=\"lazy\" class=\"lazy\"\/><br \/>\n  <\/source><\/source><\/source><\/source><\/picture>\n <\/div>\n<\/div><\/div>\n<\/p><\/div>\n<\/div>\n\n","protected":false},"excerpt":{"rendered":"<p>Los \u00c1rbitros y \u00c1rbitras profesionales de Todas las categor\u00edas del f\u00fatbol espa\u00f1ol ha denunciudo este mi\u00e9r\u00e9rcoles la \u00abalarmante e insostenible situaci\u00f3n\u00bb que atraviesa el colectivo y el ambiente de \u00abodo y violencia\u00bb que sufrena. Tambi\u00e9n Han Querido Expresar Su \u00abApoyo Total y Un\u00e1ne\u00bb A Su Compa\u00f1ero Jos\u00e9 Luis Munuera Montero, Al Que Esperan Ver \u00abCuanto &hellip;<\/p>\n","protected":false},"author":1,"featured_media":15429,"comment_status":"open","ping_status":"open","sticky":false,"template":"","format":"standard","meta":{"fifu_image_url":"https:\/\/fotografias.antena3.com\/clipping\/cmsimages01\/2025\/02\/19\/3FCC7F10-4299-4B8E-892D-45435A008632\/arbitros-denuncian-ambiente-odio-violencia-generalizada_69.jpg?crop=1280,720,x0,y0&width=1280&height=720&optimize=low&format=jpg","fifu_image_alt":"","footnotes":""},"categories":[6],"tags":[],"class_list":["post-15427","post","type-post","status-publish","format-standard","has-post-thumbnail","","category-deportes"],"_links":{"self":[{"href":"https:\/\/noticiasveraces.com\/index.php?rest_route=\/wp\/v2\/posts\/15427","targetHints":{"allow":["GET"]}}],"collection":[{"href":"https:\/\/noticiasveraces.com\/index.php?rest_route=\/wp\/v2\/posts"}],"about":[{"href":"https:\/\/noticiasveraces.com\/index.php?rest_route=\/wp\/v2\/types\/post"}],"author":[{"embeddable":true,"href":"https:\/\/noticiasveraces.com\/index.php?rest_route=\/wp\/v2\/users\/1"}],"replies":[{"embeddable":true,"href":"https:\/\/noticiasveraces.com\/index.php?rest_route=%2Fwp%2Fv2%2Fcomments&post=15427"}],"version-history":[{"count":0,"href":"https:\/\/noticiasveraces.com\/index.php?rest_route=\/wp\/v2\/posts\/15427\/revisions"}],"wp:featuredmedia":[{"embeddable":true,"href":"https:\/\/noticiasveraces.com\/index.php?rest_route=\/wp\/v2\/media\/15429"}],"wp:attachment":[{"href":"https:\/\/noticiasveraces.com\/index.php?rest_route=%2Fwp%2Fv2%2Fmedia&parent=15427"}],"wp:term":[{"taxonomy":"category","embeddable":true,"href":"https:\/\/noticiasveraces.com\/index.php?rest_route=%2Fwp%2Fv2%2Fcategories&post=15427"},{"taxonomy":"post_tag","embeddable":true,"href":"https:\/\/noticiasveraces.com\/index.php?rest_route=%2Fwp%2Fv2%2Ftags&post=15427"}],"curies":[{"name":"wp","href":"https:\/\/api.w.org\/{rel}","templated":true}]}}