{"id":15402,"date":"2025-02-19T18:46:28","date_gmt":"2025-02-19T22:46:28","guid":{"rendered":"https:\/\/noticiasveraces.com\/?p=15402"},"modified":"2025-02-19T18:46:28","modified_gmt":"2025-02-19T22:46:28","slug":"el-diplomatico-de-la-union-europea-superior-advierte-a-trump-que-no-permita-que-putin-rompa-las-alianzas","status":"publish","type":"post","link":"https:\/\/noticiasveraces.com\/?p=15402","title":{"rendered":"El diplom\u00e1tico de la Uni\u00f3n Europea superior advierte a Trump que no permita que Putin rompa las alianzas"},"content":{"rendered":"<p> \n<\/p>\n<div>\n<div class=\"featured featured-video video-ct\" data-v-5b44a610=\"\"><!----> <\/p>\n<div class=\"contain\" data-v-5b44a610=\"\">\n<div class=\"info\" data-v-5b44a610=\"\">\n<div class=\"caption\" data-v-5b44a610=\"\">\n<h4 class=\"title\" data-v-5b44a610=\"\">EE. UU., Rusia realizan conversaciones de paz sin Ucrania<\/h4>\n<p data-v-5b44a610=\"\">El ex subdirector de Inteligencia Nacional Cliff Sims se une a &#8216;America Reports&#8217; para explicar el estado de las conversaciones entre Estados Unidos y Rusia sobre la finalizaci\u00f3n de la guerra con Ucrania.<\/p>\n<\/div>\n<\/div>\n<\/div>\n<\/div>\n<p class=\"speakable\">Un alto funcionario de la Uni\u00f3n Europea est\u00e1 advirtiendo al presidente Donald Trump que no permita que el presidente ruso Vladimir Putin tenga \u00e9xito en dividir una alianza de d\u00e9cadas entre Estados Unidos y Europa, ya que Trump busca poner fin a la guerra en Ucrania. <\/p>\n<p class=\"speakable\">\u00abEst\u00e1 claro que cualquier acuerdo sobre Ucrania que no involucre a Europa fallar\u00e1\u00bb, dijo el jefe de pol\u00edtica de la UE Kaja Kallas a Fox News Digital desde Sud\u00e1frica. \u00abEuropa y los Estados Unidos son m\u00e1s fuertes juntos, esta es exactamente la raz\u00f3n por la cual Putin est\u00e1 tratando de dividirnos. <\/p>\n<p>\u00abNo le hagamos el favor\u00bb, agreg\u00f3. <\/p>\n<p><strong>Zelenskyy de Ucrania dice que Trump vive en el \u00abespacio de desinformaci\u00f3n\u00bb en medio de la brecha en las conversaciones de Rusia<\/strong><\/p>\n<div class=\"image-ct inline\">\n<div class=\"m\"><picture><source media=\"(max-width: 767px)\" srcset=\"https:\/\/a57.foxnews.com\/static.foxnews.com\/foxnews.com\/content\/uploads\/2018\/09\/343\/192\/9baf6b25-trump-putin.jpg?ve=1&amp;tl=1, https:\/\/a57.foxnews.com\/static.foxnews.com\/foxnews.com\/content\/uploads\/2018\/09\/686\/384\/9baf6b25-trump-putin.jpg?ve=1&amp;tl=1 2x\" height=\"192\" width=\"343\"><source media=\"(min-width: 768px) and (max-width: 1023px)\" srcset=\"https:\/\/a57.foxnews.com\/static.foxnews.com\/foxnews.com\/content\/uploads\/2018\/09\/672\/378\/9baf6b25-trump-putin.jpg?ve=1&amp;tl=1, https:\/\/a57.foxnews.com\/static.foxnews.com\/foxnews.com\/content\/uploads\/2018\/09\/1344\/756\/9baf6b25-trump-putin.jpg?ve=1&amp;tl=1 2x\" height=\"378\" width=\"672\"><source media=\"(min-width: 1024px) and (max-width: 1279px)\" srcset=\"https:\/\/a57.foxnews.com\/static.foxnews.com\/foxnews.com\/content\/uploads\/2018\/09\/931\/523\/9baf6b25-trump-putin.jpg?ve=1&amp;tl=1, https:\/\/a57.foxnews.com\/static.foxnews.com\/foxnews.com\/content\/uploads\/2018\/09\/1862\/1046\/9baf6b25-trump-putin.jpg?ve=1&amp;tl=1 2x\" height=\"523\" width=\"931\"><source media=\"(min-width: 1280px)\" srcset=\"https:\/\/a57.foxnews.com\/static.foxnews.com\/foxnews.com\/content\/uploads\/2018\/09\/720\/405\/9baf6b25-trump-putin.jpg?ve=1&amp;tl=1, https:\/\/a57.foxnews.com\/static.foxnews.com\/foxnews.com\/content\/uploads\/2018\/09\/1440\/810\/9baf6b25-trump-putin.jpg?ve=1&amp;tl=1 2x\" height=\"405\" width=\"720\"><img loading=\"lazy\" decoding=\"async\" src=\"https:\/\/a57.foxnews.com\/static.foxnews.com\/foxnews.com\/content\/uploads\/2018\/09\/1200\/675\/9baf6b25-trump-putin.jpg?ve=1&amp;tl=1\" alt=\"El presidente de los Estados Unidos, Donald Trump, y el presidente de Rusia, Vladimir Putin, hablan durante la sesi\u00f3n de fotos familiares en la Cumbre APEC en Danang, Vietnam, 11 de noviembre de 2017. Reuters\/Jorge Silva - RC1B1EDB0E40\" width=\"1200\" height=\"675\"\/><\/source><\/source><\/source><\/source><\/picture><\/div>\n<div class=\"info\">\n<div class=\"caption\">\n<p><span>El presidente Donald Trump y el presidente ruso Vladimir Putin podr\u00edan reunirse ya a fines de febrero despu\u00e9s de una delegaci\u00f3n de Washington y Mosc\u00fa en Arabia Saudita esta semana para restablecer los lazos diplom\u00e1ticos. <\/span> <span>(Reuters\/Jorge Silva)<\/span><\/p>\n<\/div>\n<\/div>\n<\/div>\n<p>Los comentarios de Kallas se produjeron despu\u00e9s de que ella realiz\u00f3 una llamada con el Secretario de Estado Marco Rubio y los Ministros de Relaciones Exteriores de Francia, el Reino Unido, Italia y Alemania el martes por la noche para discutir las conversaciones de los Estados Unidos con Rusia en Arabia Saudita, en la que Washington acord\u00f3 restablecer restablecerse Los lazos diplom\u00e1ticos con Mosc\u00fa a trav\u00e9s de embajadas de reapertura y reenv\u00edo de geopol\u00edtica y econ\u00f3mica.  <\/p>\n<p>La preocupaci\u00f3n en Europa ha aumentado sobre el impulso de la administraci\u00f3n Trump para encontrar una soluci\u00f3n para poner fin a la guerra en Ucrania, ya que ni Kiev ni ning\u00fan funcionario europeo a\u00fan han estado presentes para las discusiones. <\/p>\n<p>\u00abCuando dicen &#8216;estos son nuestros planes para el final de la guerra&#8217;, plantea preguntas para nosotros\u00bb, dijo el mi\u00e9rcoles el presidente ucraniano Volodymyr Zelenskyy a periodistas de Turqu\u00eda despu\u00e9s de una reuni\u00f3n con el presidente turco Recep Erdogan. \u00ab\u00bfD\u00f3nde estamos en esta mesa de negociaci\u00f3n? Esta guerra se lleva a cabo dentro de Ucrania. Putin est\u00e1 matando a los ucranianos, no a los estadounidenses\u00bb.<\/p>\n<p>\u00abQueremos una paz justa, una paz duradera, una paz sostenible\u00bb, agreg\u00f3.<\/p>\n<p>Si bien Rubio busc\u00f3 aclarar el r\u00e9cord despu\u00e9s de las conversaciones el martes al acordar que Ucrania, Europa y Rusia deber\u00e1n participar en cualquier t\u00e9rmino de alto el fuego, algunos comentarios de Trump han provocado frustraci\u00f3n en Kiev y preocupaci\u00f3n en toda Europa.<\/p>\n<div class=\"image-ct inline\">\n<div class=\"m\"><picture><source media=\"(max-width: 767px)\" srcset=\"https:\/\/a57.foxnews.com\/static.foxnews.com\/foxnews.com\/content\/uploads\/2024\/06\/343\/192\/Zelenskyy-5.png?ve=1&amp;tl=1, https:\/\/a57.foxnews.com\/static.foxnews.com\/foxnews.com\/content\/uploads\/2024\/06\/686\/384\/Zelenskyy-5.png?ve=1&amp;tl=1 2x\" height=\"192\" width=\"343\"><source media=\"(min-width: 768px) and (max-width: 1023px)\" srcset=\"https:\/\/a57.foxnews.com\/static.foxnews.com\/foxnews.com\/content\/uploads\/2024\/06\/672\/378\/Zelenskyy-5.png?ve=1&amp;tl=1, https:\/\/a57.foxnews.com\/static.foxnews.com\/foxnews.com\/content\/uploads\/2024\/06\/1344\/756\/Zelenskyy-5.png?ve=1&amp;tl=1 2x\" height=\"378\" width=\"672\"><source media=\"(min-width: 1024px) and (max-width: 1279px)\" srcset=\"https:\/\/a57.foxnews.com\/static.foxnews.com\/foxnews.com\/content\/uploads\/2024\/06\/931\/523\/Zelenskyy-5.png?ve=1&amp;tl=1, https:\/\/a57.foxnews.com\/static.foxnews.com\/foxnews.com\/content\/uploads\/2024\/06\/1862\/1046\/Zelenskyy-5.png?ve=1&amp;tl=1 2x\" height=\"523\" width=\"931\"><source media=\"(min-width: 1280px)\" srcset=\"https:\/\/a57.foxnews.com\/static.foxnews.com\/foxnews.com\/content\/uploads\/2024\/06\/720\/405\/Zelenskyy-5.png?ve=1&amp;tl=1, https:\/\/a57.foxnews.com\/static.foxnews.com\/foxnews.com\/content\/uploads\/2024\/06\/1440\/810\/Zelenskyy-5.png?ve=1&amp;tl=1 2x\" height=\"405\" width=\"720\"><img loading=\"lazy\" decoding=\"async\" src=\"https:\/\/a57.foxnews.com\/static.foxnews.com\/foxnews.com\/content\/uploads\/2024\/06\/1200\/675\/Zelenskyy-5.png?ve=1&amp;tl=1\" alt=\"Presidente ucraniano Volodymyr Zelenskyy\" width=\"1200\" height=\"675\"\/><\/source><\/source><\/source><\/source><\/picture><\/div>\n<div class=\"info\">\n<div class=\"caption\">\n<p><span>El presidente ucraniano, Volodymyr Zelenskyy, habla durante una conferencia de prensa conjunta en Kyiv el 9 de mayo de 2024.<\/span> <span>(AP Photo\/Efrem Lukatsky, archivo)<\/span><\/p>\n<\/div>\n<\/div>\n<\/div>\n<p>\u00abNecesitamos la fuerza estadounidense, no concesiones, para poner fin a esta guerra en los t\u00e9rminos de Ucrania\u00bb, dijo Kallas a Fox News Digital. \u00abEntregar el territorio ucraniano a Putin en un plato es una estrategia perdedora\u00bb.<\/p>\n<p><strong>Rubio avanza con Rusia despu\u00e9s de que Trump prometi\u00f3 poner fin a la guerra en Ucrania<\/strong><\/p>\n<p>Kallas, junto con otros l\u00edderes europeos, se desestim\u00f3 esta semana cuando Trump dijo que Ucrania necesita celebrar elecciones presidenciales, algo que Ucrania constitucionalmente no puede hacer durante un estado de guerra.<\/p>\n<p>\u00abLas elecciones en Ucrania son imposibles en medio de los ataques diarios de Rusia, que han desplazado a millones de ucranianos\u00bb, dijo Kallas. \u00abNo olvidemos que Rusia no ha celebrado una elecci\u00f3n gratuita en 25 a\u00f1os\u00bb.<\/p>\n<div class=\"image-ct inline\">\n<div class=\"m\"><picture><source media=\"(max-width: 767px)\" srcset=\"https:\/\/a57.foxnews.com\/static.foxnews.com\/foxnews.com\/content\/uploads\/2025\/01\/343\/192\/russia-kallas.jpg?ve=1&amp;tl=1, https:\/\/a57.foxnews.com\/static.foxnews.com\/foxnews.com\/content\/uploads\/2025\/01\/686\/384\/russia-kallas.jpg?ve=1&amp;tl=1 2x\" height=\"192\" width=\"343\"><source media=\"(min-width: 768px) and (max-width: 1023px)\" srcset=\"https:\/\/a57.foxnews.com\/static.foxnews.com\/foxnews.com\/content\/uploads\/2025\/01\/672\/378\/russia-kallas.jpg?ve=1&amp;tl=1, https:\/\/a57.foxnews.com\/static.foxnews.com\/foxnews.com\/content\/uploads\/2025\/01\/1344\/756\/russia-kallas.jpg?ve=1&amp;tl=1 2x\" height=\"378\" width=\"672\"><source media=\"(min-width: 1024px) and (max-width: 1279px)\" srcset=\"https:\/\/a57.foxnews.com\/static.foxnews.com\/foxnews.com\/content\/uploads\/2025\/01\/931\/523\/russia-kallas.jpg?ve=1&amp;tl=1, https:\/\/a57.foxnews.com\/static.foxnews.com\/foxnews.com\/content\/uploads\/2025\/01\/1862\/1046\/russia-kallas.jpg?ve=1&amp;tl=1 2x\" height=\"523\" width=\"931\"><source media=\"(min-width: 1280px)\" srcset=\"https:\/\/a57.foxnews.com\/static.foxnews.com\/foxnews.com\/content\/uploads\/2025\/01\/720\/405\/russia-kallas.jpg?ve=1&amp;tl=1, https:\/\/a57.foxnews.com\/static.foxnews.com\/foxnews.com\/content\/uploads\/2025\/01\/1440\/810\/russia-kallas.jpg?ve=1&amp;tl=1 2x\" height=\"405\" width=\"720\"><img loading=\"lazy\" decoding=\"async\" src=\"https:\/\/a57.foxnews.com\/static.foxnews.com\/foxnews.com\/content\/uploads\/2025\/01\/1200\/675\/russia-kallas.jpg?ve=1&amp;tl=1\" alt=\"Eu kaja kalla\" width=\"1200\" height=\"675\"\/><\/source><\/source><\/source><\/source><\/picture><\/div>\n<div class=\"info\">\n<div class=\"caption\">\n<p><span>Kaja Kallas habla de la prensa durante la cumbre de la UE en Bruselas, B\u00e9lgica, el 19 de diciembre de 2024.<\/span> <span>(Nicolas Landemard\/Anadolu a trav\u00e9s de Getty Images)<\/span><\/p>\n<\/div>\n<\/div>\n<\/div>\n<p>Kallas, quien le dijo a Fox News Digital que ha presentado una propuesta que ver\u00eda a las naciones de la UE aumentar la ayuda militar a Ucrania este a\u00f1o, argument\u00f3: \u00abKiev debe poder negociar desde un lugar de fortaleza\u00bb.<\/p>\n<p>Los informes indicaron que los l\u00edderes europeos celebrar\u00edan una segunda cumbre de emergencia en Ucrania en Par\u00eds el mi\u00e9rcoles despu\u00e9s de que un grupo m\u00e1s peque\u00f1o de l\u00edderes de Francia, Alemania, Italia, Espa\u00f1a, Polonia, Dinamarca y el Reino Unido se reunieron el lunes despu\u00e9s de la Conferencia de Seguridad de M\u00fanich.<\/p>\n<p>A pesar de las preocupaciones de que Putin podr\u00eda estar dividiendo a Occidente, un ex oficial de inteligencia de DIA y autor de \u00abPutin&#8217;s Playbook\u00bb, Rebekah Koffler, argument\u00f3 que la estrategia de la administraci\u00f3n Trump para poner fin a la guerra no es una indicaci\u00f3n de que Estados Unidos est\u00e1 abandonando sus aliados.<\/p>\n<p>\u00abEstados Unidos no se est\u00e1 volviendo contra Europa\u00bb, dijo. \u00abLa OTAN tuvo 10 a\u00f1os, una d\u00e9cada para prepararse y disuadir esta guerra\u00bb.<\/p>\n<div class=\"image-ct inline\">\n<div class=\"m\"><picture><source media=\"(max-width: 767px)\" srcset=\"https:\/\/a57.foxnews.com\/static.foxnews.com\/foxnews.com\/content\/uploads\/2025\/02\/343\/192\/zelenskyss-vance.jpg?ve=1&amp;tl=1, https:\/\/a57.foxnews.com\/static.foxnews.com\/foxnews.com\/content\/uploads\/2025\/02\/686\/384\/zelenskyss-vance.jpg?ve=1&amp;tl=1 2x\" height=\"192\" width=\"343\"><source media=\"(min-width: 768px) and (max-width: 1023px)\" srcset=\"https:\/\/a57.foxnews.com\/static.foxnews.com\/foxnews.com\/content\/uploads\/2025\/02\/672\/378\/zelenskyss-vance.jpg?ve=1&amp;tl=1, https:\/\/a57.foxnews.com\/static.foxnews.com\/foxnews.com\/content\/uploads\/2025\/02\/1344\/756\/zelenskyss-vance.jpg?ve=1&amp;tl=1 2x\" height=\"378\" width=\"672\"><source media=\"(min-width: 1024px) and (max-width: 1279px)\" srcset=\"https:\/\/a57.foxnews.com\/static.foxnews.com\/foxnews.com\/content\/uploads\/2025\/02\/931\/523\/zelenskyss-vance.jpg?ve=1&amp;tl=1, https:\/\/a57.foxnews.com\/static.foxnews.com\/foxnews.com\/content\/uploads\/2025\/02\/1862\/1046\/zelenskyss-vance.jpg?ve=1&amp;tl=1 2x\" height=\"523\" width=\"931\"><source media=\"(min-width: 1280px)\" srcset=\"https:\/\/a57.foxnews.com\/static.foxnews.com\/foxnews.com\/content\/uploads\/2025\/02\/720\/405\/zelenskyss-vance.jpg?ve=1&amp;tl=1, https:\/\/a57.foxnews.com\/static.foxnews.com\/foxnews.com\/content\/uploads\/2025\/02\/1440\/810\/zelenskyss-vance.jpg?ve=1&amp;tl=1 2x\" height=\"405\" width=\"720\"><img loading=\"lazy\" decoding=\"async\" src=\"https:\/\/a57.foxnews.com\/static.foxnews.com\/foxnews.com\/content\/uploads\/2025\/02\/1200\/675\/zelenskyss-vance.jpg?ve=1&amp;tl=1\" alt=\"Zelenskyy y su equipo se re\u00fanen con el vicepresidente Vance en la Conferencia de Seguridad de Munich\" width=\"1200\" height=\"675\"\/><\/source><\/source><\/source><\/source><\/picture><\/div>\n<div class=\"info\">\n<div class=\"caption\">\n<p><span>El vicepresidente JD Vance y el secretario de Estado Marco Rubio se re\u00fanen con el presidente ucraniano Volodymyr Zelensky al margen de la Conferencia de Seguridad de Munich en Alemania el 14 de febrero de 2025.<\/span> <span>(Tobias Schwarz\/AFP a trav\u00e9s de Getty Images)<\/span><\/p>\n<\/div>\n<\/div>\n<\/div>\n<p><strong>Haga clic aqu\u00ed para obtener la aplicaci\u00f3n Fox News<\/strong><\/p>\n<p>\u00abEn el transcurso de varios a\u00f1os, mis colegas y yo informamos a los altos funcionarios militares y de inteligencia de las principales naciones europeas sobre la amenaza rusa. En vano\u00bb, dijo Koffler, y se\u00f1al\u00f3 que ella y sus colegas de inteligencia estadounidenses advirtieron a las naciones europeas en 2013 antes de la rusa. Invasion of Crimea en 2014. \u00abLa OTAN ignor\u00f3 la amenaza durante una d\u00e9cada y no se molest\u00f3 en desarrollar una contra-estrategia para el libro de jugadas de Putin.<\/p>\n<p>\u00abTrump est\u00e1 entregando la responsabilidad de la protecci\u00f3n de Europa a los europeos\u00bb, agreg\u00f3, se\u00f1alando que Occidente ya estaba dividido dados las fallas de algunas naciones de la OTAN para cumplir con los acuerdos de gasto de defensa. <\/p>\n<p> <!----> <\/p>\n<div class=\"article-meta\">\n<div class=\"author-bio\">\n<p>Caitlin McFall es reportero de Fox News Digital Cubting Politics, US y World News.<\/p>\n<\/div>\n<\/div>\n<\/div>\n\n","protected":false},"excerpt":{"rendered":"<p>EE. UU., Rusia realizan conversaciones de paz sin Ucrania El ex subdirector de Inteligencia Nacional Cliff Sims se une a &#8216;America Reports&#8217; para explicar el estado de las conversaciones entre Estados Unidos y Rusia sobre la finalizaci\u00f3n de la guerra con Ucrania. Un alto funcionario de la Uni\u00f3n Europea est\u00e1 advirtiendo al presidente Donald Trump &hellip;<\/p>\n","protected":false},"author":1,"featured_media":15404,"comment_status":"open","ping_status":"open","sticky":false,"template":"","format":"standard","meta":{"fifu_image_url":"https:\/\/static.foxnews.com\/foxnews.com\/content\/uploads\/2025\/02\/trump-putin-eu.jpg","fifu_image_alt":"","footnotes":""},"categories":[13],"tags":[],"class_list":["post-15402","post","type-post","status-publish","format-standard","has-post-thumbnail","","category-mundo"],"_links":{"self":[{"href":"https:\/\/noticiasveraces.com\/index.php?rest_route=\/wp\/v2\/posts\/15402","targetHints":{"allow":["GET"]}}],"collection":[{"href":"https:\/\/noticiasveraces.com\/index.php?rest_route=\/wp\/v2\/posts"}],"about":[{"href":"https:\/\/noticiasveraces.com\/index.php?rest_route=\/wp\/v2\/types\/post"}],"author":[{"embeddable":true,"href":"https:\/\/noticiasveraces.com\/index.php?rest_route=\/wp\/v2\/users\/1"}],"replies":[{"embeddable":true,"href":"https:\/\/noticiasveraces.com\/index.php?rest_route=%2Fwp%2Fv2%2Fcomments&post=15402"}],"version-history":[{"count":0,"href":"https:\/\/noticiasveraces.com\/index.php?rest_route=\/wp\/v2\/posts\/15402\/revisions"}],"wp:featuredmedia":[{"embeddable":true,"href":"https:\/\/noticiasveraces.com\/index.php?rest_route=\/wp\/v2\/media\/15404"}],"wp:attachment":[{"href":"https:\/\/noticiasveraces.com\/index.php?rest_route=%2Fwp%2Fv2%2Fmedia&parent=15402"}],"wp:term":[{"taxonomy":"category","embeddable":true,"href":"https:\/\/noticiasveraces.com\/index.php?rest_route=%2Fwp%2Fv2%2Fcategories&post=15402"},{"taxonomy":"post_tag","embeddable":true,"href":"https:\/\/noticiasveraces.com\/index.php?rest_route=%2Fwp%2Fv2%2Ftags&post=15402"}],"curies":[{"name":"wp","href":"https:\/\/api.w.org\/{rel}","templated":true}]}}