{"id":15381,"date":"2025-02-19T15:40:17","date_gmt":"2025-02-19T19:40:17","guid":{"rendered":"https:\/\/noticiasveraces.com\/?p=15381"},"modified":"2025-02-19T15:40:17","modified_gmt":"2025-02-19T19:40:17","slug":"el-papa-francisco-muestra-una-ligera-mejora-recibe-una-visita-al-primer-ministro-italiano","status":"publish","type":"post","link":"https:\/\/noticiasveraces.com\/?p=15381","title":{"rendered":"El Papa Francisco muestra una ligera mejora, recibe una visita al primer ministro italiano"},"content":{"rendered":"<p> \n<\/p>\n<div>\n<p class=\"speakable\">El Papa Francisco mostr\u00f3 una ligera mejora mientras luchaba contra la neumon\u00eda el mi\u00e9rcoles y recibi\u00f3 una visita del primer ministro italiano Giorgia Meloni, quien dijo que estaba \u00abalerta y receptivo\u00bb y lleno de buen humor mientras lucha contra un caso de neumon\u00eda.<\/p>\n<p class=\"speakable\">Meloni dijo que quer\u00eda desearle a Francis bien en nombre del gobierno italiano y la naci\u00f3n. Pas\u00f3 20 minutos con el Papa, dijo el Vaticano. <\/p>\n<p>\u00abBromeamos como siempre. No ha perdido su proverbial sentido del humor\u00bb, dijo en un comunicado.<\/p>\n<p><strong>El Papa Francisco comienza el A\u00f1o Santo en el Vaticano con m\u00e1s de 32 millones de visitantes esperados<\/strong><\/p>\n<div class=\"image-ct inline\">\n<div class=\"m\"><picture><source media=\"(max-width: 767px)\" srcset=\"https:\/\/a57.foxnews.com\/static.foxnews.com\/foxnews.com\/content\/uploads\/2025\/02\/343\/192\/pope-francis-2.jpg?ve=1&amp;tl=1, https:\/\/a57.foxnews.com\/static.foxnews.com\/foxnews.com\/content\/uploads\/2025\/02\/686\/384\/pope-francis-2.jpg?ve=1&amp;tl=1 2x\" height=\"192\" width=\"343\"><source media=\"(min-width: 768px) and (max-width: 1023px)\" srcset=\"https:\/\/a57.foxnews.com\/static.foxnews.com\/foxnews.com\/content\/uploads\/2025\/02\/672\/378\/pope-francis-2.jpg?ve=1&amp;tl=1, https:\/\/a57.foxnews.com\/static.foxnews.com\/foxnews.com\/content\/uploads\/2025\/02\/1344\/756\/pope-francis-2.jpg?ve=1&amp;tl=1 2x\" height=\"378\" width=\"672\"><source media=\"(min-width: 1024px) and (max-width: 1279px)\" srcset=\"https:\/\/a57.foxnews.com\/static.foxnews.com\/foxnews.com\/content\/uploads\/2025\/02\/931\/523\/pope-francis-2.jpg?ve=1&amp;tl=1, https:\/\/a57.foxnews.com\/static.foxnews.com\/foxnews.com\/content\/uploads\/2025\/02\/1862\/1046\/pope-francis-2.jpg?ve=1&amp;tl=1 2x\" height=\"523\" width=\"931\"><source media=\"(min-width: 1280px)\" srcset=\"https:\/\/a57.foxnews.com\/static.foxnews.com\/foxnews.com\/content\/uploads\/2025\/02\/720\/405\/pope-francis-2.jpg?ve=1&amp;tl=1, https:\/\/a57.foxnews.com\/static.foxnews.com\/foxnews.com\/content\/uploads\/2025\/02\/1440\/810\/pope-francis-2.jpg?ve=1&amp;tl=1 2x\" height=\"405\" width=\"720\"><img loading=\"lazy\" decoding=\"async\" src=\"https:\/\/a57.foxnews.com\/static.foxnews.com\/foxnews.com\/content\/uploads\/2025\/02\/1200\/675\/pope-francis-2.jpg?ve=1&amp;tl=1\" alt=\"El Papa Francisco ofrece su audiencia semanal en el Vaticano\" width=\"1200\" height=\"675\"\/><\/source><\/source><\/source><\/source><\/picture><\/div>\n<div class=\"info\">\n<div class=\"caption\">\n<p><span>El Papa Francisco sostiene su homil\u00eda durante la audiencia general semanal en el Pabin VI Hall el 12 de febrero de 2025, en la ciudad del Vaticano, Vaticano.<\/span> <span>(Medios del Vaticano a trav\u00e9s de Vatican Pool\/Getty Images)<\/span><\/p>\n<\/div>\n<\/div>\n<\/div>\n<p>M\u00e1s all\u00e1 de su equipo, Meloni es el primer extra\u00f1o en visitar Francis desde que fue hospitalizado en el Hospital Gemelli de Roma, donde los papas tienen su propia suite en el d\u00e9cimo piso. <\/p>\n<p>Francis mostr\u00f3 una ligera mejora el mi\u00e9rcoles, dijo el Vaticano. <\/p>\n<p>Las condiciones cl\u00ednicas del Santo Padre son estables, dijo el Vaticano en un comunicado. \u00abLos an\u00e1lisis de sangre, evaluados por el personal m\u00e9dico, muestran una ligera mejora, en particular los \u00edndices inflamatorios\u00bb.<\/p>\n<p><strong><u>El Papa Francisco herido cuando el Vaticano confirma la segunda ca\u00edda en cuesti\u00f3n de semanas<\/u><\/strong><\/p>\n<div class=\"image-ct inline\">\n<div class=\"m\"><picture><source media=\"(max-width: 767px)\" srcset=\"https:\/\/a57.foxnews.com\/static.foxnews.com\/foxnews.com\/content\/uploads\/2024\/08\/343\/192\/Giorgia-Meloni2.jpg?ve=1&amp;tl=1, https:\/\/a57.foxnews.com\/static.foxnews.com\/foxnews.com\/content\/uploads\/2024\/08\/686\/384\/Giorgia-Meloni2.jpg?ve=1&amp;tl=1 2x\" height=\"192\" width=\"343\"><source media=\"(min-width: 768px) and (max-width: 1023px)\" srcset=\"https:\/\/a57.foxnews.com\/static.foxnews.com\/foxnews.com\/content\/uploads\/2024\/08\/672\/378\/Giorgia-Meloni2.jpg?ve=1&amp;tl=1, https:\/\/a57.foxnews.com\/static.foxnews.com\/foxnews.com\/content\/uploads\/2024\/08\/1344\/756\/Giorgia-Meloni2.jpg?ve=1&amp;tl=1 2x\" height=\"378\" width=\"672\"><source media=\"(min-width: 1024px) and (max-width: 1279px)\" srcset=\"https:\/\/a57.foxnews.com\/static.foxnews.com\/foxnews.com\/content\/uploads\/2024\/08\/931\/523\/Giorgia-Meloni2.jpg?ve=1&amp;tl=1, https:\/\/a57.foxnews.com\/static.foxnews.com\/foxnews.com\/content\/uploads\/2024\/08\/1862\/1046\/Giorgia-Meloni2.jpg?ve=1&amp;tl=1 2x\" height=\"523\" width=\"931\"><source media=\"(min-width: 1280px)\" srcset=\"https:\/\/a57.foxnews.com\/static.foxnews.com\/foxnews.com\/content\/uploads\/2024\/08\/720\/405\/Giorgia-Meloni2.jpg?ve=1&amp;tl=1, https:\/\/a57.foxnews.com\/static.foxnews.com\/foxnews.com\/content\/uploads\/2024\/08\/1440\/810\/Giorgia-Meloni2.jpg?ve=1&amp;tl=1 2x\" height=\"405\" width=\"720\"><img loading=\"lazy\" decoding=\"async\" src=\"https:\/\/a57.foxnews.com\/static.foxnews.com\/foxnews.com\/content\/uploads\/2024\/08\/1200\/675\/Giorgia-Meloni2.jpg?ve=1&amp;tl=1\" alt=\"Giorgia meloni en Roma\" width=\"1200\" height=\"675\"\/><\/source><\/source><\/source><\/source><\/picture><\/div>\n<div class=\"info\">\n<div class=\"caption\">\n<p><span>Primer Ministro, Giorgia Meloni en el patio de Palazzo Chigi. Roma (Italia), 25 de julio de 2024.<\/span> <span>(Massimo di Vita\/Archivio Massimo di Vita\/Mondadori Portfolio a trav\u00e9s de Getty Images)<\/span><\/p>\n<\/div>\n<\/div>\n<\/div>\n<p>Despu\u00e9s del desayuno, Francis ley\u00f3 algunos peri\u00f3dicos y luego se dedic\u00f3 a las actividades laborales con sus colaboradores m\u00e1s cercanos. Antes del almuerzo, recibi\u00f3 la Eucarist\u00eda. <\/p>\n<p>El mi\u00e9rcoles, el vicario de Francis para Roma inst\u00f3 a sus seguidores a rezar silenciosamente por una hora para el Papa antes de los servicios de las V\u00edsperas de la noche. <\/p>\n<p>Algunos visitantes del hospital encendieron una vela en su honor.<\/p>\n<p>\u00abCreo que muchas personas est\u00e1n decepcionadas, pero creo que lo m\u00e1s importante es que realmente tenemos que rezar por su salud\u00bb, dijo la hermana Charlene, una monja de Singapur que estaba en la plaza.<\/p>\n<div class=\"image-ct inline\">\n<div class=\"m\"><picture><source media=\"(max-width: 767px)\" srcset=\"https:\/\/a57.foxnews.com\/static.foxnews.com\/foxnews.com\/content\/uploads\/2022\/05\/343\/192\/1df6f4d8-Pope-Francis.png?ve=1&amp;tl=1, https:\/\/a57.foxnews.com\/static.foxnews.com\/foxnews.com\/content\/uploads\/2022\/05\/686\/384\/1df6f4d8-Pope-Francis.png?ve=1&amp;tl=1 2x\" height=\"192\" width=\"343\"><source media=\"(min-width: 768px) and (max-width: 1023px)\" srcset=\"https:\/\/a57.foxnews.com\/static.foxnews.com\/foxnews.com\/content\/uploads\/2022\/05\/672\/378\/1df6f4d8-Pope-Francis.png?ve=1&amp;tl=1, https:\/\/a57.foxnews.com\/static.foxnews.com\/foxnews.com\/content\/uploads\/2022\/05\/1344\/756\/1df6f4d8-Pope-Francis.png?ve=1&amp;tl=1 2x\" height=\"378\" width=\"672\"><source media=\"(min-width: 1024px) and (max-width: 1279px)\" srcset=\"https:\/\/a57.foxnews.com\/static.foxnews.com\/foxnews.com\/content\/uploads\/2022\/05\/931\/523\/1df6f4d8-Pope-Francis.png?ve=1&amp;tl=1, https:\/\/a57.foxnews.com\/static.foxnews.com\/foxnews.com\/content\/uploads\/2022\/05\/1862\/1046\/1df6f4d8-Pope-Francis.png?ve=1&amp;tl=1 2x\" height=\"523\" width=\"931\"><source media=\"(min-width: 1280px)\" srcset=\"https:\/\/a57.foxnews.com\/static.foxnews.com\/foxnews.com\/content\/uploads\/2022\/05\/720\/405\/1df6f4d8-Pope-Francis.png?ve=1&amp;tl=1, https:\/\/a57.foxnews.com\/static.foxnews.com\/foxnews.com\/content\/uploads\/2022\/05\/1440\/810\/1df6f4d8-Pope-Francis.png?ve=1&amp;tl=1 2x\" height=\"405\" width=\"720\"><img loading=\"lazy\" decoding=\"async\" src=\"https:\/\/a57.foxnews.com\/static.foxnews.com\/foxnews.com\/content\/uploads\/2022\/05\/1200\/675\/1df6f4d8-Pope-Francis.png?ve=1&amp;tl=1\" alt=\"El Papa Francisco habla en el Vaticano\" width=\"1200\" height=\"675\"\/><\/source><\/source><\/source><\/source><\/picture><\/div>\n<div class=\"info\">\n<div class=\"caption\">\n<p><span>El Papa Francisco pronuncia su discurso durante su audiencia general semanal en St. Peter&#8217;s Square, en el Vaticano, el mi\u00e9rcoles 25 de mayo.<\/span> <span>(AP\/Andrew Medichini)<\/span><\/p>\n<\/div>\n<\/div>\n<\/div>\n<p><strong><u>Haga clic para obtener la aplicaci\u00f3n Fox News<\/u><\/strong><\/p>\n<p>El Papa no es ajeno a las luchas de salud. A la edad de 21 a\u00f1os, se le quit\u00f3 parte de su pulm\u00f3n despu\u00e9s de desarrollar pleurisy, lo cual es una inflamaci\u00f3n de las membranas que amortiguan los pulmones.<\/p>\n<p>El Papa Francisco ha luchado con m\u00faltiples batallas de salud en los \u00faltimos a\u00f1os, incluidas cirug\u00edas en 2021 y 2023, as\u00ed como problemas de rodilla de larga data, que han resultado en su uso de una silla de ruedas.<\/p>\n<p><i>Associated Press contribuy\u00f3 a este informe. <\/i><\/p>\n<p> <!----> <\/div>\n\n","protected":false},"excerpt":{"rendered":"<p>El Papa Francisco mostr\u00f3 una ligera mejora mientras luchaba contra la neumon\u00eda el mi\u00e9rcoles y recibi\u00f3 una visita del primer ministro italiano Giorgia Meloni, quien dijo que estaba \u00abalerta y receptivo\u00bb y lleno de buen humor mientras lucha contra un caso de neumon\u00eda. Meloni dijo que quer\u00eda desearle a Francis bien en nombre del gobierno &hellip;<\/p>\n","protected":false},"author":1,"featured_media":15383,"comment_status":"open","ping_status":"open","sticky":false,"template":"","format":"standard","meta":{"fifu_image_url":"https:\/\/static.foxnews.com\/foxnews.com\/content\/uploads\/2025\/02\/pope-francis-1.jpg","fifu_image_alt":"","footnotes":""},"categories":[13],"tags":[],"class_list":["post-15381","post","type-post","status-publish","format-standard","has-post-thumbnail","","category-mundo"],"_links":{"self":[{"href":"https:\/\/noticiasveraces.com\/index.php?rest_route=\/wp\/v2\/posts\/15381","targetHints":{"allow":["GET"]}}],"collection":[{"href":"https:\/\/noticiasveraces.com\/index.php?rest_route=\/wp\/v2\/posts"}],"about":[{"href":"https:\/\/noticiasveraces.com\/index.php?rest_route=\/wp\/v2\/types\/post"}],"author":[{"embeddable":true,"href":"https:\/\/noticiasveraces.com\/index.php?rest_route=\/wp\/v2\/users\/1"}],"replies":[{"embeddable":true,"href":"https:\/\/noticiasveraces.com\/index.php?rest_route=%2Fwp%2Fv2%2Fcomments&post=15381"}],"version-history":[{"count":0,"href":"https:\/\/noticiasveraces.com\/index.php?rest_route=\/wp\/v2\/posts\/15381\/revisions"}],"wp:featuredmedia":[{"embeddable":true,"href":"https:\/\/noticiasveraces.com\/index.php?rest_route=\/wp\/v2\/media\/15383"}],"wp:attachment":[{"href":"https:\/\/noticiasveraces.com\/index.php?rest_route=%2Fwp%2Fv2%2Fmedia&parent=15381"}],"wp:term":[{"taxonomy":"category","embeddable":true,"href":"https:\/\/noticiasveraces.com\/index.php?rest_route=%2Fwp%2Fv2%2Fcategories&post=15381"},{"taxonomy":"post_tag","embeddable":true,"href":"https:\/\/noticiasveraces.com\/index.php?rest_route=%2Fwp%2Fv2%2Ftags&post=15381"}],"curies":[{"name":"wp","href":"https:\/\/api.w.org\/{rel}","templated":true}]}}