{"id":15375,"date":"2025-02-19T14:39:07","date_gmt":"2025-02-19T18:39:07","guid":{"rendered":"https:\/\/noticiasveraces.com\/?p=15375"},"modified":"2025-02-19T14:39:07","modified_gmt":"2025-02-19T18:39:07","slug":"despues-del-diagnostico-de-neumonia-del-papa-francisco-el-primer-minoni-de-visitas-italianas-visita-el-hospital-dice-que-esta-de-buen-humor","status":"publish","type":"post","link":"https:\/\/noticiasveraces.com\/?p=15375","title":{"rendered":"Despu\u00e9s del diagn\u00f3stico de neumon\u00eda del Papa Francisco, el primer minoni de visitas italianas visita el hospital, dice que est\u00e1 de buen humor"},"content":{"rendered":"<p> \n<\/p>\n<div>\n<ul>\n<li><strong>La primera ministra italiana Giorgia Meloni visit\u00f3 el Papa Francisco en el hospital el mi\u00e9rcoles y inform\u00f3 que estaba lleno de buen humor.<\/strong><\/li>\n<li><strong>El pont\u00edfice, que ten\u00eda parte de un pulm\u00f3n retirado cuando era joven, fue diagnosticado el lunes con neumon\u00eda y una infecci\u00f3n bronquial.<\/strong><\/li>\n<li><strong>El Vaticano no ha dado ninguna indicaci\u00f3n de cu\u00e1nto tiempo el Papa podr\u00eda permanecer hospitalizado, solo diciendo que el tratamiento de una \u00abimagen cl\u00ednica compleja\u00bb requerir\u00eda una estad\u00eda \u00abadecuada\u00bb.<\/strong><\/li>\n<\/ul>\n<p class=\"speakable\">La primera ministra italiana Giorgia Meloni visit\u00f3 el Papa Francisco en el hospital el mi\u00e9rcoles y inform\u00f3 que estaba \u00abalerta y receptivo\u00bb y lleno de buen humor, a pesar de su diagn\u00f3stico de neumon\u00eda y una complicada infecci\u00f3n bronquial que ha dejado de lado al pont\u00edfice de 88 a\u00f1os durante seis d\u00edas.<\/p>\n<p class=\"speakable\">Meloni dijo que quer\u00eda traer deseos de Get Well al Papa en nombre del gobierno y de toda la naci\u00f3n. \u00abBromeamos como siempre. No ha perdido su proverbial sentido del humor\u00bb, dijo en un comunicado emitido por su oficina.<\/p>\n<p>La visita de Meloni marc\u00f3 el primer visitante externo confirmado que se sabe que llam\u00f3 al Papa, m\u00e1s all\u00e1 de sus secretarios y equipo m\u00e9dico, desde su admisi\u00f3n el viernes en el Hospital Gemelli de Roma, donde los papas tienen su propia suite en el d\u00e9cimo piso.<\/p>\n<p><strong>Conferencia de Obispos Cat\u00f3licos de los Estados Unidos demanda a Trump por inmigraci\u00f3n, Financiaci\u00f3n de refugiados Freeds<\/strong><\/p>\n<div class=\"image-ct inline\">\n<div class=\"m\"><picture><source media=\"(max-width: 767px)\" srcset=\"https:\/\/a57.foxnews.com\/static.foxnews.com\/foxnews.com\/content\/uploads\/2025\/02\/343\/192\/vatican-pope-health-pneumonia-2.jpg?ve=1&amp;tl=1, https:\/\/a57.foxnews.com\/static.foxnews.com\/foxnews.com\/content\/uploads\/2025\/02\/686\/384\/vatican-pope-health-pneumonia-2.jpg?ve=1&amp;tl=1 2x\" height=\"192\" width=\"343\"><source media=\"(min-width: 768px) and (max-width: 1023px)\" srcset=\"https:\/\/a57.foxnews.com\/static.foxnews.com\/foxnews.com\/content\/uploads\/2025\/02\/672\/378\/vatican-pope-health-pneumonia-2.jpg?ve=1&amp;tl=1, https:\/\/a57.foxnews.com\/static.foxnews.com\/foxnews.com\/content\/uploads\/2025\/02\/1344\/756\/vatican-pope-health-pneumonia-2.jpg?ve=1&amp;tl=1 2x\" height=\"378\" width=\"672\"><source media=\"(min-width: 1024px) and (max-width: 1279px)\" srcset=\"https:\/\/a57.foxnews.com\/static.foxnews.com\/foxnews.com\/content\/uploads\/2025\/02\/931\/523\/vatican-pope-health-pneumonia-2.jpg?ve=1&amp;tl=1, https:\/\/a57.foxnews.com\/static.foxnews.com\/foxnews.com\/content\/uploads\/2025\/02\/1862\/1046\/vatican-pope-health-pneumonia-2.jpg?ve=1&amp;tl=1 2x\" height=\"523\" width=\"931\"><source media=\"(min-width: 1280px)\" srcset=\"https:\/\/a57.foxnews.com\/static.foxnews.com\/foxnews.com\/content\/uploads\/2025\/02\/720\/405\/vatican-pope-health-pneumonia-2.jpg?ve=1&amp;tl=1, https:\/\/a57.foxnews.com\/static.foxnews.com\/foxnews.com\/content\/uploads\/2025\/02\/1440\/810\/vatican-pope-health-pneumonia-2.jpg?ve=1&amp;tl=1 2x\" height=\"405\" width=\"720\"><img loading=\"lazy\" decoding=\"async\" src=\"https:\/\/a57.foxnews.com\/static.foxnews.com\/foxnews.com\/content\/uploads\/2025\/02\/1200\/675\/vatican-pope-health-pneumonia-2.jpg?ve=1&amp;tl=1\" alt=\"La primera ministra italiana Giorgia Meloni visit\u00f3 al Papa Francisco en el hospital y dijo que le estaba yendo bien a pesar de su diagn\u00f3stico de neumon\u00eda y una complicada infecci\u00f3n bronquial.\" width=\"1200\" height=\"675\"\/><\/source><\/source><\/source><\/source><\/picture><\/div>\n<div class=\"info\">\n<div class=\"caption\">\n<p><span>Velas con las fotos del Papa Francisco colocados bajo la estatua del difunto Papa Juan Pablo II fuera de Agostino Gemelli Policlinic en Roma el 19 de febrero de 2025, donde el pont\u00edfice ha sido hospitalizado desde el 14 de febrero.<\/span> <span>(Photo AP\/Gregorio Borgia)<\/span><\/p>\n<\/div>\n<\/div>\n<\/div>\n<p>El Vaticano dijo que Francis, que ten\u00eda parte de un pulm\u00f3n, se retir\u00f3 cuando era joven, estaba despierto, comi\u00f3 y se hab\u00eda levantado de la cama despu\u00e9s de una noche tranquila, un d\u00eda despu\u00e9s de que las pruebas confirmaron que ten\u00eda neumon\u00eda en ambos pulmones en la parte superior de la bronquitis asm\u00e1tica.<\/p>\n<p>El mi\u00e9rcoles, el vicario de Francisco para Roma inst\u00f3 a todos los fieles a dedicar una hora de oraci\u00f3n silenciosa por el Papa antes de los servicios de las V\u00edsperas de la noche, y los peregrinos que hab\u00edan planeado asistir a su audiencia general semanal vinieron a la Plaza de San Pedro de todos modos para ofrecer una oraci\u00f3n despu\u00e9s despu\u00e9s de fue cancelado.<\/p>\n<p>\u00abCreo que muchas personas est\u00e1n decepcionadas, pero creo que lo m\u00e1s importante es que realmente tenemos que rezar por su salud\u00bb, dijo la hermana Charlene, una monja de Singapur que estaba en la Piazza.<\/p>\n<h2>La neumon\u00eda doble muestra una infecci\u00f3n m\u00e1s grave<\/h2>\n<p>Francis fue ingresado en el Hospital Gemelli el viernes despu\u00e9s de una semana de bronquitis empeor\u00f3. El lunes, el personal m\u00e9dico determin\u00f3 que sufr\u00eda de una infecci\u00f3n del tracto respiratorio polimicrobiano, que significa una mezcla de virus, bacterias y posiblemente otros organismos hab\u00edan colonizado su tracto respiratorio. El martes por la noche, el Vaticano dijo que una tomograf\u00eda computarizada t\u00f3rax mostr\u00f3 la aparici\u00f3n de neumon\u00eda bilateral sobre la bronquitis asm\u00e1tica, que se trata con cortisona y antibi\u00f3ticos.<\/p>\n<div class=\"image-ct inline\">\n<div class=\"m\"><picture><source media=\"(max-width: 767px)\" srcset=\"https:\/\/a57.foxnews.com\/static.foxnews.com\/foxnews.com\/content\/uploads\/2025\/02\/343\/192\/vatican-pope-health-pneumonia-1.jpg?ve=1&amp;tl=1, https:\/\/a57.foxnews.com\/static.foxnews.com\/foxnews.com\/content\/uploads\/2025\/02\/686\/384\/vatican-pope-health-pneumonia-1.jpg?ve=1&amp;tl=1 2x\" height=\"192\" width=\"343\"><source media=\"(min-width: 768px) and (max-width: 1023px)\" srcset=\"https:\/\/a57.foxnews.com\/static.foxnews.com\/foxnews.com\/content\/uploads\/2025\/02\/672\/378\/vatican-pope-health-pneumonia-1.jpg?ve=1&amp;tl=1, https:\/\/a57.foxnews.com\/static.foxnews.com\/foxnews.com\/content\/uploads\/2025\/02\/1344\/756\/vatican-pope-health-pneumonia-1.jpg?ve=1&amp;tl=1 2x\" height=\"378\" width=\"672\"><source media=\"(min-width: 1024px) and (max-width: 1279px)\" srcset=\"https:\/\/a57.foxnews.com\/static.foxnews.com\/foxnews.com\/content\/uploads\/2025\/02\/931\/523\/vatican-pope-health-pneumonia-1.jpg?ve=1&amp;tl=1, https:\/\/a57.foxnews.com\/static.foxnews.com\/foxnews.com\/content\/uploads\/2025\/02\/1862\/1046\/vatican-pope-health-pneumonia-1.jpg?ve=1&amp;tl=1 2x\" height=\"523\" width=\"931\"><source media=\"(min-width: 1280px)\" srcset=\"https:\/\/a57.foxnews.com\/static.foxnews.com\/foxnews.com\/content\/uploads\/2025\/02\/720\/405\/vatican-pope-health-pneumonia-1.jpg?ve=1&amp;tl=1, https:\/\/a57.foxnews.com\/static.foxnews.com\/foxnews.com\/content\/uploads\/2025\/02\/1440\/810\/vatican-pope-health-pneumonia-1.jpg?ve=1&amp;tl=1 2x\" height=\"405\" width=\"720\"><img loading=\"lazy\" decoding=\"async\" src=\"https:\/\/a57.foxnews.com\/static.foxnews.com\/foxnews.com\/content\/uploads\/2025\/02\/1200\/675\/vatican-pope-health-pneumonia-1.jpg?ve=1&amp;tl=1\" alt=\"La primera ministra italiana Giorgia Meloni visit\u00f3 al Papa Francisco en el hospital y dijo que le estaba yendo bien a pesar de su diagn\u00f3stico de neumon\u00eda y una complicada infecci\u00f3n bronquial.\" width=\"1200\" height=\"675\"\/><\/source><\/source><\/source><\/source><\/picture><\/div>\n<div class=\"info\">\n<div class=\"caption\">\n<p><span>El Papa ha sido hospitalizado desde el 14 de febrero con neumon\u00eda y una infecci\u00f3n bronquial. Las velas con las fotos de \u00e9l son las colocadas bajo la estatua del difunto Papa Juan Pablo II en Roma el 19 de febrero de 2025. <\/span> <span>(Photo AP\/Gregorio Borgia)<\/span><\/p>\n<\/div>\n<\/div>\n<\/div>\n<p>La bronquitis puede provocar neumon\u00eda, que es una infecci\u00f3n m\u00e1s profunda y mucho m\u00e1s grave de los sacos a\u00e9reos de los pulmones. La neumon\u00eda puede desarrollarse en parte o la totalidad de un pulm\u00f3n o en ambos pulmones. Tiende a ser m\u00e1s grave cuando ambos pulmones se ven afectados porque no hay tejido sano para compensar.<\/p>\n<p>El tratamiento var\u00eda seg\u00fan la gravedad, pero puede incluir proporcionar ox\u00edgeno a trav\u00e9s de un tubo o m\u00e1scara nasal, fluidos intravenosos y el tratamiento de la causa subyacente de la infecci\u00f3n. Hasta la fecha, Francis est\u00e1 respirando por su cuenta y se dice que su funci\u00f3n card\u00edaca es buena. Se ha desayunado todos los d\u00edas, se levant\u00f3 de la cama, ley\u00f3 los peri\u00f3dicos y trabaj\u00f3 en su habitaci\u00f3n de hospital.<\/p>\n<p><strong>El Papa Francisco durmi\u00f3 tranquilamente, comi\u00f3 el desayuno despu\u00e9s del diagn\u00f3stico de neumon\u00eda en ambos pulmones<\/strong><\/p>\n<p>\u00abEl Papa Francisco es un hombre fuerte que no permite que las dificultades lo depriman\u00bb, dijo el reverendo Enzo Fortunato, quien dirige un nuevo comit\u00e9 de ni\u00f1os del Vaticano. El hecho de que Francis se mantenga al d\u00eda con su rutina ordinaria, incluida la recepci\u00f3n de la Eucarist\u00eda, \u00abes una se\u00f1al de un hombre que quiere experimentar la ordenanza de la enfermedad en el hospital\u00bb.<\/p>\n<h2>Papa en riesgo de complicaciones<\/h2>\n<p>El Vaticano no ha proporcionado ninguna informaci\u00f3n sobre c\u00f3mo Francis est\u00e1 respondiendo a cualquiera de las drogas que se le ha dado que no sea decir que no tiene fiebre. El Papa Argentino, que anteriormente admiti\u00f3 haber sido un paciente que no tiene conformidad, tiene una serie de condiciones que lo hacen particularmente en riesgo de complicaciones: aparte de su edad, no es f\u00edsicamente activo y usa una silla de ruedas, lo que limita su capacidad para borrar Los fluidos se acumulan en sus pulmones.<\/p>\n<p>La Dra. Meredith McCormack, directora de medicina pulmonar y de cuidados cr\u00edticos de la Universidad Johns Hopkins, dijo que los m\u00e9dicos buscar\u00e1n ver si Francis responde a la terapia, que puede incluir fisioterapia para ayudar a limpiar los pulmones. Los casos graves de neumon\u00eda generalmente se tratan durante aproximadamente una o dos semanas, pero la recuperaci\u00f3n en una persona mayor podr\u00eda extenderse m\u00e1s all\u00e1 de eso.<\/p>\n<p>\u00abLa falta de empeoramiento ser\u00eda una se\u00f1al alentadora\u00bb, dijo McCormack, quien no est\u00e1 involucrado en el cuidado de Francis.<\/p>\n<div class=\"image-ct inline\">\n<div class=\"m\"><picture><source media=\"(max-width: 767px)\" srcset=\"https:\/\/a57.foxnews.com\/static.foxnews.com\/foxnews.com\/content\/uploads\/2025\/02\/343\/192\/vatican-pope-health-pneumonia-3.jpg?ve=1&amp;tl=1, https:\/\/a57.foxnews.com\/static.foxnews.com\/foxnews.com\/content\/uploads\/2025\/02\/686\/384\/vatican-pope-health-pneumonia-3.jpg?ve=1&amp;tl=1 2x\" height=\"192\" width=\"343\"><source media=\"(min-width: 768px) and (max-width: 1023px)\" srcset=\"https:\/\/a57.foxnews.com\/static.foxnews.com\/foxnews.com\/content\/uploads\/2025\/02\/672\/378\/vatican-pope-health-pneumonia-3.jpg?ve=1&amp;tl=1, https:\/\/a57.foxnews.com\/static.foxnews.com\/foxnews.com\/content\/uploads\/2025\/02\/1344\/756\/vatican-pope-health-pneumonia-3.jpg?ve=1&amp;tl=1 2x\" height=\"378\" width=\"672\"><source media=\"(min-width: 1024px) and (max-width: 1279px)\" srcset=\"https:\/\/a57.foxnews.com\/static.foxnews.com\/foxnews.com\/content\/uploads\/2025\/02\/931\/523\/vatican-pope-health-pneumonia-3.jpg?ve=1&amp;tl=1, https:\/\/a57.foxnews.com\/static.foxnews.com\/foxnews.com\/content\/uploads\/2025\/02\/1862\/1046\/vatican-pope-health-pneumonia-3.jpg?ve=1&amp;tl=1 2x\" height=\"523\" width=\"931\"><source media=\"(min-width: 1280px)\" srcset=\"https:\/\/a57.foxnews.com\/static.foxnews.com\/foxnews.com\/content\/uploads\/2025\/02\/720\/405\/vatican-pope-health-pneumonia-3.jpg?ve=1&amp;tl=1, https:\/\/a57.foxnews.com\/static.foxnews.com\/foxnews.com\/content\/uploads\/2025\/02\/1440\/810\/vatican-pope-health-pneumonia-3.jpg?ve=1&amp;tl=1 2x\" height=\"405\" width=\"720\"><img loading=\"lazy\" decoding=\"async\" src=\"https:\/\/a57.foxnews.com\/static.foxnews.com\/foxnews.com\/content\/uploads\/2025\/02\/1200\/675\/vatican-pope-health-pneumonia-3.jpg?ve=1&amp;tl=1\" alt=\"La primera ministra italiana Giorgia Meloni visit\u00f3 al Papa Francisco en el hospital y dijo que le estaba yendo bien a pesar de su diagn\u00f3stico de neumon\u00eda y una complicada infecci\u00f3n bronquial.\" width=\"1200\" height=\"675\"\/><\/source><\/source><\/source><\/source><\/picture><\/div>\n<div class=\"info\">\n<div class=\"caption\">\n<p><span>Los fieles de Bolivia rezan por el Papa Francisco fuera del Agostino Gemelli Policl\u00ednico en Roma el 18 de febrero de 2025.<\/span> <span>(Photo AP\/Gregorio Borgia)<\/span><\/p>\n<\/div>\n<\/div>\n<\/div>\n<p>El Vaticano no ha dado ninguna indicaci\u00f3n de cu\u00e1nto tiempo el Papa podr\u00eda permanecer hospitalizado, solo diciendo que el tratamiento de una \u00abimagen cl\u00ednica compleja\u00bb requerir\u00eda una estad\u00eda \u00abadecuada\u00bb.<\/p>\n<h2>Las peregrinaciones contin\u00faan a pesar de los compromisos cancelados de Pope<\/h2>\n<p>A pesar de las noticias menos positivas sobre la condici\u00f3n de Francis, Francis estaba recibiendo dibujos y tarjetas de get-well de los ni\u00f1os tratados en la sala de oncolog\u00eda del hospital. Y en el Vaticano el mi\u00e9rcoles, las peregrinaciones del A\u00f1o Santo continuaron, con grupos de fieles caminando por la puerta sagrada de la Bas\u00edlica de San Pedro en un d\u00eda fr\u00edo y nublado.<\/p>\n<p><strong><u>Haga clic para obtener la aplicaci\u00f3n Fox News<\/u><\/strong><\/p>\n<p>\u00abEstamos muy felices de estar aqu\u00ed, pero tambi\u00e9n estamos tristes por la enfermedad del Papa\u00bb, dijo Amparo Alcala &#8216;, quien dirig\u00eda a un gran grupo de peregrinos de Valencia, Espa\u00f1a. \u00abEst\u00e1 haciendo grandes cosas, sobre todo por las mujeres en la iglesia, y esto nos da mucha alegr\u00eda. Estamos rezando por su recuperaci\u00f3n y que pueda volver, si esta es la voluntad de Dios\u00bb.<\/p>\n<p>Un grupo de peregrinos surcoreanos en disfraces tradicionales hab\u00eda planeado asistir a la audiencia general semanal del mi\u00e9rcoles de Francis y mostrar su vestido nacional, como a menudo los peregrinos a menudo para la cita semanal del Papa. Cuando fue cancelado, vinieron de todos modos.<\/p>\n<p>\u00abEl A\u00f1o Nuevo Lunar fue muy reciente, por lo que tambi\u00e9n quer\u00edamos inclinarnos de manera tradicional y formal frente a \u00e9l\u00bb, dijo Junhee Christina Kim, un peregrino de Se\u00fal, Corea del Sur. \u00abFue una oportunidad demasiado buena de dejar pasar, as\u00ed que vinimos de todos modos para que podamos estar en el Vaticano en nuestros trajes tradicionales\u00bb.<\/p>\n<p> <!----> <!----><\/div>\n\n","protected":false},"excerpt":{"rendered":"<p>La primera ministra italiana Giorgia Meloni visit\u00f3 el Papa Francisco en el hospital el mi\u00e9rcoles y inform\u00f3 que estaba lleno de buen humor. El pont\u00edfice, que ten\u00eda parte de un pulm\u00f3n retirado cuando era joven, fue diagnosticado el lunes con neumon\u00eda y una infecci\u00f3n bronquial. El Vaticano no ha dado ninguna indicaci\u00f3n de cu\u00e1nto tiempo &hellip;<\/p>\n","protected":false},"author":1,"featured_media":15377,"comment_status":"open","ping_status":"open","sticky":false,"template":"","format":"standard","meta":{"fifu_image_url":"https:\/\/static.foxnews.com\/foxnews.com\/content\/uploads\/2025\/02\/vatican-pope-health-pneumonia-2.jpg","fifu_image_alt":"","footnotes":""},"categories":[13],"tags":[],"class_list":["post-15375","post","type-post","status-publish","format-standard","has-post-thumbnail","","category-mundo"],"_links":{"self":[{"href":"https:\/\/noticiasveraces.com\/index.php?rest_route=\/wp\/v2\/posts\/15375","targetHints":{"allow":["GET"]}}],"collection":[{"href":"https:\/\/noticiasveraces.com\/index.php?rest_route=\/wp\/v2\/posts"}],"about":[{"href":"https:\/\/noticiasveraces.com\/index.php?rest_route=\/wp\/v2\/types\/post"}],"author":[{"embeddable":true,"href":"https:\/\/noticiasveraces.com\/index.php?rest_route=\/wp\/v2\/users\/1"}],"replies":[{"embeddable":true,"href":"https:\/\/noticiasveraces.com\/index.php?rest_route=%2Fwp%2Fv2%2Fcomments&post=15375"}],"version-history":[{"count":0,"href":"https:\/\/noticiasveraces.com\/index.php?rest_route=\/wp\/v2\/posts\/15375\/revisions"}],"wp:featuredmedia":[{"embeddable":true,"href":"https:\/\/noticiasveraces.com\/index.php?rest_route=\/wp\/v2\/media\/15377"}],"wp:attachment":[{"href":"https:\/\/noticiasveraces.com\/index.php?rest_route=%2Fwp%2Fv2%2Fmedia&parent=15375"}],"wp:term":[{"taxonomy":"category","embeddable":true,"href":"https:\/\/noticiasveraces.com\/index.php?rest_route=%2Fwp%2Fv2%2Fcategories&post=15375"},{"taxonomy":"post_tag","embeddable":true,"href":"https:\/\/noticiasveraces.com\/index.php?rest_route=%2Fwp%2Fv2%2Ftags&post=15375"}],"curies":[{"name":"wp","href":"https:\/\/api.w.org\/{rel}","templated":true}]}}