{"id":15361,"date":"2025-02-19T11:34:14","date_gmt":"2025-02-19T15:34:14","guid":{"rendered":"https:\/\/noticiasveraces.com\/?p=15361"},"modified":"2025-02-19T11:34:14","modified_gmt":"2025-02-19T15:34:14","slug":"el-principe-heredero-irani-pide-accion-global-contra-el-regimen-de-khamenei","status":"publish","type":"post","link":"https:\/\/noticiasveraces.com\/?p=15361","title":{"rendered":"El Pr\u00edncipe Heredero iran\u00ed pide acci\u00f3n global contra el r\u00e9gimen de Khamenei"},"content":{"rendered":"<p> \n<\/p>\n<div>\n<p class=\"speakable\">El Pr\u00edncipe Heredero iran\u00ed Reza Pahlavi est\u00e1 pidiendo una acci\u00f3n global para derrotar al r\u00e9gimen de la Rep\u00fablica Isl\u00e1mica. Pahlavi dice que el r\u00e9gimen es \u00abm\u00e1s d\u00e9bil de lo que ha sido\u00bb y que la gente de Ir\u00e1n est\u00e1 lista para recuperar su \u00abpa\u00eds robado\u00bb.<\/p>\n<p class=\"speakable\">Pahlavi habl\u00f3 en la Cumbre de los Derechos Humanos y la Democracia de Ginebra el martes, destacando la dif\u00edcil situaci\u00f3n del pueblo iran\u00ed, llamando al pa\u00eds una \u00abnaci\u00f3n en cadenas\u00bb y la naturaleza opresiva del r\u00e9gimen de la Rep\u00fablica Isl\u00e1mica encabezada por el ayatol\u00e1 Ali Khamenei.<\/p>\n<div class=\"image-ct inline\">\n<div class=\"m\"><picture><source media=\"(max-width: 767px)\" srcset=\"https:\/\/a57.foxnews.com\/static.foxnews.com\/foxnews.com\/content\/uploads\/2025\/02\/343\/192\/reza-pahlavi-1.jpg?ve=1&amp;tl=1, https:\/\/a57.foxnews.com\/static.foxnews.com\/foxnews.com\/content\/uploads\/2025\/02\/686\/384\/reza-pahlavi-1.jpg?ve=1&amp;tl=1 2x\" height=\"192\" width=\"343\"><source media=\"(min-width: 768px) and (max-width: 1023px)\" srcset=\"https:\/\/a57.foxnews.com\/static.foxnews.com\/foxnews.com\/content\/uploads\/2025\/02\/672\/378\/reza-pahlavi-1.jpg?ve=1&amp;tl=1, https:\/\/a57.foxnews.com\/static.foxnews.com\/foxnews.com\/content\/uploads\/2025\/02\/1344\/756\/reza-pahlavi-1.jpg?ve=1&amp;tl=1 2x\" height=\"378\" width=\"672\"><source media=\"(min-width: 1024px) and (max-width: 1279px)\" srcset=\"https:\/\/a57.foxnews.com\/static.foxnews.com\/foxnews.com\/content\/uploads\/2025\/02\/931\/523\/reza-pahlavi-1.jpg?ve=1&amp;tl=1, https:\/\/a57.foxnews.com\/static.foxnews.com\/foxnews.com\/content\/uploads\/2025\/02\/1862\/1046\/reza-pahlavi-1.jpg?ve=1&amp;tl=1 2x\" height=\"523\" width=\"931\"><source media=\"(min-width: 1280px)\" srcset=\"https:\/\/a57.foxnews.com\/static.foxnews.com\/foxnews.com\/content\/uploads\/2025\/02\/720\/405\/reza-pahlavi-1.jpg?ve=1&amp;tl=1, https:\/\/a57.foxnews.com\/static.foxnews.com\/foxnews.com\/content\/uploads\/2025\/02\/1440\/810\/reza-pahlavi-1.jpg?ve=1&amp;tl=1 2x\" height=\"405\" width=\"720\"><img loading=\"lazy\" decoding=\"async\" src=\"https:\/\/a57.foxnews.com\/static.foxnews.com\/foxnews.com\/content\/uploads\/2025\/02\/1200\/675\/reza-pahlavi-1.jpg?ve=1&amp;tl=1\" alt=\"Reza Pahlavi se dirige a una cumbre en Ginebra\" width=\"1200\" height=\"675\"\/><\/source><\/source><\/source><\/source><\/picture><\/div>\n<div class=\"info\">\n<div class=\"caption\">\n<p><span>El Pr\u00edncipe Heredero iran\u00ed Reza Pahlavi habla en la Cumbre de los Derechos Humanos y la Democracia de Ginebra de 2025.<\/span> <span>(Un reloj)<\/span><\/p>\n<\/div>\n<\/div>\n<\/div>\n<p><strong>Ir\u00e1n advierte a Israel y a nosotros &#8216;no podemos hacer una maldita cosa&#8217; para frustrar las ambiciones nucleares de Teher\u00e1n a medida que se intensifican las tensiones<\/strong><\/p>\n<p>\u00abEl pueblo iran\u00ed ha soportado m\u00e1s de cuatro d\u00e9cadas de sufrimiento, pero su esp\u00edritu permanece in\u00fatil\u00bb, dijo Pahlavi, volvi\u00e9ndose visiblemente emocional. \u00abEst\u00e1n luchando no solo por s\u00ed mismos sino por los valores de libertad, justicia y dignidad humana\u00bb.<\/p>\n<p>Shah Mohammad Reza Pahlavi, el padre del pr\u00edncipe heredero, vio a su gobierno caer en 1979, obligando a su familia a huir mientras los islamistas tomaron el poder. El Pr\u00edncipe Heredero vive en el exilio hasta el d\u00eda de hoy, incapaz de regresar a su pa\u00eds de origen de Ir\u00e1n.<\/p>\n<p>La estrategia para reconstruir Ir\u00e1n que Pahlavi describi\u00f3 en su discurso incluy\u00f3 presionar a los gobiernos del G20 para aplicar la \u00abm\u00e1xima presi\u00f3n\u00bb sobre el r\u00e9gimen, al tiempo que le daba al \u00abm\u00e1ximo apoyo\u00bb al pueblo iran\u00ed.<\/p>\n<p>En su apasionado llamado a la acci\u00f3n, Pahlavi habl\u00f3 sobre aquellos dentro de su pa\u00eds de origen que luchan para eliminar el r\u00e9gimen isl\u00e1mico, particularmente las mujeres iran\u00edes.<\/p>\n<p>\u00abLas mujeres iran\u00edes no solo est\u00e1n luchando contra el hijab forzado. Su lucha no se trata de un pa\u00f1o. Se trata de recuperar su igualdad y su pa\u00eds\u00bb, dijo Pahlavi a la multitud que enciende.<\/p>\n<p>A lo largo de su direcci\u00f3n, Pahlavi expres\u00f3 repetidamente su amor por Ir\u00e1n y su cultura, que dice que el r\u00e9gimen actual est\u00e1 tratando de borrar.<\/p>\n<p>\u00abNo solo estamos luchando contra la Rep\u00fablica Isl\u00e1mica. Estamos luchando por Ir\u00e1n\u00bb, dijo Pahlavi.<\/p>\n<div class=\"image-ct inline\">\n<div class=\"m\"><picture><source media=\"(max-width: 767px)\" srcset=\"https:\/\/a57.foxnews.com\/static.foxnews.com\/foxnews.com\/content\/uploads\/2025\/02\/343\/192\/reza-pahlavi-2.jpg?ve=1&amp;tl=1, https:\/\/a57.foxnews.com\/static.foxnews.com\/foxnews.com\/content\/uploads\/2025\/02\/686\/384\/reza-pahlavi-2.jpg?ve=1&amp;tl=1 2x\" height=\"192\" width=\"343\"><source media=\"(min-width: 768px) and (max-width: 1023px)\" srcset=\"https:\/\/a57.foxnews.com\/static.foxnews.com\/foxnews.com\/content\/uploads\/2025\/02\/672\/378\/reza-pahlavi-2.jpg?ve=1&amp;tl=1, https:\/\/a57.foxnews.com\/static.foxnews.com\/foxnews.com\/content\/uploads\/2025\/02\/1344\/756\/reza-pahlavi-2.jpg?ve=1&amp;tl=1 2x\" height=\"378\" width=\"672\"><source media=\"(min-width: 1024px) and (max-width: 1279px)\" srcset=\"https:\/\/a57.foxnews.com\/static.foxnews.com\/foxnews.com\/content\/uploads\/2025\/02\/931\/523\/reza-pahlavi-2.jpg?ve=1&amp;tl=1, https:\/\/a57.foxnews.com\/static.foxnews.com\/foxnews.com\/content\/uploads\/2025\/02\/1862\/1046\/reza-pahlavi-2.jpg?ve=1&amp;tl=1 2x\" height=\"523\" width=\"931\"><source media=\"(min-width: 1280px)\" srcset=\"https:\/\/a57.foxnews.com\/static.foxnews.com\/foxnews.com\/content\/uploads\/2025\/02\/720\/405\/reza-pahlavi-2.jpg?ve=1&amp;tl=1, https:\/\/a57.foxnews.com\/static.foxnews.com\/foxnews.com\/content\/uploads\/2025\/02\/1440\/810\/reza-pahlavi-2.jpg?ve=1&amp;tl=1 2x\" height=\"405\" width=\"720\"><img loading=\"lazy\" decoding=\"async\" src=\"https:\/\/a57.foxnews.com\/static.foxnews.com\/foxnews.com\/content\/uploads\/2025\/02\/1200\/675\/reza-pahlavi-2.jpg?ve=1&amp;tl=1\" alt=\"El Pr\u00edncipe Heredero iran\u00ed Reza Pahlavi ofrece el discurso de apertura en una cumbre en Ginebra\" width=\"1200\" height=\"675\"\/><\/source><\/source><\/source><\/source><\/picture><\/div>\n<div class=\"info\">\n<div class=\"caption\">\n<p><span>Los asistentes a la Cumbre de Derechos Humanos y Democracia escuchan el discurso de apertura del Pr\u00edncipe Heredero iran\u00ed Reza Pahlavi.<\/span> <!----><\/p>\n<\/div>\n<\/div>\n<\/div>\n<p><strong>Los estudiantes en Ir\u00e1n contin\u00faan protestas por el asesinato de m\u00e1s de 19 a\u00f1os en el campus para el segundo d\u00eda<\/strong><\/p>\n<p>Pahlavi tambi\u00e9n critic\u00f3 el uso de embajadas y centros culturales por parte de la Rep\u00fablica Isl\u00e1mica para atacar a los disidentes al extranjero. Esta t\u00e1ctica fue impulsada en el centro de atenci\u00f3n con la supuesta focalizaci\u00f3n del r\u00e9gimen del presidente Donald Trump y su complot para matar al periodista iran\u00ed con sede en Nueva York Masih Alinejad, un feroz cr\u00edtico del r\u00e9gimen en Teher\u00e1n.<\/p>\n<p>\u00abLo que sea que haga, parece que duele muy mal a la Rep\u00fablica Isl\u00e1mica, y es por eso que me quieren\u00bb, dijo Alinejad durante una aparici\u00f3n en \u00abLa historia\u00bb en noviembre de 2024. \u00abNo quiero morir. Quiero Lucha contra la tiran\u00eda.<\/p>\n<p>Tras la inauguraci\u00f3n de Trump, Pahlavi escribi\u00f3 una carta al presidente pidi\u00e9ndole que facilite lo que \u00e9l llama los \u00abacuerdos de Cyrus\u00bb. Pahlavi cree que Trump puede \u00abtransformar el Medio Oriente y el mundo\u00bb a trav\u00e9s de un nuevo acuerdo similar a los acuerdos de Abraham, excepto que los acuerdos de Cyrus incluir\u00edan un \u00abIr\u00e1n libre\u00bb.<\/p>\n<div class=\"image-ct inline\">\n<div class=\"m\"><picture><source media=\"(max-width: 767px)\" srcset=\"https:\/\/a57.foxnews.com\/static.foxnews.com\/foxnews.com\/content\/uploads\/2025\/02\/343\/192\/geneva-2025-summit.jpg?ve=1&amp;tl=1, https:\/\/a57.foxnews.com\/static.foxnews.com\/foxnews.com\/content\/uploads\/2025\/02\/686\/384\/geneva-2025-summit.jpg?ve=1&amp;tl=1 2x\" height=\"192\" width=\"343\"><source media=\"(min-width: 768px) and (max-width: 1023px)\" srcset=\"https:\/\/a57.foxnews.com\/static.foxnews.com\/foxnews.com\/content\/uploads\/2025\/02\/672\/378\/geneva-2025-summit.jpg?ve=1&amp;tl=1, https:\/\/a57.foxnews.com\/static.foxnews.com\/foxnews.com\/content\/uploads\/2025\/02\/1344\/756\/geneva-2025-summit.jpg?ve=1&amp;tl=1 2x\" height=\"378\" width=\"672\"><source media=\"(min-width: 1024px) and (max-width: 1279px)\" srcset=\"https:\/\/a57.foxnews.com\/static.foxnews.com\/foxnews.com\/content\/uploads\/2025\/02\/931\/523\/geneva-2025-summit.jpg?ve=1&amp;tl=1, https:\/\/a57.foxnews.com\/static.foxnews.com\/foxnews.com\/content\/uploads\/2025\/02\/1862\/1046\/geneva-2025-summit.jpg?ve=1&amp;tl=1 2x\" height=\"523\" width=\"931\"><source media=\"(min-width: 1280px)\" srcset=\"https:\/\/a57.foxnews.com\/static.foxnews.com\/foxnews.com\/content\/uploads\/2025\/02\/720\/405\/geneva-2025-summit.jpg?ve=1&amp;tl=1, https:\/\/a57.foxnews.com\/static.foxnews.com\/foxnews.com\/content\/uploads\/2025\/02\/1440\/810\/geneva-2025-summit.jpg?ve=1&amp;tl=1 2x\" height=\"405\" width=\"720\"><img loading=\"lazy\" decoding=\"async\" src=\"https:\/\/a57.foxnews.com\/static.foxnews.com\/foxnews.com\/content\/uploads\/2025\/02\/1200\/675\/geneva-2025-summit.jpg?ve=1&amp;tl=1\" alt=\"Una multitud de personas en una cumbre en Ginebra\" width=\"1200\" height=\"675\"\/><\/source><\/source><\/source><\/source><\/picture><\/div>\n<div class=\"info\">\n<div class=\"caption\">\n<p><span>Asistentes de la cumbre de Ginebra de 2025 para los derechos humanos y la democracia.<\/span> <!----><\/p>\n<\/div>\n<\/div>\n<\/div>\n<p><strong><u>Haga clic aqu\u00ed para obtener la aplicaci\u00f3n Fox News<\/u><\/strong><\/p>\n<p>La Cumbre de los Derechos Humanos y la Democracia de Ginebra, donde Pahlavi habl\u00f3 el martes, se celebra anualmente en la \u00e9poca de la sesi\u00f3n del Consejo de Derechos Humanos de la ONU. Los disidentes, activistas y m\u00e1s reciben una plataforma en la cumbre para hablar en contra de los abusos de los derechos humanos y las pr\u00e1cticas antidemocr\u00e1ticas que tienen lugar en todo el mundo.<\/p>\n<p> <!----> <\/p>\n<div class=\"article-meta\">\n<div class=\"author-bio\">\n<p>Rachel Wolf es una escritora de noticias de Fox News Digital y Fox Business.<\/p>\n<\/div>\n<\/div>\n<\/div>\n\n","protected":false},"excerpt":{"rendered":"<p>El Pr\u00edncipe Heredero iran\u00ed Reza Pahlavi est\u00e1 pidiendo una acci\u00f3n global para derrotar al r\u00e9gimen de la Rep\u00fablica Isl\u00e1mica. Pahlavi dice que el r\u00e9gimen es \u00abm\u00e1s d\u00e9bil de lo que ha sido\u00bb y que la gente de Ir\u00e1n est\u00e1 lista para recuperar su \u00abpa\u00eds robado\u00bb. Pahlavi habl\u00f3 en la Cumbre de los Derechos Humanos y &hellip;<\/p>\n","protected":false},"author":1,"featured_media":15363,"comment_status":"open","ping_status":"open","sticky":false,"template":"","format":"standard","meta":{"fifu_image_url":"https:\/\/static.foxnews.com\/foxnews.com\/content\/uploads\/2025\/02\/reza-pahlavi-1.jpg","fifu_image_alt":"","footnotes":""},"categories":[13],"tags":[],"class_list":["post-15361","post","type-post","status-publish","format-standard","has-post-thumbnail","","category-mundo"],"_links":{"self":[{"href":"https:\/\/noticiasveraces.com\/index.php?rest_route=\/wp\/v2\/posts\/15361","targetHints":{"allow":["GET"]}}],"collection":[{"href":"https:\/\/noticiasveraces.com\/index.php?rest_route=\/wp\/v2\/posts"}],"about":[{"href":"https:\/\/noticiasveraces.com\/index.php?rest_route=\/wp\/v2\/types\/post"}],"author":[{"embeddable":true,"href":"https:\/\/noticiasveraces.com\/index.php?rest_route=\/wp\/v2\/users\/1"}],"replies":[{"embeddable":true,"href":"https:\/\/noticiasveraces.com\/index.php?rest_route=%2Fwp%2Fv2%2Fcomments&post=15361"}],"version-history":[{"count":0,"href":"https:\/\/noticiasveraces.com\/index.php?rest_route=\/wp\/v2\/posts\/15361\/revisions"}],"wp:featuredmedia":[{"embeddable":true,"href":"https:\/\/noticiasveraces.com\/index.php?rest_route=\/wp\/v2\/media\/15363"}],"wp:attachment":[{"href":"https:\/\/noticiasveraces.com\/index.php?rest_route=%2Fwp%2Fv2%2Fmedia&parent=15361"}],"wp:term":[{"taxonomy":"category","embeddable":true,"href":"https:\/\/noticiasveraces.com\/index.php?rest_route=%2Fwp%2Fv2%2Fcategories&post=15361"},{"taxonomy":"post_tag","embeddable":true,"href":"https:\/\/noticiasveraces.com\/index.php?rest_route=%2Fwp%2Fv2%2Ftags&post=15361"}],"curies":[{"name":"wp","href":"https:\/\/api.w.org\/{rel}","templated":true}]}}