{"id":15327,"date":"2025-02-19T06:25:31","date_gmt":"2025-02-19T10:25:31","guid":{"rendered":"https:\/\/noticiasveraces.com\/?p=15327"},"modified":"2025-02-19T06:25:31","modified_gmt":"2025-02-19T10:25:31","slug":"el-papa-francisco-durmio-tranquilamente-comio-el-desayuno-despues-del-diagnostico-de-neumonia-en-ambos-pulmones","status":"publish","type":"post","link":"https:\/\/noticiasveraces.com\/?p=15327","title":{"rendered":"El Papa Francisco durmi\u00f3 tranquilamente, comi\u00f3 el desayuno despu\u00e9s del diagn\u00f3stico de neumon\u00eda en ambos pulmones"},"content":{"rendered":"<p> \n<\/p>\n<div>\n<div class=\"article-gating gated-overlay show-gate\">\n<div class=\"article-gating-wrapper\">\n<p>\u00danase a Fox News para acceder a este contenido<\/p>\n<p>Has alcanzado su n\u00famero m\u00e1ximo de art\u00edculos. Inicie sesi\u00f3n o cree una cuenta de forma gratuita para continuar leyendo.<\/p>\n<div class=\"article-gating-legal tablet-desktop\">Al ingresar su correo electr\u00f3nico y presionar continuar, usted acepta los t\u00e9rminos de uso y la pol\u00edtica de privacidad de Fox News, que incluye nuestro aviso de incentivo financiero.\n    <\/div>\n<p><span>Por favor, introduce una direcci\u00f3n de correo electr\u00f3nico v\u00e1lida.<\/span><\/p>\n<footer class=\"article-gating-footer\">\u00bfTiene problemas? Haga clic aqu\u00ed.<\/footer>\n<\/div>\n<\/div>\n<p class=\"speakable\">El Papa Francisco durmi\u00f3 bien y desayun\u00f3 el mi\u00e9rcoles por la ma\u00f1ana despu\u00e9s de que le diagnosticaron neumon\u00eda en ambos pulmones, seg\u00fan el Vaticano.<\/p>\n<p class=\"speakable\">Matteo Bruni, portavoz del Vaticano, dijo que Francis tuvo una quinta noche pac\u00edfica en el Hospital Gemelli de Roma.<\/p>\n<p>\u00abTom\u00f3 una noche tranquila, se despert\u00f3 y desayun\u00f3\u00bb, dijo el portavoz.<\/p>\n<p>El Vaticano dijo el martes que Francis, a quien se le quit\u00f3 el l\u00f3bulo superior de su pulm\u00f3n derecho cuando era joven, hab\u00eda sido diagnosticado con neumon\u00eda tanto en sus pulmones como en las pruebas de laboratorio, la radiograf\u00eda de t\u00f3rax y la condici\u00f3n cl\u00ednica del Papa \u00abcontin\u00faan presentando A A imagen compleja \u00ab.<\/p>\n<p><strong>Papa Francisco diagnosticado con neumon\u00eda bilateral, dice el Vaticano<\/strong><\/p>\n<div class=\"image-ct inline\">\n<div class=\"m\"><picture><source media=\"(max-width: 767px)\" srcset=\"https:\/\/a57.foxnews.com\/static.foxnews.com\/foxnews.com\/content\/uploads\/2024\/01\/343\/192\/Pope-Francis.jpg?ve=1&amp;tl=1, https:\/\/a57.foxnews.com\/static.foxnews.com\/foxnews.com\/content\/uploads\/2024\/01\/686\/384\/Pope-Francis.jpg?ve=1&amp;tl=1 2x\" height=\"192\" width=\"343\"><source media=\"(min-width: 768px) and (max-width: 1023px)\" srcset=\"https:\/\/a57.foxnews.com\/static.foxnews.com\/foxnews.com\/content\/uploads\/2024\/01\/672\/378\/Pope-Francis.jpg?ve=1&amp;tl=1, https:\/\/a57.foxnews.com\/static.foxnews.com\/foxnews.com\/content\/uploads\/2024\/01\/1344\/756\/Pope-Francis.jpg?ve=1&amp;tl=1 2x\" height=\"378\" width=\"672\"><source media=\"(min-width: 1024px) and (max-width: 1279px)\" srcset=\"https:\/\/a57.foxnews.com\/static.foxnews.com\/foxnews.com\/content\/uploads\/2024\/01\/931\/523\/Pope-Francis.jpg?ve=1&amp;tl=1, https:\/\/a57.foxnews.com\/static.foxnews.com\/foxnews.com\/content\/uploads\/2024\/01\/1862\/1046\/Pope-Francis.jpg?ve=1&amp;tl=1 2x\" height=\"523\" width=\"931\"><source media=\"(min-width: 1280px)\" srcset=\"https:\/\/a57.foxnews.com\/static.foxnews.com\/foxnews.com\/content\/uploads\/2024\/01\/720\/405\/Pope-Francis.jpg?ve=1&amp;tl=1, https:\/\/a57.foxnews.com\/static.foxnews.com\/foxnews.com\/content\/uploads\/2024\/01\/1440\/810\/Pope-Francis.jpg?ve=1&amp;tl=1 2x\" height=\"405\" width=\"720\"><img loading=\"lazy\" decoding=\"async\" src=\"https:\/\/a57.foxnews.com\/static.foxnews.com\/foxnews.com\/content\/uploads\/2024\/01\/1200\/675\/Pope-Francis.jpg?ve=1&amp;tl=1\" alt=\"El Papa Francisco asiste a la audiencia\" width=\"1200\" height=\"675\"\/><\/source><\/source><\/source><\/source><\/picture><\/div>\n<div class=\"info\">\n<div class=\"caption\">\n<p><span>El Papa Francisco asiste a su audiencia general semanal en el Papa Pablo VI en el Vaticano el 23 de agosto de 2023.<\/span> <span>(AP Photo\/Andrew Medichini)<\/span><\/p>\n<\/div>\n<\/div>\n<\/div>\n<p>\u00abLa infecci\u00f3n polimicrobiana, que surgi\u00f3 en una imagen de bronquiectasia y bronquitis asmatiforme, y que requiri\u00f3 el uso de la terapia con cortisona antibi\u00f3tica, hace que el tratamiento terap\u00e9utico sea m\u00e1s complejo\u00bb, dijo el vaticano el martes.<\/p>\n<p>\u00abLa tomograf\u00eda computarizada del pecho que el Santo Padre se someti\u00f3 a esta tarde &#8230; demostr\u00f3 la aparici\u00f3n de neumon\u00eda bilateral que requer\u00eda una terapia farmacol\u00f3gica adicional\u00bb, continu\u00f3.<\/p>\n<p>Pero el Vaticano dijo el mi\u00e9rcoles que el Papa permanece de buen humor y est\u00e1 agradecido por las oraciones por su recuperaci\u00f3n.<\/p>\n<p>El viernes, Francis, de 88 a\u00f1os, ingres\u00f3 al hospital en condici\u00f3n \u00abjusta\u00bb despu\u00e9s de una semana de bronquitis empeor\u00f3. El lunes, el hospital determin\u00f3 que sufr\u00eda de una infecci\u00f3n del tracto respiratorio polimicrobiano, lo que significa que una mezcla de virus, bacterias y posiblemente otros organismos hab\u00edan colonizado en su tracto respiratorio.<\/p>\n<div class=\"image-ct inline\">\n<div class=\"m\"><picture><source media=\"(max-width: 767px)\" srcset=\"https:\/\/a57.foxnews.com\/static.foxnews.com\/foxnews.com\/content\/uploads\/2024\/02\/343\/192\/pope-francis.jpg?ve=1&amp;tl=1, https:\/\/a57.foxnews.com\/static.foxnews.com\/foxnews.com\/content\/uploads\/2024\/02\/686\/384\/pope-francis.jpg?ve=1&amp;tl=1 2x\" height=\"192\" width=\"343\"><source media=\"(min-width: 768px) and (max-width: 1023px)\" srcset=\"https:\/\/a57.foxnews.com\/static.foxnews.com\/foxnews.com\/content\/uploads\/2024\/02\/672\/378\/pope-francis.jpg?ve=1&amp;tl=1, https:\/\/a57.foxnews.com\/static.foxnews.com\/foxnews.com\/content\/uploads\/2024\/02\/1344\/756\/pope-francis.jpg?ve=1&amp;tl=1 2x\" height=\"378\" width=\"672\"><source media=\"(min-width: 1024px) and (max-width: 1279px)\" srcset=\"https:\/\/a57.foxnews.com\/static.foxnews.com\/foxnews.com\/content\/uploads\/2024\/02\/931\/523\/pope-francis.jpg?ve=1&amp;tl=1, https:\/\/a57.foxnews.com\/static.foxnews.com\/foxnews.com\/content\/uploads\/2024\/02\/1862\/1046\/pope-francis.jpg?ve=1&amp;tl=1 2x\" height=\"523\" width=\"931\"><source media=\"(min-width: 1280px)\" srcset=\"https:\/\/a57.foxnews.com\/static.foxnews.com\/foxnews.com\/content\/uploads\/2024\/02\/720\/405\/pope-francis.jpg?ve=1&amp;tl=1, https:\/\/a57.foxnews.com\/static.foxnews.com\/foxnews.com\/content\/uploads\/2024\/02\/1440\/810\/pope-francis.jpg?ve=1&amp;tl=1 2x\" height=\"405\" width=\"720\"><img loading=\"lazy\" decoding=\"async\" src=\"https:\/\/a57.foxnews.com\/static.foxnews.com\/foxnews.com\/content\/uploads\/2024\/02\/1200\/675\/pope-francis.jpg?ve=1&amp;tl=1\" alt=\"Papa Francisco sentado\" width=\"1200\" height=\"675\"\/><\/source><\/source><\/source><\/source><\/picture><\/div>\n<div class=\"info\">\n<div class=\"caption\">\n<p><span>Papa Francisco en su audiencia semanal en el Vaticano el 28 de febrero de 2024.<\/span> <span>(AP Photo\/Andrew Medichini)<\/span><\/p>\n<\/div>\n<\/div>\n<\/div>\n<p>\u00abLa tomograf\u00eda computarizada del cofre de seguimiento que el Santo Padre sufri\u00f3 esta tarde &#8230; demostr\u00f3 la aparici\u00f3n de neumon\u00eda bilateral, que requiri\u00f3 terapia farmacol\u00f3gica adicional\u00bb, dijo Bruni.<\/p>\n<p>La bronquitis puede provocar neumon\u00eda, una infecci\u00f3n m\u00e1s profunda y mucho m\u00e1s grave de los sacos a\u00e9reos de los pulmones. La neumon\u00eda puede desarrollarse en parte o en la totalidad de un pulm\u00f3n o ambos pulmones, y generalmente es m\u00e1s grave cuando ambos pulmones se ven afectados, porque no hay suficiente tejido pulmonar saludable para compensar.<\/p>\n<p>El tratamiento puede variar pero puede incluir proporcionar ox\u00edgeno a trav\u00e9s de un tubo o m\u00e1scara nasal, fluidos intravenosos y el tratamiento de la causa subyacente de la infecci\u00f3n.<\/p>\n<p>No se cree que Francis est\u00e9 usando ox\u00edgeno suplementario. Desayun\u00f3 todos los d\u00edas, lee los peri\u00f3dicos y trabaj\u00f3 en su habitaci\u00f3n de hospital.<\/p>\n<p><strong>El Papa Francisco permanecer\u00e1 en el hospital, dice el Vaticano<\/strong><\/p>\n<div class=\"image-ct inline\">\n<div class=\"m\"><picture><source media=\"(max-width: 767px)\" srcset=\"https:\/\/a57.foxnews.com\/static.foxnews.com\/foxnews.com\/content\/uploads\/2023\/01\/343\/192\/Pope-Francis.jpg?ve=1&amp;tl=1, https:\/\/a57.foxnews.com\/static.foxnews.com\/foxnews.com\/content\/uploads\/2023\/01\/686\/384\/Pope-Francis.jpg?ve=1&amp;tl=1 2x\" height=\"192\" width=\"343\"><source media=\"(min-width: 768px) and (max-width: 1023px)\" srcset=\"https:\/\/a57.foxnews.com\/static.foxnews.com\/foxnews.com\/content\/uploads\/2023\/01\/672\/378\/Pope-Francis.jpg?ve=1&amp;tl=1, https:\/\/a57.foxnews.com\/static.foxnews.com\/foxnews.com\/content\/uploads\/2023\/01\/1344\/756\/Pope-Francis.jpg?ve=1&amp;tl=1 2x\" height=\"378\" width=\"672\"><source media=\"(min-width: 1024px) and (max-width: 1279px)\" srcset=\"https:\/\/a57.foxnews.com\/static.foxnews.com\/foxnews.com\/content\/uploads\/2023\/01\/931\/523\/Pope-Francis.jpg?ve=1&amp;tl=1, https:\/\/a57.foxnews.com\/static.foxnews.com\/foxnews.com\/content\/uploads\/2023\/01\/1862\/1046\/Pope-Francis.jpg?ve=1&amp;tl=1 2x\" height=\"523\" width=\"931\"><source media=\"(min-width: 1280px)\" srcset=\"https:\/\/a57.foxnews.com\/static.foxnews.com\/foxnews.com\/content\/uploads\/2023\/01\/720\/405\/Pope-Francis.jpg?ve=1&amp;tl=1, https:\/\/a57.foxnews.com\/static.foxnews.com\/foxnews.com\/content\/uploads\/2023\/01\/1440\/810\/Pope-Francis.jpg?ve=1&amp;tl=1 2x\" height=\"405\" width=\"720\"><img loading=\"lazy\" decoding=\"async\" src=\"https:\/\/a57.foxnews.com\/static.foxnews.com\/foxnews.com\/content\/uploads\/2023\/01\/1200\/675\/Pope-Francis.jpg?ve=1&amp;tl=1\" alt=\"El papa\" width=\"1200\" height=\"675\"\/><\/source><\/source><\/source><\/source><\/picture><\/div>\n<div class=\"info\">\n<div class=\"caption\">\n<p><span>El Papa Francisco reza frente al \u00edcono de la Madonna del Popolo, venerada por bielorrusos y ucranianos, durante la audiencia general en el Sal\u00f3n de Pablo VI. Ciudad del Vaticano (Vaticano), 11 de enero de 2023.<\/span> <span>(Grzegorz Galazka\/Archivio Grzegorz Galazka\/Mondadori Portafolio a trav\u00e9s de Getty Images)<\/span><\/p>\n<\/div>\n<\/div>\n<\/div>\n<p><strong><u>Haga clic para obtener la aplicaci\u00f3n Fox News<\/u><\/strong><\/p>\n<p>El Vaticano tambi\u00e9n dijo que Francis no ten\u00eda fiebre, que Carmelo d&#8217;Asero, un experto en enfermedades infecciosas y enfermedades geri\u00e1tricas en Roma, dijo que no era necesariamente algo positivo debido a la gravedad de su infecci\u00f3n.<\/p>\n<p>\u00abUna fiebre alta es un signo de una respuesta inmune a un pat\u00f3geno\u00bb, dijo D&#8217;Asero. \u00abTener fiebre baja y tener una infecci\u00f3n bronquial grave &#8230; es un signo de una respuesta inmune disminuida y eso nos hace preocuparnos un poco m\u00e1s, digamos. Tal vez si tuviera fiebre, habr\u00eda sido mejor\u00bb.<\/p>\n<p>El Vaticano no ha dicho cu\u00e1nto tiempo podr\u00eda permanecer el Papa en el hospital, diciendo solo que el tratamiento de un \u00abcuadro cl\u00ednico complejo\u00bb requerir\u00eda una estad\u00eda \u00abadecuada\u00bb.<\/p>\n<p><i>Associated Press contribuy\u00f3 a este informe.<\/i><\/p>\n<\/div>\n\n","protected":false},"excerpt":{"rendered":"<p>\u00danase a Fox News para acceder a este contenido Has alcanzado su n\u00famero m\u00e1ximo de art\u00edculos. Inicie sesi\u00f3n o cree una cuenta de forma gratuita para continuar leyendo. Al ingresar su correo electr\u00f3nico y presionar continuar, usted acepta los t\u00e9rminos de uso y la pol\u00edtica de privacidad de Fox News, que incluye nuestro aviso de &hellip;<\/p>\n","protected":false},"author":1,"featured_media":15329,"comment_status":"open","ping_status":"open","sticky":false,"template":"","format":"standard","meta":{"fifu_image_url":"https:\/\/static.foxnews.com\/foxnews.com\/content\/uploads\/2024\/01\/Pope-Francis.jpg","fifu_image_alt":"","footnotes":""},"categories":[13],"tags":[],"class_list":["post-15327","post","type-post","status-publish","format-standard","has-post-thumbnail","","category-mundo"],"_links":{"self":[{"href":"https:\/\/noticiasveraces.com\/index.php?rest_route=\/wp\/v2\/posts\/15327","targetHints":{"allow":["GET"]}}],"collection":[{"href":"https:\/\/noticiasveraces.com\/index.php?rest_route=\/wp\/v2\/posts"}],"about":[{"href":"https:\/\/noticiasveraces.com\/index.php?rest_route=\/wp\/v2\/types\/post"}],"author":[{"embeddable":true,"href":"https:\/\/noticiasveraces.com\/index.php?rest_route=\/wp\/v2\/users\/1"}],"replies":[{"embeddable":true,"href":"https:\/\/noticiasveraces.com\/index.php?rest_route=%2Fwp%2Fv2%2Fcomments&post=15327"}],"version-history":[{"count":0,"href":"https:\/\/noticiasveraces.com\/index.php?rest_route=\/wp\/v2\/posts\/15327\/revisions"}],"wp:featuredmedia":[{"embeddable":true,"href":"https:\/\/noticiasveraces.com\/index.php?rest_route=\/wp\/v2\/media\/15329"}],"wp:attachment":[{"href":"https:\/\/noticiasveraces.com\/index.php?rest_route=%2Fwp%2Fv2%2Fmedia&parent=15327"}],"wp:term":[{"taxonomy":"category","embeddable":true,"href":"https:\/\/noticiasveraces.com\/index.php?rest_route=%2Fwp%2Fv2%2Fcategories&post=15327"},{"taxonomy":"post_tag","embeddable":true,"href":"https:\/\/noticiasveraces.com\/index.php?rest_route=%2Fwp%2Fv2%2Ftags&post=15327"}],"curies":[{"name":"wp","href":"https:\/\/api.w.org\/{rel}","templated":true}]}}