{"id":15322,"date":"2025-02-19T05:07:48","date_gmt":"2025-02-19T09:07:48","guid":{"rendered":"https:\/\/noticiasveraces.com\/?p=15322"},"modified":"2025-02-19T05:07:48","modified_gmt":"2025-02-19T09:07:48","slug":"asi-es-el-sf-25-el-nueva-monoplaza-de-ferrari-para-el-mundial-de-f1-2025","status":"publish","type":"post","link":"https:\/\/noticiasveraces.com\/?p=15322","title":{"rendered":"As\u00ed es el SF-25, El Nueva Monoplaza de Ferrari para El Mundial de F1 2025"},"content":{"rendered":"<p> \n<\/p>\n<div id=\"intext\">\n<p><b>Ferrari<\/b> dio a conocer anoche a Trav\u00e9s de Sus Redes Sociales El <b>SF-25<\/b>El Nuevo Monoplaza que conducir\u00e1n Lewis Hamilton y Charles Leclerc Esta temporada. Ser\u00e1 El Primer Ferrari Que <b>CONDUZCA HAMILTON<\/b> y la expectaci\u00f3n es m\u00e1xima por ver al Siete Veces Campe\u00f3n del Mundo al Volante de Un Coche Rojo. Este Mismo Mi\u00e9rcoles El Brit\u00e1nnico, Junto a Leclerc, Dar\u00e1 Sus Primeras Vueltas en fiorano en un Shakedown Programado Por la M\u00cdTICA ESCUDERIA ITALIANA.<\/p>\n<p>Los italianos Fueron Losss Que Mostraron su monoplaza anoche en el Evento Organizado por la f1 en Londres para celebrar el 75\u00ba Aniversario de la F\u00f3rmula 1, Un Acto Nunca Antes Visto y Donde Todos los Equipos Mostraron las decoraciones de SUS MONOPLAZES, AUNQUE NISO QUE EQUIESO EQUISO EQUISTROS MOSTRARON LAS DELECONES DE SUSMOS dar Pistas Sobre Sus Newevos Dise\u00f1os. Una celebraci\u00f3n en el o2 de la capital inglesa en la Que <b>Lewis Hamilton Fue el piloto m\u00e1s aclamado<\/b> por los aficionados.<\/p>\n<p>\u00abMe siento lleno de Energ\u00eda y de Vida, porque todo es Nuevo. ESTOY MUY ORGULLOSO DE FORMAR PARTE DEL EQUIPO Y ES ES EMOCIONE LO QUE VIENE POR DELANTE\u00bb, Indic\u00f3 lewis Hamilton.<\/p>\n<p>\u00abFormar Parte de Este Equipo Era El Sue\u00f1o que Ten\u00eda Desde Peque\u00f1o, Crecer de Rojo y Ahora Estoy Viviendo ESe Sue\u00f1o. S\u00faper Feliz de Formar Parte de Este Equipeo y Con Ganas de Hacer Historia Junto a Lewis Hamilton\u00bb, apunt\u00f3 Charles Lecler.<\/p>\n<h2 class=\"title-h2\">Los Detless del SF-25 de Ferrari<\/h2>\n<p>Al Mismo Tiempo Que se Desarrollaba El EventO en el O2 de Londres, Ferrari presente en sus redes Sociales El <b>SF-25<\/b>El Nueva Monoplaza para El Mundial de F1 2025.<\/p>\n<p>\u00abEL SF-25 ES SOTUPTAMENE NUEVO, COMO DESE\u00f1ADO UNA EVOLUCI\u00d3N DEL COCHE DEL A\u00f1o Pasado\u00bb, Explica Ferrari en su P\u00e1gina Web. A la Espera de ver C\u00d3MO SE Comporta en la Pista, Uno de los Aspectos que m\u00e1s ha Llamado la Atenn\u00f3n del Sf-25 Son Sus Colores, Destacando una Banda Blanca en la Tapa del Motor, El Mismo color que se Ha Ha Elegido para El Al\u00f3nonononononon Delantero y Trasero.<\/p>\n<p>\u00abLa decoraci\u00f3n de la decoraci\u00f3n ha cambiado significativo, presente y una mezcla de pasado, presente y futuro, con una declaraci\u00f3n de Estilo, potencia y tradici\u00f3n. El tono m\u00e1s oscuro del 2025 carreras rojo, con su acabado, evoca dictas de porreras, inspirats en inspirat intensos de los primeros D\u00edas de la Scuder\u00eda, con una Banda blanca en \u00e1ngulo y Audaz que se Destaca como una caracter\u00edstica Distintiva en el Autom\u00f3vil, Simbolizando Dinamismo y una Visi\u00f3n Que Mira Hacia El Futuro \u00ab, Aseegura ferrari en su p\u00b4\u00e7agina Sobre la decoraci\u00f3n de la decoraci\u00f3n de la decoraci\u00f3n de los colores de la futura SF-25.<\/p>\n<p>Los Italianos Apuestan Por Unos <b>Pontones de entrada invertida<\/b>Los que Ya Usaron en la Segunda PARTE DE LA TEMPORADA 2024. FERRARI HA CAMBIADO, por lo que parece A Primera Vista, LA <b>Delantera Pull-Rod<\/b>Siguiendo los Dise\u00f1os de Red Bull y McLaren. Habr\u00e1 que ver si los de Maranello Acierto Y <b>Lewis Hamilton<\/b> Puede Pelear por Su Octavos Mundial de F1.<\/p>\n<p>Este mi\u00e9rcoles se podr\u00e1 ver en detalle el SF-25 Rodando en fiorano y Hacersee una idea m\u00e1s Clara de C\u00f3mo es el Nueva Monoplaza de Lewis Hamilton y Charles Leclerc.<\/p>\n<p><i>S\u00edguenos en nuestro canal de whatsapp y no te Pierdas la \u00daLtima Hora y Toda la actualidad de antena3noticias.com<\/i><\/p>\n<div class=\"recirculation-video\" data-mod=\"a3mod_recirculation_video\">\n<div class=\"recirculation-video-wrapper\">\n<div>\n<div class=\"video-wrapper\">\n  <picture class=\"video-main-picture\"><source media=\"(min-width: 481px)\" srcset=\"https:\/\/fotografias.antena3.com\/clipping\/cmsimages02\/2025\/01\/26\/751E4831-E90E-4F0D-A5F1-517FBCE45785\/jannik-sinner-celebra-titulo-rod-laver-arena_94.jpg?crop=2326,1308,x0,y172&amp;width=800&amp;height=450&amp;optimize=medium&amp;format=webply\" width=\"800\" height=\"450\"><source media=\"(min-width: 391px) and (max-width: 480px)\" srcset=\"https:\/\/fotografias.antena3.com\/clipping\/cmsimages02\/2025\/01\/26\/751E4831-E90E-4F0D-A5F1-517FBCE45785\/jannik-sinner-celebra-titulo-rod-laver-arena_70.jpg?crop=2326,1308,x0,y172&amp;width=480&amp;height=270&amp;optimize=high&amp;format=webply\" width=\"480\" height=\"270\"><source media=\"(min-width: 321px) and (max-width: 390px)\" srcset=\"https:\/\/fotografias.antena3.com\/clipping\/cmsimages02\/2025\/01\/26\/751E4831-E90E-4F0D-A5F1-517FBCE45785\/jannik-sinner-celebra-titulo-rod-laver-arena_92.jpg?crop=2326,1306,x0,y173&amp;width=390&amp;height=219&amp;optimize=high&amp;format=webply\" width=\"390\" height=\"219\"><source media=\"(max-width: 320px)\" srcset=\"https:\/\/fotografias.antena3.com\/clipping\/cmsimages02\/2025\/01\/26\/751E4831-E90E-4F0D-A5F1-517FBCE45785\/jannik-sinner-celebra-titulo-rod-laver-arena_52.jpg?crop=2326,1308,x0,y172&amp;width=320&amp;height=180&amp;optimize=high&amp;format=webply\" width=\"320\" height=\"180\"><img decoding=\"async\" title=\"Jannik Sinner Celebra El Titulo en La Rod Laver Arena\" alt=\"Jannik Sinner Celebra El Titulo en La Rod Laver Arena\" width=\"480\" height=\"270\" src=\"https:\/\/fotografias.antena3.com\/clipping\/cmsimages02\/2025\/01\/26\/751E4831-E90E-4F0D-A5F1-517FBCE45785\/jannik-sinner-celebra-titulo-rod-laver-arena_70.jpg?crop=2326,1308,x0,y172&amp;width=480&amp;height=270&amp;optimize=high&amp;format=webply\" loading=\"lazy\" class=\"lazy\"\/><br \/>\n  <\/source><\/source><\/source><\/source><\/picture>\n <\/div>\n<\/div><\/div>\n<\/p><\/div>\n<\/div>\n\n","protected":false},"excerpt":{"rendered":"<p>Ferrari dio a conocer anoche a Trav\u00e9s de Sus Redes Sociales El SF-25El Nuevo Monoplaza que conducir\u00e1n Lewis Hamilton y Charles Leclerc Esta temporada. Ser\u00e1 El Primer Ferrari Que CONDUZCA HAMILTON y la expectaci\u00f3n es m\u00e1xima por ver al Siete Veces Campe\u00f3n del Mundo al Volante de Un Coche Rojo. Este Mismo Mi\u00e9rcoles El Brit\u00e1nnico, &hellip;<\/p>\n","protected":false},"author":1,"featured_media":15324,"comment_status":"open","ping_status":"open","sticky":false,"template":"","format":"standard","meta":{"fifu_image_url":"https:\/\/fotografias.antena3.com\/clipping\/cmsimages01\/2025\/02\/19\/FB7ECC74-7433-4404-9D0A-B762D8727F3F\/25-nuevo-monoplaza-ferrari-mundial-2025_69.jpg?crop=4096,2304,x0,y898&width=1280&height=720&optimize=low&format=jpg","fifu_image_alt":"","footnotes":""},"categories":[6],"tags":[],"class_list":["post-15322","post","type-post","status-publish","format-standard","has-post-thumbnail","","category-deportes"],"_links":{"self":[{"href":"https:\/\/noticiasveraces.com\/index.php?rest_route=\/wp\/v2\/posts\/15322","targetHints":{"allow":["GET"]}}],"collection":[{"href":"https:\/\/noticiasveraces.com\/index.php?rest_route=\/wp\/v2\/posts"}],"about":[{"href":"https:\/\/noticiasveraces.com\/index.php?rest_route=\/wp\/v2\/types\/post"}],"author":[{"embeddable":true,"href":"https:\/\/noticiasveraces.com\/index.php?rest_route=\/wp\/v2\/users\/1"}],"replies":[{"embeddable":true,"href":"https:\/\/noticiasveraces.com\/index.php?rest_route=%2Fwp%2Fv2%2Fcomments&post=15322"}],"version-history":[{"count":0,"href":"https:\/\/noticiasveraces.com\/index.php?rest_route=\/wp\/v2\/posts\/15322\/revisions"}],"wp:featuredmedia":[{"embeddable":true,"href":"https:\/\/noticiasveraces.com\/index.php?rest_route=\/wp\/v2\/media\/15324"}],"wp:attachment":[{"href":"https:\/\/noticiasveraces.com\/index.php?rest_route=%2Fwp%2Fv2%2Fmedia&parent=15322"}],"wp:term":[{"taxonomy":"category","embeddable":true,"href":"https:\/\/noticiasveraces.com\/index.php?rest_route=%2Fwp%2Fv2%2Fcategories&post=15322"},{"taxonomy":"post_tag","embeddable":true,"href":"https:\/\/noticiasveraces.com\/index.php?rest_route=%2Fwp%2Fv2%2Ftags&post=15322"}],"curies":[{"name":"wp","href":"https:\/\/api.w.org\/{rel}","templated":true}]}}