{"id":15317,"date":"2025-02-19T04:22:24","date_gmt":"2025-02-19T08:22:24","guid":{"rendered":"https:\/\/noticiasveraces.com\/?p=15317"},"modified":"2025-02-19T04:22:24","modified_gmt":"2025-02-19T08:22:24","slug":"los-lideres-europeos-sin-respuestas-para-ucrania-dw-18-02-2025","status":"publish","type":"post","link":"https:\/\/noticiasveraces.com\/?p=15317","title":{"rendered":"Los L\u00edderes Europeos, Sin respuestas para Ucrania &#8211; DW &#8211; 18\/02\/2025"},"content":{"rendered":"<p> \n<\/p>\n<div>\n<p>El Palacio del El\u00edseo SE Convirti\u00f3 el Lunes (17.2.2025) en el Centro de Manejo de Crisis en Europa, Cuando El Presidente Franc\u00e9s, Emmanuel Macron, Recibio A L\u00edderes Europeos Que Buscan Que el Futuro de Continente No Secry Secripta Sing Ellos.<\/p>\n<p>Muchos Todav\u00eda Est\u00e1n RECUPER\u00c1NDOSE DEL GOLPE QUE Signific\u00f3 que el Presidente Estadounidense, Donald Trump, Haya Conversaciones de la decidido Iniciario Con rusia Sobre Ucrania, Casi Sin Consultar O Tener en Cuenta las Preocupaciones de Los Aliados. Macron, en su rol de anfitri\u00f3n y promotor del Encuentro de los L\u00edderes Europeos, pareci\u00f3 Centrarse en la defensa, en Todos los Sentidos de la Palabra.<\/p>\n<p>Pero el Encuentro del Lunes Gener\u00f3 M\u00e1s Preguntas Nuevas que respuestas acerca de c\u00f3mo Actuar\u00e1 Europa en lo inmediato. TODO ESTO, JUSTO AL INICIO DE UNA SEMANA DECISIVA EN LA DIPLOMACIA PARA UCRANIA.<\/p>\n<h2>Debate Sobre Futuras Garant\u00edas<\/h2>\n<p>La Mayor\u00eda de Los L\u00edderes en Par\u00eds Reiteraron Promesas Pasadas de Mantener el Apoyo Pol\u00cdtico, Militar y Financiero a Kiev, y Recalcaron que Ning\u00fan Acuerdo Sobre Ucrania Debe -Realizarse A Sus Espaldas.<\/p>\n<p>PERO la Alineaci\u00f3 de L\u00edderes, Que incluy\u00f3 Francia, Alemania, Dinamarca, Los Pa\u00edses Bajos, Espa\u00f1a, El Reino Unido, Polonia e Italia, As\u00ed Como Altos Funcionario de la Ue y la otan, Parec\u00eda Menos Unida ACERCERE DE LA SEGURIDAD Europa Como parte de un acuerdo a Largo Plazo Para Ucrania.<\/p>\n<p>El Canciller Alem\u00e1n, Olaf Scholz, Dijo A Medios que Sent\u00eda \u00abIrritado\u00bb por la Discusi\u00f3n real. \u00abSE Trata de Un debate inadecuado, en el Momento equivoco y Sobre el Tema Equivocado. A\u00fan no Estamos en Un Punto de Paz, Sino en Medio de Una Guerra Brutalmento Librada Por Rusia\u00bb.<\/p>\n<figure class=\"placeholder-image master_landscape big\"><img data-format=\"MASTER_LANDSCAPE\" data-id=\"71644236\" data-url=\"https:\/\/static.dw.com\/image\/71644236_${formatId}.jpg\" data-aspect-ratio=\"16\/9\" alt=\"Olaf Scholz Habla Ante la Prensa Luego de la Cumbre de L\u00edderes Europeos en Par\u00eds. Al Fondo, La Torre Eiffel.\" style=\"padding-bottom: 56.25%; height: 0; max-height: 0;\"\/><figcaption class=\"img-caption\">Olaf Scholz Habla Ante la Prensa Luego de la Cumbre de L\u00edderes Europeos en Par\u00eds. <small class=\"copyright\">Imagen: Behrouz Mehri\/AFP\/Getty Images<\/small><\/figcaption><\/figure>\n<p>Sus Palabras Contrastaron Con las declaraciones del Primer Ministro Brit\u00e1nnico, Kier Starmer, Quien Subray\u00f3 que Estaba dispunesto un consumo de consumo de tropas Brit\u00e1nicas a Ucrania en alg\u00fan Momento.<\/p>\n<p>Por su parte, La Danesa Frederiksen Dijo que su nacia estaba abierta a \u00abMuchas cosas\u00bb, pero esas \u00abMuchasas cosas\u00bb Necesitan Ser Aclaradas Primero. El Primer Ministro Polaco, Donald Tusk, Asegur\u00f3 que no hab\u00eda planos para enviar tropas de paz polacas al terreno.<\/p>\n<p>UN FUNCI\u00d3N DE LA LA UE RESUMIO EL ESTADO DE ANIMO EN LA REUNION: \u00abEstamos disputos un Garant\u00edas de Seguridad, con modalidadas que se ex\u00e1minar\u00e1n, dependiendo delevo del nivel de apiodense\u00bb.<\/p>\n<p><span data-slot-id=\"Article_InContent-1\" class=\"rich-text-ad\"\/><\/p>\n<h2>\u00bfPosible influencia de la ue en medio de desaires de ee. Uu.?<\/h2>\n<p>Estados Unidos Ya Ha Explicado Qu\u00e9 Forma Puede Adquirir Su Plan. LA SEMANA PASADA, EL SECRETARIO DE DEFENSA ESTADOUNDENSE, PETE HEGSETH, DIJO QUE SIN PARTIVARIO SOLDADOS ESTADUNIDENES, y Argumento de que podr\u00eda Desplegarse \u00abTropas europeas y no europeas\u00bb para respaltar un futuro alto el fu\u00e9go.<\/p>\n<p>Fue crucial que dijera que dichas fuerzas no tenderr\u00eda que estar protegidas por una garant\u00eda de seguridad estadounidense. ESO implicHar\u00eda Comprometer Fuerzas Armadas de los Pa\u00edses de la Otan sin recurrir al Compromiso B\u00e1sico de Defensa Colectiva de la Alianza. Un pesar de las garant\u00edas dadas por estados unidos de que recurrir\u00eda al \u00abaporte\u00bb Europa, Washington Dice que todav\u00eda planea negociar s\u00f3lo con Mosc\u00fa y Kiev.<\/p>\n<p>Respeto de Ello, Ulrike Franke, Investigadora del Consejo Europa de Relaciones Exteriores, Explica a Dw que Europa Podr\u00eda USAR ESTO para Presesar por una alcald\u00eda. \u00abLa Ventaja, en Realidad, Es que Ser\u00e1n los Europeos los que Thenr\u00e1n que ConseGuire Cualquier Tipo de Acuerdo\u00bb, afirma. <\/p>\n<figure class=\"placeholder-image master_landscape big\"><img data-format=\"MASTER_LANDSCAPE\" data-id=\"71587210\" data-url=\"https:\/\/static.dw.com\/image\/71587210_${formatId}.jpg\" data-aspect-ratio=\"16\/9\" alt=\"El Secretario de Defensa de Estados Unidos, Pete Hegseth.\" style=\"padding-bottom: 56.25%; height: 0; max-height: 0;\"\/><figcaption class=\"img-caption\">El Secretario de Defensa de Estados Unidos, Pete Hegseth, Ha Descartado que Tropas Estadounidenses particip\u00f3 en una futura misi\u00f3n de Mantenimiento de la Paz en Ucrania.<small class=\"copyright\">Imagen: Omar Habana\/AP\/DPA\/Alianza de im\u00e1genes<\/small><\/figcaption><\/figure>\n<h2>La Misi\u00f3n de Macron<\/h2>\n<p>La lista de invitados a par\u00eds incluy\u00f3 a los pesos pesados \u200b\u200bde la ue en t\u00e9rminos militares y diplom\u00e1ticos, as\u00ed como exmiembro del bloque, el reino unido. El Encuentro Supuso un Cambio Respeto del Formato habitual de las conversaciones de la ue, que suelen Celebrarse Centralmental en Bruselas. El investigador Pierre Haroche recuerda a dw que no es la Primera Vez que macron Act\u00faa Solo en cuestiones de Pol\u00edtica Exterior en Europa. <\/p>\n<p>SE Espera que los Ministros de Exteriores de la Ue se Re\u00fanan el Pr\u00f3pumo Lunes en Bruselas para Coordinar a Nivel de Bloque. Est\u00e1 por verso Con Qu\u00e9 Otras Novedades de Donald Trump se Encuentran Hasta Entonces.<\/p>\n<p>(CP\/MS)<\/p>\n<\/p>\n<\/div>\n\n","protected":false},"excerpt":{"rendered":"<p>El Palacio del El\u00edseo SE Convirti\u00f3 el Lunes (17.2.2025) en el Centro de Manejo de Crisis en Europa, Cuando El Presidente Franc\u00e9s, Emmanuel Macron, Recibio A L\u00edderes Europeos Que Buscan Que el Futuro de Continente No Secry Secripta Sing Ellos. Muchos Todav\u00eda Est\u00e1n RECUPER\u00c1NDOSE DEL GOLPE QUE Signific\u00f3 que el Presidente Estadounidense, Donald Trump, Haya &hellip;<\/p>\n","protected":false},"author":1,"featured_media":15318,"comment_status":"open","ping_status":"open","sticky":false,"template":"","format":"standard","meta":{"fifu_image_url":"https:\/\/static.dw.com\/image\/71641517_6.jpg","fifu_image_alt":"","footnotes":""},"categories":[13],"tags":[],"class_list":["post-15317","post","type-post","status-publish","format-standard","has-post-thumbnail","","category-mundo"],"_links":{"self":[{"href":"https:\/\/noticiasveraces.com\/index.php?rest_route=\/wp\/v2\/posts\/15317","targetHints":{"allow":["GET"]}}],"collection":[{"href":"https:\/\/noticiasveraces.com\/index.php?rest_route=\/wp\/v2\/posts"}],"about":[{"href":"https:\/\/noticiasveraces.com\/index.php?rest_route=\/wp\/v2\/types\/post"}],"author":[{"embeddable":true,"href":"https:\/\/noticiasveraces.com\/index.php?rest_route=\/wp\/v2\/users\/1"}],"replies":[{"embeddable":true,"href":"https:\/\/noticiasveraces.com\/index.php?rest_route=%2Fwp%2Fv2%2Fcomments&post=15317"}],"version-history":[{"count":0,"href":"https:\/\/noticiasveraces.com\/index.php?rest_route=\/wp\/v2\/posts\/15317\/revisions"}],"wp:featuredmedia":[{"embeddable":true,"href":"https:\/\/noticiasveraces.com\/index.php?rest_route=\/wp\/v2\/media\/15318"}],"wp:attachment":[{"href":"https:\/\/noticiasveraces.com\/index.php?rest_route=%2Fwp%2Fv2%2Fmedia&parent=15317"}],"wp:term":[{"taxonomy":"category","embeddable":true,"href":"https:\/\/noticiasveraces.com\/index.php?rest_route=%2Fwp%2Fv2%2Fcategories&post=15317"},{"taxonomy":"post_tag","embeddable":true,"href":"https:\/\/noticiasveraces.com\/index.php?rest_route=%2Fwp%2Fv2%2Ftags&post=15317"}],"curies":[{"name":"wp","href":"https:\/\/api.w.org\/{rel}","templated":true}]}}