{"id":15306,"date":"2025-02-19T02:42:07","date_gmt":"2025-02-19T06:42:07","guid":{"rendered":"https:\/\/noticiasveraces.com\/?p=15306"},"modified":"2025-02-19T02:42:07","modified_gmt":"2025-02-19T06:42:07","slug":"los-padres-de-minneapolis-comparten-un-viaje-de-tener-dos-hijos-con-trastorno-raro-2","status":"publish","type":"post","link":"https:\/\/noticiasveraces.com\/?p=15306","title":{"rendered":"Los padres de Minneapolis comparten un viaje de tener dos hijos con trastorno raro"},"content":{"rendered":"<p> \n<\/p>\n<div id=\"\">\n<figure class=\"embed embed--type-video embed--type-content_video is-video embed--float-none embed--size-medium is-hero\">\n<div class=\"embed__content-wrapper\">\n<link rel=\"preload\" as=\"image\" href=\"https:\/\/assets2.cbsnewsstatic.com\/hub\/i\/r\/2025\/02\/16\/aa19bb69-ef2a-4bea-bb45-1428786d7aa7\/thumbnail\/1280x720\/f58208f5e1ceb5f6452c8d29cb93edb6\/f69dbaa5f4f8ff8026e49de380d1efaf.jpg?v=db3d87ba7bf4d4ff13b65eabcf0d9bea\"\/><svg xmlns=\"http:\/\/www.w3.org\/2000\/svg\" style=\"position:absolute;width:0;height:0\"><defs><symbol id=\"player-icon-pause\" viewbox=\"0 0 32 32\"><path d=\"M4 4h10v24h-10zM18 4h10v24h-10z\"\/><\/symbol><symbol id=\"player-icon-play\" viewbox=\"0 0 32 32\"><path d=\"M6 4l20 12-20 12z\"\/><\/symbol><symbol id=\"player-icon-close\" viewbox=\"0 0 32 32\"><line stroke-width=\"6\" x1=\"3\" y1=\"3\" x2=\"29\" y2=\"29\"\/><line stroke-width=\"6\" x1=\"29\" y1=\"3\" x2=\"3\" y2=\"29\"\/><\/symbol><symbol id=\"player-icon-fullscreen\" viewbox=\"0 0 32 32\"><path d=\"M32 0h-13l5 5-6 6 3 3 6-6 5 5z\"\/><path d=\"M32 32v-13l-5 5-6-6-3 3 6 6-5 5z\"\/><path d=\"M0 32h13l-5-5 6-6-3-3-6 6-5-5z\"\/><path d=\"M0 0v13l5-5 6 6 3-3-6-6 5-5z\"\/><\/symbol><symbol id=\"player-icon-drag\" viewbox=\"0 0 40 55\"><g fill=\"#f5f5f5\"><circle cx=\"5\" cy=\"5\" r=\"5\"\/><circle cx=\"20\" cy=\"5\" r=\"5\"\/><circle cx=\"35\" cy=\"5\" r=\"5\"\/><circle cx=\"5\" cy=\"20\" r=\"5\"\/><circle cx=\"20\" cy=\"20\" r=\"5\"\/><circle cx=\"35\" cy=\"20\" r=\"5\"\/><circle cx=\"5\" cy=\"35\" r=\"5\"\/><circle cx=\"20\" cy=\"35\" r=\"5\"\/><circle cx=\"35\" cy=\"35\" r=\"5\"\/><circle cx=\"5\" cy=\"50\" r=\"5\"\/><circle cx=\"20\" cy=\"50\" r=\"5\"\/><circle cx=\"35\" cy=\"50\" r=\"5\"\/><\/g><\/symbol><\/defs><\/svg><\/p>\n<div class=\"embed__sticky-content lazyload\" data-component=\"viewability\" data-viewability-options=\"true\">\n<div class=\"player-overlay__container  player-overlay--draggable \" data-theme=\"default\">\n<p>\n                  <svg class=\"player-overlay--icon-grid\"><use xlink:href=\"#player-icon-drag\"\/><\/svg><span class=\"player-overlay__title\">Minneapolis Padres de hijos con raras condiciones que abogan por la cura <\/span><\/p>\n<p>        <button class=\"player-overlay__button player-overlay__button--close\" data-target=\"\" aria-label=\"Disable small player\"><br \/>\n          <svg class=\"player-overlay__button--icon player-overlay__button--icon-close\"><use xlink:href=\"#player-icon-close\"\/><\/svg><\/button><\/p>\n<p>  <iframe data-src=\"https:\/\/www.cbsnews.com\/embed\/video\/?v=db3d87ba7bf4d4ff13b65eabcf0d9bea1739947264&amp;usprivacy=null#xVj7b9s4Ev5XDAHrHy5hLFFvL4w9x066wbVJ0NceEBcGRVK2NnqdKNlxU%2F%2FvN0PJr2zR2%2Bt1cdtFJA2HwyH5zcw3fjZYUxdlyjbG0KirRhrnRqImRZqyUiVRKo1hzFIlzw0hVwmHT3hRjzAFFFeJkIUxfDaSWmbKGD48G%2FWmRJ1VIdCQgNfQ4lLQOCQRZZw4kkoSco%2BTkDl%2BFPq%2B79o%2B6Gbl01sZ3%2BCM%2BeXHN7y0Fq8uCzW%2BWdpjmfKQTa7oP8N%2F%2FXaznIN2USWLJL8SSZ0UOUzJkhykKm0W7UcuWVmkiSIlq2ReK1LERBW5IuukXpIKhIQXeTudMLEqOKsliYuK8KbCM6iTGvduvDnY6nW2ekXcQ1s9tNVDW73O1sXFhYEH9QgT4SVu0vS77BR5b%2BdTD3zqdT5xlhd5wln6%2FgcarZNMqpplpTG0fDv0qWPq%2F2AfTcXa46U0PHy%2BZpFMYXHTHjohGEjb7xw2CzeesYVUCAmFN7ms61INZ4PZgCkla0UveKRyuVawYp3wC15ks8GyiWaDZDaoZgNqUnc2MOlsYHkwh1lhFHkhkTFlxIkkI1HkuMRyaOAHnvAZ82eDetlkUc6SdDbwHPPJ9kyYyR1h2dQNXB5I6luMUjP2HWm63IndCOzHXigixtzYiYM4DkzqSScU0g5MYcmYxRe%2Fl4tfViMR2SLwI%2BZHsSOcOLbsyHMli3hsihAcgv0v%2Fw8btWhgPvkUdhq7ATWD2JUQZZEbe45LeSBoyKPQliLyftxOt%2BdGWUEOkOsPVXqy5bIqxAVEvE4Hu423W%2B4%2BZoMVbHqZwovtOtQ2g7n%2ByJiqZXWR2U1wSCd%2FlWX6l5iGUMpYDaZZWaYQnBgis8ETyUq5%2BPD2NWg0L45rvV6frqfzlSpqBiuiN53kf8lgs4HO4zdZWaCz%2ByQOeTvhOmMjagEtjhOImARuHBDH5g5hnhsRxphpUSt0Y4sf0qr2jaw5L4hD0HsEfyLBFb6E6vHQ3V932j1U7Dk9rfgJsKO38R7Xv2UZZq%2BPnfrexuWmHXnYD%2F02mdyBjdvOBkvTP6xz4tAnAKksE1UIMGOB55IpXR8s3IZcZOBCO9CUAGal9gcDpsecg%2BQyLfjjPp2pD0pW75pI8SqJpNirqxKuoqh2ekv5NJ5CMDUpIsE8h3%2BGll4epHZ47rjnLqZMJvAK4nX7d54m%2BeMJQvzY9P2L1UW8zqrsIpc1pAgxGywg8H%2FhKhGjZ8izMBHft32m8vXIpaZtWX3OcBT%2Fbvtxyhajn%2Bgly3gED5nxCh6irgQ8VFqX%2BqHHoLLjI46YHtvkHB55oycwWSf9TNbVyDKp3T%2BsBREUd%2B8%2F2eNXRbFI5XR8M3k3vpnfFh%2FvxzfTfrmq8tHD2%2FHt9O7Npz6ceDlaZay0cE0II6evjpxflcfKKyg4I%2FPnOexTAb%2BYl1BZRs8QZXPcHIrzRMJl5PNWNro3J%2BbE9sdTQs2JQ5yra5%2BMr6lLLq8uJ5eWN70O3Kv%2BatHgEenHtq8%2Bj56R%2FMgKFvkst%2F0lxMtI3wTs6Sd6Df%2B%2FiNd%2BiRwHpuGjdeRRbubrohJq9KwDbNtvydLouX1u%2B7BGjZlitJaRnpKoOYjgIvWzNdOoeVklK8Y3YL192fYXZTl6hj9zVVdJvtCCucZA9wKSZAXn9uru7tXrq%2FnN7bv3b6%2FGb%2BYfb6ZXd%2FPbu9vJ1af%2Bc5yBcVaxTG1%2FNnQ0skzXacQQgO8YUYhQuBZj2N4LEo9WR%2BMKcx4gC77PEFlniKszRNUZYuoMEXWGeDpDNJ0hls4QSWeII%2BR5gCQIQYDSuXG8BqIJbLafw6%2BiCf0GPIHWDiQgQUxhckJUnWlMYaifuI%2B4Op2E2DKGwHFO0IVb7PBltEOnCIPxP4UxXADhhfZanKFLn%2FHzGGuYIQBt36oNuOOOUXd46xzbIw5HWswZRxR9hzuc3yEPpIC9bnqLOn3tLf46%2BQGBesUOgzAIWEPJEQ5b4bxDzw6LKAU04ml%2FC4%2BaTBwc23UUWxDXFeOPsIDGZpEpXgBNxXco37ZpumbgASAdmDW5fHd7OCfugehvmI7hI1fg5lzfaFeoQMLKOUPPbmeD8V6H4ymsuGXtJfpGjm2jV4u2z%2BFFk8P2keE%2BQD2KUvAVanTd1oEtFoxreLnalaCuWmhWfLeSVZWgtK0ZWfN0XxWlrOrNPySeN3V8KZjr2ZYvLNcJndCits1sz9h%2B0nHDNK%2BGA6rlYoPvIFsWouUeMhfa065Yx5LVwAMEsgHQx26sAxJsCYoXFsJDl4MRXybwsmcgT0vgPhzaQMlbRrOfBozyhW0gGy8uLlFXOYPmUXSll1VAglM5bsDfCnu8B8O23NC3qUM826XE8TxGAuYExPal79vAeJktdM0%2FnrrjB5GsZN1LJTh0pKObRxFxM4pFQCzGwW7sxwR4cURiFpiO44jACeTBo%2FsmmsIW8PSBkROTEsvrWcGQhm1zc7I6BtvxyvvhdxKpGKs2e72Hg1fYpL6U7Rq47CsNnFpi0%2FZ70VS53GA7t2QrONZevS5ednZZo8AYWUPWQw0BqKsEsL3DOrsrz2uwPe%2Bk%2B0zRDR8a%2BkRN5QoPQ5eIxU4BY2iOPT7mMXge%2Bu5GdaJfE2SZDwawJ5buSR%2BOvGsRBMp6bMcccagzjykcNpasZK9NUTqh6duUcRSHPPZIEAU%2BcZhtA9c1AXnC98I4Nj2fursJHa088gC4N9C3bhVsnrFdTbIEI9zpfLjTvyTsf0LY3Sgcv86kkIx7e34O41HFcnHfpS7tYpeu2zJyOMp9s37P6qWOrCOa37YXj1BlZaXIY8IfiWj4UqJCy%2B3halO%2Bo%2FgYf8cmXzZg3%2Boovm8poMOaqqv9ne7uTX%2Fg2W1AHXsOQXaigx6p10lOOKBE4hzwbZWkKZbY4w8CgGVRkib1RrNllsJJATZ30nbyUYxoSO1i7eDf97ny1dX%2FsMCN0EtYLHBd249IZAqXOFwIwlzBiO8x6LdjTrmN6KCWz0w3CkkgQmioaAS9lBcJ6OtN5lhOFAjXAzXbCUOXc5tYQRhDv29BjhKuBdkqlJbpUSktDIMgcLzAM2EVNxDEsiQlobAoMU0riGXATDMy29ZqITvw%2F4Crn98fzHWgGv4As7t4n%2B44ymnUf%2Fny5RA7qHtfQdWsNm9bggGOJLtfVGAQYcGqR4lpb5IWjbirFjoYLXNqW5S6LnWvr10%2FNMdOaE6d6d%2FHoogg1hcIgReswuhohdHxilP%2B9ed5BeyTnbKIY0vbdlunB9vtdaLJwpGwBjQmTYYeyhwTMv5aYbQkOUmPdPVhbJEdiITdF0rn5S7hpZKJLo%2F%2Fx4TxfXequcJ%2Fk4x%2B4M8b2%2B2%2FAQ%3D%3D\" class=\"lazyload embed__frame\" data-width=\"1920\" data-height=\"1080\" frameborder=\"0\" scrolling=\"no\" allowfullscreen=\"allowfullscreen\" id=\"minneapolis-parents-of-sons-with-rare-condition-advocate-for-cure--hero\" title=\"Video: Minneapolis parents of sons with rare condition advocate for cure\" data-sort-time=\"1739724288000\" data-update-time=\"1739724288000\"><\/iframe><\/p><\/div>\n<p>          <button class=\"player-overlay__button--icon-close__mobile\" data-target=\"\" aria-label=\"Close sticky player\"><br \/>\n        <svg class=\"player-overlay__button--icon\"><use xlink:href=\"#player-icon-close\"\/><\/svg><\/button><\/p><\/div>\n<\/p><\/div><figcaption class=\"embed__caption-container\">\n<p>          <span class=\"embed__icon\"><br \/>\n            <svg viewbox=\"0 0 32 32\" aria-hidden=\"true\"><use xlink:href=\"#icon-video\"\/><\/svg><\/span><\/p>\n<p>          <span class=\"embed__headline\">Minneapolis Padres de hijos con raras condiciones que abogan por la cura<\/span><\/p>\n<p>          <span class=\"embed__video-duration\">03:49<\/span><\/p>\n<\/figcaption><\/figure>\n<p>Caleb Kasner y su hermano Duncan Kasner se mueven un poco diferente a los ni\u00f1os promedio.<\/p>\n<p>Los dos hermanos tienen distrofia muscular de Duchenne, un trastorno raro y heredado de la p\u00e9rdida muscular que no tiene cura.<\/p>\n<p>\u00abCaleb dej\u00f3 de caminar en diciembre del &#8217;23, as\u00ed que hace poco m\u00e1s de un a\u00f1o. Duncy dej\u00f3 de caminar en abril del &#8217;24\u00bb, dijo su madre, Sarah Kasner. \u00abEventualmente solo afecta a todas las partes de cada m\u00fasculo, coraz\u00f3n y pulmones incluidos\u00bb.<\/p>\n<p>Su viaje con Duchenne comenz\u00f3 hace casi seis a\u00f1os cuando ambos ni\u00f1os fueron diagnosticados con unas semanas de diferencia. <\/p>\n<p>\u00abTodos nos derrumbamos por el piso y lloramos porque ni siquiera sab\u00edamos qu\u00e9 esperar\u00bb, dijo Sarah Kasner.<\/p>\n<p>Los ni\u00f1os de 11 y 9 a\u00f1os est\u00e1n vinculados a las sillas de ruedas y requieren atenci\u00f3n las 24 horas, los 7 d\u00edas de la semana. <\/p>\n<p>En los \u00faltimos meses, la casa de Dan y Sarah Kasner se ha sometido a una construcci\u00f3n, agregando un ascensor y un ba\u00f1o accesible. Las modificaciones hicieron que su vida en constante cambio sea m\u00e1s f\u00e1cil.<\/p>\n<p>\u00abComprender que nada mejorar\u00e1, solo va a seguir progresando. Descubra la forma de mantenerse fuertes y mantenerlos sonriendo todo lo que podamos\u00bb, dijo Dan Kasner.<\/p>\n<p>Sarah Kasner dice que tienen una gran red de soporte que los mantiene en marcha en medio de los altibajos.<\/p>\n<p>\u00abAmbos tienen miocardiopat\u00eda, que es el tejido cicatricial en su coraz\u00f3n\u00bb, dijo Sarah Kasner. \u00abM\u00e1s del 50% de su coraz\u00f3n est\u00e1 lleno de eso\u00bb.<\/p>\n<p>Hay progreso en la pelea y una nueva terapia g\u00e9nica muestra signos positivos de desacelerar la progresi\u00f3n de la enfermedad. Desafortunadamente, no es una opci\u00f3n para los Kasner Boys.<\/p>\n<p>\u00abNo detengamos la pelea porque no voy a parar incluso cuando pasen. S\u00e9 que esta es una enfermedad curable y reparable\u00bb, dijo Sarah Kasner.<\/p>\n<p>Con un futuro desconocido, los Kasners eligen amar y vivir.<\/p>\n<p>\u00abEs tan clich\u00e9, pero al igual que vivir en el momento presente con lo que tenemos\u00bb, dijo Sarah Kasner.<\/p>\n<p>Un gran recurso para los Kasners es Cureduchenne, una organizaci\u00f3n sin fines de lucro global que trabaja para financiar la investigaci\u00f3n para mejorar y extender la vida de todos los afectados por el trastorno.<\/p>\n<p>La organizaci\u00f3n tambi\u00e9n alberga convenciones cada a\u00f1o donde la familia puede conectarse con otras familias que enfrentan la misma enfermedad.<\/p>\n<p>Los Kasners comparten mucho de su viaje en l\u00ednea con su p\u00e1gina \u00abKasners Kick Duchenne\u00bb.<\/p>\n<p>    <!-- data-recirc-source=\"queryly\" --><\/p>\n<aside class=\"component list recirculation component--type-recirculation \">\n<p><h3 class=\"component__title\">M\u00e1s de CBS News<\/h3>\n<\/p>\n<\/aside>\n<p><!-- tags --><\/p>\n<div class=\"content-author\">\n<p>      Boina Leona<\/p>\n<div class=\"content-author__bio\">\n<div class=\"content-author__image\">\n<p>              <span class=\"img \"><img alt=\"web-beret-leone-1.jpg \" height=\"80\" width=\"80\" class=\" lazyload\" srcset=\"https:\/\/assets1.cbsnewsstatic.com\/hub\/i\/r\/2024\/11\/26\/57a4a41f-4c17-41aa-b461-39d7cbcf0770\/thumbnail\/80x80\/3df1647fbb059fb3ab1d4139ca68d3cd\/web-beret-leone-1.jpg?v=db3d87ba7bf4d4ff13b65eabcf0d9bea 1x, https:\/\/assets2.cbsnewsstatic.com\/hub\/i\/r\/2024\/11\/26\/57a4a41f-4c17-41aa-b461-39d7cbcf0770\/thumbnail\/160x160\/ef05936b7c5ae3fc623c78f8beea9f42\/web-beret-leone-1.jpg?v=db3d87ba7bf4d4ff13b65eabcf0d9bea 2x\"\/><\/span><\/p><\/div>\n<div class=\"content-author__full-information\">\n<p class=\"content-author__text\">Beret Leone es una nativa Minnesotan que se uni\u00f3 al equipo de WCCO como reportera en septiembre de 2022, \u00a1y est\u00e1 emocionada de estar de vuelta en casa en las Ciudades Gemelas! Beret creci\u00f3 en Chaska y se gradu\u00f3 de la Universidad de Bethel.<\/p>\n<\/p><\/div>\n<\/p><\/div>\n<\/p><\/div>\n<\/p><\/div>\n\n","protected":false},"excerpt":{"rendered":"<p>Minneapolis Padres de hijos con raras condiciones que abogan por la cura Minneapolis Padres de hijos con raras condiciones que abogan por la cura 03:49 Caleb Kasner y su hermano Duncan Kasner se mueven un poco diferente a los ni\u00f1os promedio. Los dos hermanos tienen distrofia muscular de Duchenne, un trastorno raro y heredado de &hellip;<\/p>\n","protected":false},"author":1,"featured_media":0,"comment_status":"open","ping_status":"open","sticky":false,"template":"","format":"standard","meta":{"fifu_image_url":"","fifu_image_alt":"","footnotes":""},"categories":[8],"tags":[],"class_list":["post-15306","post","type-post","status-publish","format-standard","","category-salud"],"_links":{"self":[{"href":"https:\/\/noticiasveraces.com\/index.php?rest_route=\/wp\/v2\/posts\/15306","targetHints":{"allow":["GET"]}}],"collection":[{"href":"https:\/\/noticiasveraces.com\/index.php?rest_route=\/wp\/v2\/posts"}],"about":[{"href":"https:\/\/noticiasveraces.com\/index.php?rest_route=\/wp\/v2\/types\/post"}],"author":[{"embeddable":true,"href":"https:\/\/noticiasveraces.com\/index.php?rest_route=\/wp\/v2\/users\/1"}],"replies":[{"embeddable":true,"href":"https:\/\/noticiasveraces.com\/index.php?rest_route=%2Fwp%2Fv2%2Fcomments&post=15306"}],"version-history":[{"count":0,"href":"https:\/\/noticiasveraces.com\/index.php?rest_route=\/wp\/v2\/posts\/15306\/revisions"}],"wp:attachment":[{"href":"https:\/\/noticiasveraces.com\/index.php?rest_route=%2Fwp%2Fv2%2Fmedia&parent=15306"}],"wp:term":[{"taxonomy":"category","embeddable":true,"href":"https:\/\/noticiasveraces.com\/index.php?rest_route=%2Fwp%2Fv2%2Fcategories&post=15306"},{"taxonomy":"post_tag","embeddable":true,"href":"https:\/\/noticiasveraces.com\/index.php?rest_route=%2Fwp%2Fv2%2Ftags&post=15306"}],"curies":[{"name":"wp","href":"https:\/\/api.w.org\/{rel}","templated":true}]}}