{"id":15304,"date":"2025-02-19T02:18:35","date_gmt":"2025-02-19T06:18:35","guid":{"rendered":"https:\/\/noticiasveraces.com\/?p=15304"},"modified":"2025-02-19T02:18:35","modified_gmt":"2025-02-19T06:18:35","slug":"papa-francisco-tiene-neumonia-y-presenta-cuadro-complejo-dw-18-02-2025","status":"publish","type":"post","link":"https:\/\/noticiasveraces.com\/?p=15304","title":{"rendered":"Papa Francisco Tiene Neumon\u00eda y Presenta Cuadro \u00abComplejo\u00bb &#8211; DW &#8211; 18\/02\/2025"},"content":{"rendered":"<p> \n<\/p>\n<div>\n<p>El Papa Francisco, de 88 A\u00f1os, Est\u00e1 Aquejado de Una Neumon\u00eda bilateral y a\u00fan presente un cuadro cl\u00ednico \u00abComplejo\u00bb, Anunci\u00f3 El Vaticano Este Martes (18.02.2025), en el Quinto d\u00eda de su Hospitalizaci\u00f3n.<\/p>\n<h2><strong>Interno por bronquitis, Francisco Tiene Ahora una neumon\u00eda bilateral<\/strong><\/h2>\n<p>El SUMO PONTIFICE sufre una infecciosa respiratoria desde hace m\u00e1s de una semana y fue ingresado en el hospital gemelli de roman el 14 de febrero, inicio por una bronquitis. Sus Compromisos Fueron Anulados Hasta Este Fin de Semana.<\/p>\n<p>El Vaticano indic\u00f3 en un comunicado que se a\u00f1es se le realiz\u00f3 una tomograf\u00eda computarizada de t\u00f3rax que revel\u00f3 \u00abla aparici\u00f3na de una neumon\u00eda que bilateral que requiene la terapia agr\u00edcola agr\u00edcola posterior\u00bb. Embargo del pecado, \u00abEst\u00e1 de Buen humor\u00bb, indic\u00f3 la Santa Sede en un Bolet\u00edn M\u00e9dico.<\/p>\n<p>\u00abLa Infecci\u00f3n Polimicrobiana, Ocurrida en un contexto de bronquiectasia y bronquitis asm\u00e1tica, y requisito de la uso de terapia antibi\u00f3tica con cortisona, hace que el tratamiento terap\u00e9utico mar m\u00e1s complejo\u00bb, Precis\u00f3 el comunicado.<\/p>\n<h2><strong>Papa Sigue presenteando \u00abun cuadro complejo\u00bb<\/strong><\/h2>\n<p>La neumon\u00eda es bilateral una infecciosa tumba que puede inflamar y dejar cicatrices en ambos pulmones, dificultando la respiraci\u00f3n.<\/p>\n<p>\u00abLos an\u00e1lisis de laboratorio, la radiograf\u00eda de t\u00f3rax y el estado cl\u00ednico del santo padre Siguen presenteando un cuadro complejo\u00bb, afirm\u00f3 el Vaticano.<\/p>\n<p>Un problema de los reiterados de salud de los \u00daculos A\u00f1os, entre Ellos de Cadera, Dolores en una Rodilla que obligan a Ir en Silla de Ruedas, Operaciones e infecciones respiratorias, el papa ha mantenido una cargada agenda y negra no ten\u00eda intencioni\u00f3ni\u00f3ni\u00f3ni\u00f3n de intenca De Bajar El Ritmo.<\/p>\n<p>Su hospitalizaci\u00f3n, la cuta en Menos de Cuatro A\u00f1os, ha relanzo el debate Sobre su salud, especial de porque su ingrso lllega al inicio dele\u00f1o jubilar de la iglesia cat\u00f3lica, lo que implica una una lola de eventos, muchos de -ellos de ellos de ellos elisesco.<\/p>\n<p>RR (AFP\/Reuters)<\/p>\n<\/div>\n\n","protected":false},"excerpt":{"rendered":"<p>El Papa Francisco, de 88 A\u00f1os, Est\u00e1 Aquejado de Una Neumon\u00eda bilateral y a\u00fan presente un cuadro cl\u00ednico \u00abComplejo\u00bb, Anunci\u00f3 El Vaticano Este Martes (18.02.2025), en el Quinto d\u00eda de su Hospitalizaci\u00f3n. Interno por bronquitis, Francisco Tiene Ahora una neumon\u00eda bilateral El SUMO PONTIFICE sufre una infecciosa respiratoria desde hace m\u00e1s de una semana y &hellip;<\/p>\n","protected":false},"author":1,"featured_media":15305,"comment_status":"open","ping_status":"open","sticky":false,"template":"","format":"standard","meta":{"fifu_image_url":"https:\/\/static.dw.com\/image\/71155412_6.jpg","fifu_image_alt":"","footnotes":""},"categories":[13],"tags":[],"class_list":["post-15304","post","type-post","status-publish","format-standard","has-post-thumbnail","","category-mundo"],"_links":{"self":[{"href":"https:\/\/noticiasveraces.com\/index.php?rest_route=\/wp\/v2\/posts\/15304","targetHints":{"allow":["GET"]}}],"collection":[{"href":"https:\/\/noticiasveraces.com\/index.php?rest_route=\/wp\/v2\/posts"}],"about":[{"href":"https:\/\/noticiasveraces.com\/index.php?rest_route=\/wp\/v2\/types\/post"}],"author":[{"embeddable":true,"href":"https:\/\/noticiasveraces.com\/index.php?rest_route=\/wp\/v2\/users\/1"}],"replies":[{"embeddable":true,"href":"https:\/\/noticiasveraces.com\/index.php?rest_route=%2Fwp%2Fv2%2Fcomments&post=15304"}],"version-history":[{"count":0,"href":"https:\/\/noticiasveraces.com\/index.php?rest_route=\/wp\/v2\/posts\/15304\/revisions"}],"wp:featuredmedia":[{"embeddable":true,"href":"https:\/\/noticiasveraces.com\/index.php?rest_route=\/wp\/v2\/media\/15305"}],"wp:attachment":[{"href":"https:\/\/noticiasveraces.com\/index.php?rest_route=%2Fwp%2Fv2%2Fmedia&parent=15304"}],"wp:term":[{"taxonomy":"category","embeddable":true,"href":"https:\/\/noticiasveraces.com\/index.php?rest_route=%2Fwp%2Fv2%2Fcategories&post=15304"},{"taxonomy":"post_tag","embeddable":true,"href":"https:\/\/noticiasveraces.com\/index.php?rest_route=%2Fwp%2Fv2%2Ftags&post=15304"}],"curies":[{"name":"wp","href":"https:\/\/api.w.org\/{rel}","templated":true}]}}