{"id":15278,"date":"2025-02-18T21:11:31","date_gmt":"2025-02-19T01:11:31","guid":{"rendered":"https:\/\/noticiasveraces.com\/?p=15278"},"modified":"2025-02-18T21:11:31","modified_gmt":"2025-02-19T01:11:31","slug":"el-fiscal-general-de-brasil-presenta-cargos-contra-el-ex-presidente-bolsonaro-sobre-el-supuesto-plan-de-golpe","status":"publish","type":"post","link":"https:\/\/noticiasveraces.com\/?p=15278","title":{"rendered":"El fiscal general de Brasil presenta cargos contra el ex presidente Bolsonaro sobre el supuesto plan de golpe"},"content":{"rendered":"<p> \n<\/p>\n<div>\n<p class=\"speakable\">El fiscal general de Brasil present\u00f3 el martes cargos contra el ex presidente Jair Bolsonaro por intentar un golpe de estado para permanecer en el cargo despu\u00e9s de su derrota electoral de 2022.<\/p>\n<p class=\"speakable\">El fiscal general Paulo Gonet alega que Bolsonaro y otros 33 participaron en el plan para permanecer en el poder a pesar de perder ante el actual presidente Luiz In\u00e1cio Lula da Silva.<\/p>\n<p><strong>El ex presidente de Brasil, Bolsonaro, y los asistentes acusados \u200b\u200bpor presunto intento de golpe de estado de 2022<\/strong><\/p>\n<p>En noviembre pasado, la Polic\u00eda Federal present\u00f3 un informe de 884 p\u00e1ginas con Gonet que detalla el esquema. Alegan que implic\u00f3 sembrar sistem\u00e1ticamente la desconfianza del sistema electoral entre la poblaci\u00f3n, redactando un decreto para darle a la trama una chapa de legalidad, presionando a los principales latones militares para acompa\u00f1ar el plan e incitar a un mot\u00edn en la capital.<\/p>\n<div class=\"image-ct inline\">\n<div class=\"m\"><picture><source media=\"(max-width: 767px)\" srcset=\"https:\/\/a57.foxnews.com\/static.foxnews.com\/foxnews.com\/content\/uploads\/2025\/02\/343\/192\/brazil-bolsonaro.jpg?ve=1&amp;tl=1, https:\/\/a57.foxnews.com\/static.foxnews.com\/foxnews.com\/content\/uploads\/2025\/02\/686\/384\/brazil-bolsonaro.jpg?ve=1&amp;tl=1 2x\" height=\"192\" width=\"343\"><source media=\"(min-width: 768px) and (max-width: 1023px)\" srcset=\"https:\/\/a57.foxnews.com\/static.foxnews.com\/foxnews.com\/content\/uploads\/2025\/02\/672\/378\/brazil-bolsonaro.jpg?ve=1&amp;tl=1, https:\/\/a57.foxnews.com\/static.foxnews.com\/foxnews.com\/content\/uploads\/2025\/02\/1344\/756\/brazil-bolsonaro.jpg?ve=1&amp;tl=1 2x\" height=\"378\" width=\"672\"><source media=\"(min-width: 1024px) and (max-width: 1279px)\" srcset=\"https:\/\/a57.foxnews.com\/static.foxnews.com\/foxnews.com\/content\/uploads\/2025\/02\/931\/523\/brazil-bolsonaro.jpg?ve=1&amp;tl=1, https:\/\/a57.foxnews.com\/static.foxnews.com\/foxnews.com\/content\/uploads\/2025\/02\/1862\/1046\/brazil-bolsonaro.jpg?ve=1&amp;tl=1 2x\" height=\"523\" width=\"931\"><source media=\"(min-width: 1280px)\" srcset=\"https:\/\/a57.foxnews.com\/static.foxnews.com\/foxnews.com\/content\/uploads\/2025\/02\/720\/405\/brazil-bolsonaro.jpg?ve=1&amp;tl=1, https:\/\/a57.foxnews.com\/static.foxnews.com\/foxnews.com\/content\/uploads\/2025\/02\/1440\/810\/brazil-bolsonaro.jpg?ve=1&amp;tl=1 2x\" height=\"405\" width=\"720\"><img loading=\"lazy\" decoding=\"async\" src=\"https:\/\/a57.foxnews.com\/static.foxnews.com\/foxnews.com\/content\/uploads\/2025\/02\/1200\/675\/brazil-bolsonaro.jpg?ve=1&amp;tl=1\" alt=\"Jair Bolsonaro\" width=\"1200\" height=\"675\"\/><\/source><\/source><\/source><\/source><\/picture><\/div>\n<div class=\"info\">\n<div class=\"caption\">\n<p><span>El ex presidente brasile\u00f1o Jair Bolsonaro llega a un almuerzo con senadores de su base de apoyo, en el edificio del Congreso Nacional en Brasilia, Brasil, el martes 18 de febrero de 2025. <\/span> <span>(Photo\/Eraldo Peres)<\/span><\/p>\n<\/div>\n<\/div>\n<\/div>\n<p>La Corte Suprema analizar\u00e1 los cargos y, si se acepta, Bolsonaro ser\u00e1 juzgado.<\/p>\n<p><strong><u>Haga clic aqu\u00ed para obtener la aplicaci\u00f3n Fox News<\/u><\/strong><strong> <\/strong><\/p>\n<p>El l\u00edder de extrema derecha niega irregularidades. \u00abNo tengo preocupaciones sobre las acusaciones, cero\u00bb, dijo Bolsonaro a los periodistas m\u00e1s temprano el martes durante una visita al Senado en Brasilia.<\/p>\n<p>\u00ab\u00bfHas visto el decreto de los golpes, por casualidad? No lo has hecho. Tampoco lo hice\u00bb, agreg\u00f3.<\/p>\n<p>Un abogado de Bolsonaro no respondi\u00f3 de inmediato a una solicitud de comentarios.<\/p>\n<p> <!----> <!----><\/div>\n\n","protected":false},"excerpt":{"rendered":"<p>El fiscal general de Brasil present\u00f3 el martes cargos contra el ex presidente Jair Bolsonaro por intentar un golpe de estado para permanecer en el cargo despu\u00e9s de su derrota electoral de 2022. El fiscal general Paulo Gonet alega que Bolsonaro y otros 33 participaron en el plan para permanecer en el poder a pesar &hellip;<\/p>\n","protected":false},"author":1,"featured_media":15280,"comment_status":"open","ping_status":"open","sticky":false,"template":"","format":"standard","meta":{"fifu_image_url":"https:\/\/static.foxnews.com\/foxnews.com\/content\/uploads\/2025\/02\/brazil-bolsonaro.jpg","fifu_image_alt":"","footnotes":""},"categories":[13],"tags":[],"class_list":["post-15278","post","type-post","status-publish","format-standard","has-post-thumbnail","","category-mundo"],"_links":{"self":[{"href":"https:\/\/noticiasveraces.com\/index.php?rest_route=\/wp\/v2\/posts\/15278","targetHints":{"allow":["GET"]}}],"collection":[{"href":"https:\/\/noticiasveraces.com\/index.php?rest_route=\/wp\/v2\/posts"}],"about":[{"href":"https:\/\/noticiasveraces.com\/index.php?rest_route=\/wp\/v2\/types\/post"}],"author":[{"embeddable":true,"href":"https:\/\/noticiasveraces.com\/index.php?rest_route=\/wp\/v2\/users\/1"}],"replies":[{"embeddable":true,"href":"https:\/\/noticiasveraces.com\/index.php?rest_route=%2Fwp%2Fv2%2Fcomments&post=15278"}],"version-history":[{"count":0,"href":"https:\/\/noticiasveraces.com\/index.php?rest_route=\/wp\/v2\/posts\/15278\/revisions"}],"wp:featuredmedia":[{"embeddable":true,"href":"https:\/\/noticiasveraces.com\/index.php?rest_route=\/wp\/v2\/media\/15280"}],"wp:attachment":[{"href":"https:\/\/noticiasveraces.com\/index.php?rest_route=%2Fwp%2Fv2%2Fmedia&parent=15278"}],"wp:term":[{"taxonomy":"category","embeddable":true,"href":"https:\/\/noticiasveraces.com\/index.php?rest_route=%2Fwp%2Fv2%2Fcategories&post=15278"},{"taxonomy":"post_tag","embeddable":true,"href":"https:\/\/noticiasveraces.com\/index.php?rest_route=%2Fwp%2Fv2%2Ftags&post=15278"}],"curies":[{"name":"wp","href":"https:\/\/api.w.org\/{rel}","templated":true}]}}