{"id":15272,"date":"2025-02-18T19:23:36","date_gmt":"2025-02-18T23:23:36","guid":{"rendered":"https:\/\/noticiasveraces.com\/?p=15272"},"modified":"2025-02-18T19:23:36","modified_gmt":"2025-02-18T23:23:36","slug":"las-controversias-de-emilia-perez-explicadas-mientras-la-pelicula-dirige-las-nominaciones-del-bafta-noticias-de-celebridades-showbiz-tv","status":"publish","type":"post","link":"https:\/\/noticiasveraces.com\/?p=15272","title":{"rendered":"Las controversias de Emilia P\u00e9rez explicadas mientras la pel\u00edcula dirige las nominaciones del BAFTA | Noticias de celebridades | Showbiz &#038; TV"},"content":{"rendered":"<p> \n<\/p>\n<div>\n<p>La comedia musical de Jacques Audiard, Emilia P\u00e9rez, es la principal contendiente en los Ee Bafta Film Awards de este a\u00f1o, que lideran con 12 nominaciones. A pesar de desgarrar el circuito de premios, la pel\u00edcula ha sido envuelta con mucha controversia.<\/p>\n<p>La estrella de 52 a\u00f1os, Karla Sofia Gascon, quien recientemente se convirti\u00f3 en la primera persona trans en ser nominada para un Oscar por su actuaci\u00f3n en la pel\u00edcula, actualmente mantiene un perfil bajo despu\u00e9s de que se han vuelto a hacer tweets inflamatorios de 2016-2020.<\/p>\n<p>Adem\u00e1s, muchos cr\u00edticos latinoamericanos han estado hablando en contra de la pel\u00edcula, con su representaci\u00f3n de M\u00e9xico avivando las cr\u00edticas generalizadas.<\/p>\n<p>Hemos lanzado una profundidad de inmersi\u00f3n en todos los problemas que rodean la pel\u00edcula de historia, muy nominada y lo que podr\u00eda significar para los premios de la Academia.<\/p>\n<p><strong>\u00bfDe qu\u00e9 se trata la pel\u00edcula? <\/strong><\/p>\n<p>Emilia P\u00e9rez es una comedia musical divisiva sobre un jefe del cartel mexicano que desaparece del inframundo criminal para crear una nueva vida como mujer.<\/p>\n<\/div>\n<div>\n<p>Pero cuando su amor por sus hijos demuestra demasiado, se vuelve a interrogarse en sus vidas, haci\u00e9ndose pasar por un pariente lejano. La pel\u00edcula est\u00e1 protagonizada por Karla Sof\u00eda Gasc\u00f3n, Zoe Salda\u00f1a y Selena Gomez, y se puede transmitir en Netflix.<\/p>\n<p><strong>\u00bfQu\u00e9 tuit\u00f3 Karla Sof\u00eda Gasc\u00f3n? <\/strong><\/p>\n<p>Despu\u00e9s de que la pel\u00edcula gan\u00f3 prominencia, muchos viejos tweets inflamatorios escritos por Karla resurgieron en l\u00ednea. Ella ha sido criticada por publicaciones controvertidas sobre el asesinato de George Floyd, la comunidad musulmana y la diversidad en los Oscar.<\/p>\n<p>Pero la estrella de cine ha insistido en que \u00abno es la misma persona\u00bb que sol\u00eda ser. Despu\u00e9s de un alboroto generalizado, Karla acudi\u00f3 a Instagram para expresar su arrepentimiento y aclarar su posici\u00f3n.<\/p>\n<p>En una publicaci\u00f3n escrita en espa\u00f1ol, escribi\u00f3: \u00abYa ganaron. Lo primero que me gustar\u00eda hacer es pedir el perd\u00f3n m\u00e1s sincero de aquellos que se sienten mal por la forma en que me he expresado en cualquier etapa de mi vida. . Tengo muchas cosas que aprender en este mundo [in which I learn] son mi mayor defecto. La vida me ha ense\u00f1ado algo que nunca quise aprender: est\u00e1 claro para m\u00ed que no importa cu\u00e1nto mi mensaje sea mi mensaje, sin usar las palabras adecuadas, [the message] puede convertir en otro. (sic)\u00bb<\/p>\n<\/div>\n<div>\n<p><strong>Respuesta del elenco y la tripulaci\u00f3n<\/strong><\/p>\n<p>La directora de &#8216;Emilia P\u00e9rez&#8217;, Jacques Audiard, etiquet\u00f3 los comentarios anteriores de Karla \u00abinexcusables\u00bb y dijo que no quer\u00eda hablar con ella.<\/p>\n<p>Seg\u00fan los informes, le dijo a Deadline: \u00abNo he hablado con ella y no quiero. Ella est\u00e1 adoptando un enfoque autodestructivo con el que no puedo interferir, y realmente no entiendo por qu\u00e9 contin\u00faa. [&#8230;]<u\/><u\/><\/p>\n<p>\u00abEstoy pensando en c\u00f3mo est\u00e1 lastimando a los dem\u00e1s, a la tripulaci\u00f3n y a todas estas personas que trabajaron tan incre\u00edblemente en esta pel\u00edcula. Estoy pensando en m\u00ed mismo, estoy pensando en Zoe [Salda\u00f1a] y Selena [Gomez]. Simplemente no entiendo por qu\u00e9 ella contin\u00faa da\u00f1ando \u00ab. <u\/><u\/><\/p>\n<p>Mientras tanto, Selena ha confesado \u00abque parte de la magia ha desaparecido\u00bb despu\u00e9s de los tweets de Karla.<\/p>\n<\/div>\n<div>\n<p><strong>Quejas de mexicanos y figuras de la industria <\/strong><\/p>\n<p>La pel\u00edcula tambi\u00e9n ha sido criticada por su representaci\u00f3n de M\u00e9xico. El musical en espa\u00f1ol, que se filma principalmente en Francia, representa la violencia relacionada con las drogas y el crimen, pero han surgido preguntas sobre por qu\u00e9 m\u00e1s personas mexicanas estuvieron involucradas en la pel\u00edcula.<\/p>\n<p>El guionista mexicano H\u00e9ctor Guill\u00e9n critic\u00f3 la producci\u00f3n en una serie de tweets en l\u00ednea, publicando uno que dice: \u00abM\u00e9xico odia a Emilia P\u00e9rez\/\u00bb Macetas racistas del euro centrista \u00ab\/ casi 500k muerto y Francia decide hacer un musical\u00bb.<\/p>\n<p>Le dijo a la BBC: \u00abHay una guerra contra las drogas, casi 500,000 muertes [since 2006] y 100,000 desaparecidos en el pa\u00eds. Todav\u00eda estamos inmersos en la violencia en algunas \u00e1reas. Est\u00e1s tomando uno de los temas m\u00e1s dif\u00edciles del pa\u00eds, pero no es solo cualquier pel\u00edcula, es una \u00f3pera. Es un musical.<\/p>\n<p>\u00abEntonces, para nosotros y muchos activistas, es como si estuvieras jugando con una de las guerras m\u00e1s grandes del pa\u00eds desde la revoluci\u00f3n [in the early 20th Century]. Parte de la trama se trata de buscar a las madres de los desaparecidos [searching for their children]: Uno de los grupos m\u00e1s vulnerables en M\u00e9xico \u00ab.<\/p>\n<p><strong>\u00bfQu\u00e9 significa esto para los Oscar? <\/strong><\/p>\n<p>El musical tambi\u00e9n es el principal contendiente en los Premios de la Academia, pero \u00bfc\u00f3mo afectar\u00e1n las acciones de Karla Sof\u00eda Gasc\u00f3n? Es probable que Zoe Salda\u00f1a recogiera un gong, pero la pel\u00edcula recientemente se fue a casa con las manos vac\u00edas en los Premios DGA. Todo disminuir\u00e1 despu\u00e9s de los Baftas este domingo.<\/p>\n<p><em>El EE BAFTA Film Awards se transmite en BBC One el domingo 16 de septiembre. <\/em><\/p>\n<\/div>\n\n","protected":false},"excerpt":{"rendered":"<p>La comedia musical de Jacques Audiard, Emilia P\u00e9rez, es la principal contendiente en los Ee Bafta Film Awards de este a\u00f1o, que lideran con 12 nominaciones. A pesar de desgarrar el circuito de premios, la pel\u00edcula ha sido envuelta con mucha controversia. La estrella de 52 a\u00f1os, Karla Sofia Gascon, quien recientemente se convirti\u00f3 en &hellip;<\/p>\n","protected":false},"author":1,"featured_media":15273,"comment_status":"open","ping_status":"open","sticky":false,"template":"","format":"standard","meta":{"fifu_image_url":"https:\/\/cdn.images.express.co.uk\/img\/dynamic\/79\/1200x630\/5954505.jpg","fifu_image_alt":"","footnotes":""},"categories":[765],"tags":[],"class_list":["post-15272","post","type-post","status-publish","format-standard","has-post-thumbnail","","category-peliculas"],"_links":{"self":[{"href":"https:\/\/noticiasveraces.com\/index.php?rest_route=\/wp\/v2\/posts\/15272","targetHints":{"allow":["GET"]}}],"collection":[{"href":"https:\/\/noticiasveraces.com\/index.php?rest_route=\/wp\/v2\/posts"}],"about":[{"href":"https:\/\/noticiasveraces.com\/index.php?rest_route=\/wp\/v2\/types\/post"}],"author":[{"embeddable":true,"href":"https:\/\/noticiasveraces.com\/index.php?rest_route=\/wp\/v2\/users\/1"}],"replies":[{"embeddable":true,"href":"https:\/\/noticiasveraces.com\/index.php?rest_route=%2Fwp%2Fv2%2Fcomments&post=15272"}],"version-history":[{"count":0,"href":"https:\/\/noticiasveraces.com\/index.php?rest_route=\/wp\/v2\/posts\/15272\/revisions"}],"wp:featuredmedia":[{"embeddable":true,"href":"https:\/\/noticiasveraces.com\/index.php?rest_route=\/wp\/v2\/media\/15273"}],"wp:attachment":[{"href":"https:\/\/noticiasveraces.com\/index.php?rest_route=%2Fwp%2Fv2%2Fmedia&parent=15272"}],"wp:term":[{"taxonomy":"category","embeddable":true,"href":"https:\/\/noticiasveraces.com\/index.php?rest_route=%2Fwp%2Fv2%2Fcategories&post=15272"},{"taxonomy":"post_tag","embeddable":true,"href":"https:\/\/noticiasveraces.com\/index.php?rest_route=%2Fwp%2Fv2%2Ftags&post=15272"}],"curies":[{"name":"wp","href":"https:\/\/api.w.org\/{rel}","templated":true}]}}